{"id":117274,"date":"2022-10-13T00:48:58","date_gmt":"2022-10-13T03:48:58","guid":{"rendered":"https:\/\/www.elsindical.com.ar\/notas\/?p=117274"},"modified":"2022-10-13T00:48:59","modified_gmt":"2022-10-13T03:48:59","slug":"se-recrudece-el-conflicto-entre-las-farmacias-platenses-y-osde","status":"publish","type":"post","link":"https:\/\/www.elsindical.com.ar\/notas\/se-recrudece-el-conflicto-entre-las-farmacias-platenses-y-osde\/","title":{"rendered":"Se recrudece el conflicto entre las farmacias platenses y OSDE"},"content":{"rendered":"<div class=\"wp-block-image\">\n<figure class=\"aligncenter size-full\"><a href=\"https:\/\/www.elsindical.com.ar\/notas\/var\/www\/html\/notas\/wp-content\/uploads\/2017\/01\/Logo-OSDE.jpg\"><img loading=\"lazy\" decoding=\"async\" width=\"531\" height=\"334\" src=\"https:\/\/www.elsindical.com.ar\/notas\/var\/www\/html\/notas\/wp-content\/uploads\/2017\/01\/Logo-OSDE.jpg\" alt=\"\" class=\"wp-image-65090\" srcset=\"https:\/\/www.elsindical.com.ar\/notas\/var\/www\/html\/notas\/wp-content\/uploads\/2017\/01\/Logo-OSDE.jpg 531w, https:\/\/www.elsindical.com.ar\/notas\/var\/www\/html\/notas\/wp-content\/uploads\/2017\/01\/Logo-OSDE-300x189.jpg 300w, https:\/\/www.elsindical.com.ar\/notas\/var\/www\/html\/notas\/wp-content\/uploads\/2017\/01\/Logo-OSDE-477x300.jpg 477w\" sizes=\"auto, (max-width: 531px) 100vw, 531px\" \/><\/a><\/figure>\n<\/div>\n\n\n<p>Unas 100 farmacias platenses prestadoras de la empresa OSDE alertaron que la relaci\u00f3n con la obra social se encuentra en un punto insostenible que puede llevar a que los beneficiarios de la prepaga queden sin cobertura.<\/p>\n\n\n\n<p>El conflicto con OSDE y la red de farmacias prestadoras viene escalando desde hace meses cuando la prepaga de manera arbitraria y unilateral decidi\u00f3 aumentar la bonificaci\u00f3n que la obra social tiene sobre cada dispensa lo que pone en jaque la situaci\u00f3n financiera de los establecimientos platenses.<\/p>\n\n\n\n<p>En una reuni\u00f3n realizada en las \u00faltimas horas los farmac\u00e9uticos denunciaron que OSDE ha estado presionando a farmacias con las que tiene convenios hace m\u00e1s de 25 a\u00f1os para que acepten las nuevas condiciones o dejen de ser prestadoras. \u00abA la empresa no le importan los asociados, pero nosotros tenemos un v\u00ednculo con ellos, hemos visto formarse familias, nacer los ni\u00f1os, acompa\u00f1amos en tratamientos. Para nosotros son pacientes, amigos, vecinos y para la prepaga un n\u00famero m\u00e1s entre sus afiliados\u00bb describieron.<\/p>\n\n\n\n<p>\u00abNo entendemos porque despu\u00e9s de tantos a\u00f1os OSDE cambia las reglas de juego y presiona a las farmacias\u00bb aseguraron los farmac\u00e9uticos al tiempo que agregaron \u00abvarios colegas ya fueron notificados de que no podr\u00e1n seguir atendiendo a la obra social por el s\u00f3lo hecho de pedir explicaciones\u00bb.<\/p>\n\n\n\n<p>Por este motivo poco a poco los afiliados a OSDE comienzan a tener menos lugares de dispensa ya que esta empresa no se rige por la universalizaci\u00f3n de la prestaci\u00f3n y de las 300 farmacias platenses solo un grupo trabaja con la empresa.<\/p>\n\n\n\n<p>En este punto los farmac\u00e9uticos piden una mesa de di\u00e1logo para negociar los convenios de manera conjunta, que se dejen de efectuar llamados intimidatorios a los farmac\u00e9uticos y que se piense en el rol sanitario y no solo en la conveniencia de la empresa.<\/p>\n","protected":false},"excerpt":{"rendered":"<p>Unas 100 farmacias platenses prestadoras de la empresa OSDE alertaron que la relaci\u00f3n con la obra social se encuentra en un punto insostenible que puede llevar a que los beneficiarios de la prepaga queden sin cobertura. El conflicto con OSDE y la red de farmacias prestadoras viene escalando desde hace meses cuando la prepaga de&hellip;<\/p>\n","protected":false},"author":1,"featured_media":65090,"comment_status":"open","ping_status":"open","sticky":false,"template":"","format":"standard","meta":{"footnotes":""},"categories":[16],"tags":[436,2450,9566,3070],"class_list":["post-117274","post","type-post","status-publish","format-standard","has-post-thumbnail","hentry","category-gremiales","tag-conflicto","tag-diario-el-sindical","tag-farmacias","tag-osde"],"_links":{"self":[{"href":"https:\/\/www.elsindical.com.ar\/notas\/wp-json\/wp\/v2\/posts\/117274","targetHints":{"allow":["GET"]}}],"collection":[{"href":"https:\/\/www.elsindical.com.ar\/notas\/wp-json\/wp\/v2\/posts"}],"about":[{"href":"https:\/\/www.elsindical.com.ar\/notas\/wp-json\/wp\/v2\/types\/post"}],"author":[{"embeddable":true,"href":"https:\/\/www.elsindical.com.ar\/notas\/wp-json\/wp\/v2\/users\/1"}],"replies":[{"embeddable":true,"href":"https:\/\/www.elsindical.com.ar\/notas\/wp-json\/wp\/v2\/comments?post=117274"}],"version-history":[{"count":1,"href":"https:\/\/www.elsindical.com.ar\/notas\/wp-json\/wp\/v2\/posts\/117274\/revisions"}],"predecessor-version":[{"id":117275,"href":"https:\/\/www.elsindical.com.ar\/notas\/wp-json\/wp\/v2\/posts\/117274\/revisions\/117275"}],"wp:featuredmedia":[{"embeddable":true,"href":"https:\/\/www.elsindical.com.ar\/notas\/wp-json\/wp\/v2\/media\/65090"}],"wp:attachment":[{"href":"https:\/\/www.elsindical.com.ar\/notas\/wp-json\/wp\/v2\/media?parent=117274"}],"wp:term":[{"taxonomy":"category","embeddable":true,"href":"https:\/\/www.elsindical.com.ar\/notas\/wp-json\/wp\/v2\/categories?post=117274"},{"taxonomy":"post_tag","embeddable":true,"href":"https:\/\/www.elsindical.com.ar\/notas\/wp-json\/wp\/v2\/tags?post=117274"}],"curies":[{"name":"wp","href":"https:\/\/api.w.org\/{rel}","templated":true}]}}