{"id":117256,"date":"2022-10-12T09:10:52","date_gmt":"2022-10-12T12:10:52","guid":{"rendered":"https:\/\/www.elsindical.com.ar\/notas\/?p=117256"},"modified":"2022-10-12T09:10:52","modified_gmt":"2022-10-12T12:10:52","slug":"avellaneda-tuvo-una-gran-actuacion-en-los-juegos-bonaerenses","status":"publish","type":"post","link":"https:\/\/www.elsindical.com.ar\/notas\/avellaneda-tuvo-una-gran-actuacion-en-los-juegos-bonaerenses\/","title":{"rendered":"Avellaneda tuvo una gran actuaci\u00f3n en los Juegos Bonaerenses"},"content":{"rendered":"<div class=\"wp-block-image\">\n<figure class=\"aligncenter size-full\"><a href=\"https:\/\/www.elsindical.com.ar\/notas\/var\/www\/html\/notas\/wp-content\/uploads\/2022\/10\/representantes-juegos-bonaerenses.jpg\"><img loading=\"lazy\" decoding=\"async\" width=\"960\" height=\"639\" src=\"https:\/\/www.elsindical.com.ar\/notas\/var\/www\/html\/notas\/wp-content\/uploads\/2022\/10\/representantes-juegos-bonaerenses.jpg\" alt=\"\" class=\"wp-image-117257\" srcset=\"https:\/\/www.elsindical.com.ar\/notas\/var\/www\/html\/notas\/wp-content\/uploads\/2022\/10\/representantes-juegos-bonaerenses.jpg 960w, https:\/\/www.elsindical.com.ar\/notas\/var\/www\/html\/notas\/wp-content\/uploads\/2022\/10\/representantes-juegos-bonaerenses-300x200.jpg 300w, https:\/\/www.elsindical.com.ar\/notas\/var\/www\/html\/notas\/wp-content\/uploads\/2022\/10\/representantes-juegos-bonaerenses-768x511.jpg 768w, https:\/\/www.elsindical.com.ar\/notas\/var\/www\/html\/notas\/wp-content\/uploads\/2022\/10\/representantes-juegos-bonaerenses-451x300.jpg 451w\" sizes=\"auto, (max-width: 960px) 100vw, 960px\" \/><\/a><\/figure>\n<\/div>\n\n\n<p>La delegaci\u00f3n de casi 200 representantes de Avellaneda que compiti\u00f3 en las finales de los Juegos Bonaerenses 2022 que se disputaron en Mar del Plata obtuvo grandes resultados para la ciudad.<\/p>\n\n\n\n<p>En las distintas disciplinas deportivas y culturales para j\u00f3venes y tercera edad<strong>, Avellaneda consigui\u00f3 18 medallas doradas<\/strong> y gracias a estos resultados se coloc\u00f3 en el 10\u00b0 lugar en el medallero general entre los 135 municipios participantes.<\/p>\n\n\n\n<p>El intendente Alejo Chornobroff visit\u00f3 a la delegaci\u00f3n durante una de las jornadas y observ\u00f3 varias disciplinas. Asimismo, el secretario de Deportes, Sebasti\u00e1n Vidal y los subsecretarios de Cultura,<strong> Federico Bonaldi<\/strong> y la de Tercera de Edad,<strong> Irene Rojas<\/strong>, junto a los equipos y profesores de dichas \u00e1reas, acompa\u00f1aron a lxs representantes locales durante toda la semana de estas Finales.<\/p>\n\n\n\n<p>Avellaneda consigui\u00f3 las medallas doradas en Salto en Alto (sub 14), Velocidad libre (sub 14), 100 mts. masculino (sub 18); Lanzamiento de martillo masculino (sub 16); Taekwondo femenino, m\u00e1s de 59 kg (sub 14); Nataci\u00f3n femenina 50 mts libres (sub 14); Nataci\u00f3n para personas con discapacidad: 25 mts libres masculinos (sub 16), 50 mts. libres femeninos (+ 17 S10), 50 mts. libres femeninos (+17 S8), 50 mts. libres masculinos (+17); Nataci\u00f3n universitarios masculinos 100 mts libres; Nataci\u00f3n universitarios femeniono 100 mts. libres; Skate sub 18 masculino; Gimnasia Art\u00edstica femenina sub 15; Cestoball sub 14 femenino; Solista vocal sub 15 libre.<\/p>\n\n\n\n<p>Asimismo obtuvo medallas de plata en Atletismo, <strong>Taekwondo, Nataci\u00f3n, Handball y Literatura, y medallas de bronce en F\u00fatbol 11 femenino y Nataci\u00f3n para personas con discapacidad.&nbsp;<\/strong><\/p>\n","protected":false},"excerpt":{"rendered":"<p>La delegaci\u00f3n de casi 200 representantes de Avellaneda que compiti\u00f3 en las finales de los Juegos Bonaerenses 2022 que se disputaron en Mar del Plata obtuvo grandes resultados para la ciudad. En las distintas disciplinas deportivas y culturales para j\u00f3venes y tercera edad, Avellaneda consigui\u00f3 18 medallas doradas y gracias a estos resultados se coloc\u00f3&hellip;<\/p>\n","protected":false},"author":1,"featured_media":117257,"comment_status":"open","ping_status":"open","sticky":false,"template":"","format":"standard","meta":{"footnotes":""},"categories":[7],"tags":[30014,461,2450,38421,38422,9613,34567],"class_list":["post-117256","post","type-post","status-publish","format-standard","has-post-thumbnail","hentry","category-deportes","tag-alejo-chornobroff","tag-avellaneda","tag-diario-el-sindical","tag-federico-bonaldi","tag-irene-rojas","tag-medallas","tag-sebastian-vidal"],"_links":{"self":[{"href":"https:\/\/www.elsindical.com.ar\/notas\/wp-json\/wp\/v2\/posts\/117256","targetHints":{"allow":["GET"]}}],"collection":[{"href":"https:\/\/www.elsindical.com.ar\/notas\/wp-json\/wp\/v2\/posts"}],"about":[{"href":"https:\/\/www.elsindical.com.ar\/notas\/wp-json\/wp\/v2\/types\/post"}],"author":[{"embeddable":true,"href":"https:\/\/www.elsindical.com.ar\/notas\/wp-json\/wp\/v2\/users\/1"}],"replies":[{"embeddable":true,"href":"https:\/\/www.elsindical.com.ar\/notas\/wp-json\/wp\/v2\/comments?post=117256"}],"version-history":[{"count":1,"href":"https:\/\/www.elsindical.com.ar\/notas\/wp-json\/wp\/v2\/posts\/117256\/revisions"}],"predecessor-version":[{"id":117258,"href":"https:\/\/www.elsindical.com.ar\/notas\/wp-json\/wp\/v2\/posts\/117256\/revisions\/117258"}],"wp:featuredmedia":[{"embeddable":true,"href":"https:\/\/www.elsindical.com.ar\/notas\/wp-json\/wp\/v2\/media\/117257"}],"wp:attachment":[{"href":"https:\/\/www.elsindical.com.ar\/notas\/wp-json\/wp\/v2\/media?parent=117256"}],"wp:term":[{"taxonomy":"category","embeddable":true,"href":"https:\/\/www.elsindical.com.ar\/notas\/wp-json\/wp\/v2\/categories?post=117256"},{"taxonomy":"post_tag","embeddable":true,"href":"https:\/\/www.elsindical.com.ar\/notas\/wp-json\/wp\/v2\/tags?post=117256"}],"curies":[{"name":"wp","href":"https:\/\/api.w.org\/{rel}","templated":true}]}}