{"id":117195,"date":"2022-10-08T14:40:20","date_gmt":"2022-10-08T17:40:20","guid":{"rendered":"https:\/\/www.elsindical.com.ar\/notas\/?p=117195"},"modified":"2022-10-08T14:40:21","modified_gmt":"2022-10-08T17:40:21","slug":"la-corte-suprema-de-la-nacion-debera-decidir-sobre-la-vacancia-en-la-defensoria-del-pueblo-que-ya-lleva-13-anos","status":"publish","type":"post","link":"https:\/\/www.elsindical.com.ar\/notas\/la-corte-suprema-de-la-nacion-debera-decidir-sobre-la-vacancia-en-la-defensoria-del-pueblo-que-ya-lleva-13-anos\/","title":{"rendered":"La Corte Suprema de la Naci\u00f3n deber\u00e1 decidir sobre la vacancia en la Defensor\u00eda del Pueblo, que ya lleva 13 a\u00f1os"},"content":{"rendered":"\n<figure class=\"wp-block-image size-full\"><a href=\"https:\/\/www.elsindical.com.ar\/notas\/var\/www\/html\/notas\/wp-content\/uploads\/2022\/10\/vacancia-defensoria-del-Pueblo-de-la-Nacion.jpg\"><img loading=\"lazy\" decoding=\"async\" width=\"1024\" height=\"576\" src=\"https:\/\/www.elsindical.com.ar\/notas\/var\/www\/html\/notas\/wp-content\/uploads\/2022\/10\/vacancia-defensoria-del-Pueblo-de-la-Nacion.jpg\" alt=\"\" class=\"wp-image-117196\" srcset=\"https:\/\/www.elsindical.com.ar\/notas\/var\/www\/html\/notas\/wp-content\/uploads\/2022\/10\/vacancia-defensoria-del-Pueblo-de-la-Nacion.jpg 1024w, https:\/\/www.elsindical.com.ar\/notas\/var\/www\/html\/notas\/wp-content\/uploads\/2022\/10\/vacancia-defensoria-del-Pueblo-de-la-Nacion-300x169.jpg 300w, https:\/\/www.elsindical.com.ar\/notas\/var\/www\/html\/notas\/wp-content\/uploads\/2022\/10\/vacancia-defensoria-del-Pueblo-de-la-Nacion-768x432.jpg 768w, https:\/\/www.elsindical.com.ar\/notas\/var\/www\/html\/notas\/wp-content\/uploads\/2022\/10\/vacancia-defensoria-del-Pueblo-de-la-Nacion-500x281.jpg 500w, https:\/\/www.elsindical.com.ar\/notas\/var\/www\/html\/notas\/wp-content\/uploads\/2022\/10\/vacancia-defensoria-del-Pueblo-de-la-Nacion-460x260.jpg 460w\" sizes=\"auto, (max-width: 1024px) 100vw, 1024px\" \/><\/a><\/figure>\n\n\n\n<p>En una causa iniciada por ACIJ, ADC, FARN, Fundaci\u00f3n Sur, INECIP y Poder Ciudadano en la que ya hay una <strong>sentencia firme declarando que el Poder Legislativo est\u00e1 incurriendo en una \u201comisi\u00f3n inconstitucional\u201d<\/strong>, las organizaciones actoras requerimos a la Corte Suprema de Justicia de la Naci\u00f3n que ordene al Congreso dar comienzo el procedimiento de selecci\u00f3n de un\/a Defensor\/a del Pueblo de la Naci\u00f3n. Dado que dicho recurso fue declarado admisible, el m\u00e1ximo tribunal de justicia deber\u00e1 resolver si corresponde al Poder Judicial establecer medidas que reviertan la situaci\u00f3n de acefal\u00eda en la Defensor\u00eda del Pueblo de la Naci\u00f3n, que ya lleva 13 a\u00f1os.<\/p>\n\n\n\n<p>En el marco de dicha causa, se encuentra vigente una sentencia que exhorta al Poder Legislativo \u201cal cumplimiento de la obligaci\u00f3n de designar Defensor del Pueblo seg\u00fan lo previsto en el art. 86 de la Constituci\u00f3n Nacional\u201d. Sin embargo, la C\u00e1mara de Apelaciones sostuvo que dicha sentencia -que <strong>se encuentra incumplida por el Congreso desde el a\u00f1o 2016<\/strong>\u2013 no era ejecutable, por lo cual no se podr\u00edan establecer medidas para obligar al Congreso a cumplirla. Contra esta sentencia, las organizaciones presentamos un recurso extraordinario federal a fin de que la Corte intervenga en el caso.&nbsp;<\/p>\n\n\n\n<p>La Defensor\u00eda del Pueblo de la Naci\u00f3n es una figura fundamental en nuestro sistema de defensa de los derechos humanos, en el control de los actos de gobierno y ejerciendo como canal de comunicaci\u00f3n entre el Estado y la sociedad. Sin embargo, <strong>el cargo que deber\u00eda ocupar su titular lleva m\u00e1s de 13 a\u00f1os vacante, en un contexto en el que el 37,3% de la poblaci\u00f3n se encuentra por debajo de la l\u00ednea de pobreza, y siguen siendo notorias las debilidades de nuestro sistema institucional para garantizar el acceso igualitario a los servicios p\u00fablicos, a la salud, a la vivienda, a la justicia<\/strong>, entre otros.&nbsp;<\/p>\n\n\n\n<p>Esperamos que la Corte Suprema ejerza las facultades y herramientas con las que cuenta a fin de lograr que el Congreso cumpla su obligaci\u00f3n constitucional de elegir una Defensora o Defensor del Pueblo, que garantice el derecho de las personas, particularmente de los grupos tradicionalmente vulnerabilizados. A su vez, la importancia del caso <strong>amerita que la Corte Suprema abra una instancia de audiencias p\u00fablicas para que las personas interesadas, especialistas y activistas puedan expresar sus opiniones<\/strong>.<\/p>\n\n\n\n<p>El rol de la Corte en este caso, no es suplantar la voluntad del Congreso de la Naci\u00f3n, pero s\u00ed exigir que <strong>realice las acciones que sean necesarias para revertir la omisi\u00f3n inconstitucional de ambas C\u00e1maras<\/strong>, estableciendo directivas precisas respecto a las acciones que debe realizar el \u00f3rgano legislativo.<\/p>\n\n\n\n<p><strong>Organizaciones actoras<\/strong>:<br>\u2013 Asociaci\u00f3n Civil por la Igualdad y la Justicia (ACIJ)<br>\u2013 Asociaci\u00f3n por los Derechos Civiles (ADC)<br>\u2013 Fundaci\u00f3n Ambiente y Recursos Naturales (FARN)<br>\u2013 Fundaci\u00f3n Sur Argentina<br>\u2013 Instituto de Estudios Comparados en Ciencias Penales y Sociales (INECIP)<br>\u2013 Poder Ciudadano<\/p>\n","protected":false},"excerpt":{"rendered":"<p>En una causa iniciada por ACIJ, ADC, FARN, Fundaci\u00f3n Sur, INECIP y Poder Ciudadano en la que ya hay una sentencia firme declarando que el Poder Legislativo est\u00e1 incurriendo en una \u201comisi\u00f3n inconstitucional\u201d, las organizaciones actoras requerimos a la Corte Suprema de Justicia de la Naci\u00f3n que ordene al Congreso dar comienzo el procedimiento de&hellip;<\/p>\n","protected":false},"author":1,"featured_media":117196,"comment_status":"open","ping_status":"open","sticky":false,"template":"","format":"standard","meta":{"footnotes":""},"categories":[20],"tags":[17751,38394,7839,5824,2450,19803,38395,38396,17752],"class_list":["post-117195","post","type-post","status-publish","format-standard","has-post-thumbnail","hentry","category-judiciales","tag-acij","tag-adc","tag-corte-suprema-de-la-nacion","tag-defensoria-del-pueblo","tag-diario-el-sindical","tag-farn","tag-fundacion-sur","tag-inecip","tag-poder-ciudadano"],"_links":{"self":[{"href":"https:\/\/www.elsindical.com.ar\/notas\/wp-json\/wp\/v2\/posts\/117195","targetHints":{"allow":["GET"]}}],"collection":[{"href":"https:\/\/www.elsindical.com.ar\/notas\/wp-json\/wp\/v2\/posts"}],"about":[{"href":"https:\/\/www.elsindical.com.ar\/notas\/wp-json\/wp\/v2\/types\/post"}],"author":[{"embeddable":true,"href":"https:\/\/www.elsindical.com.ar\/notas\/wp-json\/wp\/v2\/users\/1"}],"replies":[{"embeddable":true,"href":"https:\/\/www.elsindical.com.ar\/notas\/wp-json\/wp\/v2\/comments?post=117195"}],"version-history":[{"count":1,"href":"https:\/\/www.elsindical.com.ar\/notas\/wp-json\/wp\/v2\/posts\/117195\/revisions"}],"predecessor-version":[{"id":117197,"href":"https:\/\/www.elsindical.com.ar\/notas\/wp-json\/wp\/v2\/posts\/117195\/revisions\/117197"}],"wp:featuredmedia":[{"embeddable":true,"href":"https:\/\/www.elsindical.com.ar\/notas\/wp-json\/wp\/v2\/media\/117196"}],"wp:attachment":[{"href":"https:\/\/www.elsindical.com.ar\/notas\/wp-json\/wp\/v2\/media?parent=117195"}],"wp:term":[{"taxonomy":"category","embeddable":true,"href":"https:\/\/www.elsindical.com.ar\/notas\/wp-json\/wp\/v2\/categories?post=117195"},{"taxonomy":"post_tag","embeddable":true,"href":"https:\/\/www.elsindical.com.ar\/notas\/wp-json\/wp\/v2\/tags?post=117195"}],"curies":[{"name":"wp","href":"https:\/\/api.w.org\/{rel}","templated":true}]}}