{"id":117179,"date":"2022-10-07T01:25:52","date_gmt":"2022-10-07T04:25:52","guid":{"rendered":"https:\/\/www.elsindical.com.ar\/notas\/?p=117179"},"modified":"2022-10-07T01:25:53","modified_gmt":"2022-10-07T04:25:53","slug":"alertan-por-el-aumento-del-precio-de-los-medicamentos","status":"publish","type":"post","link":"https:\/\/www.elsindical.com.ar\/notas\/alertan-por-el-aumento-del-precio-de-los-medicamentos\/","title":{"rendered":"Alertan por el aumento del precio de los medicamentos"},"content":{"rendered":"<div class=\"wp-block-image\">\n<figure class=\"aligncenter size-full\"><a href=\"https:\/\/www.elsindical.com.ar\/notas\/var\/www\/html\/notas\/wp-content\/uploads\/2019\/09\/medicamentos-gen\u00e9ricos.jpg\"><img loading=\"lazy\" decoding=\"async\" width=\"645\" height=\"429\" src=\"https:\/\/www.elsindical.com.ar\/notas\/var\/www\/html\/notas\/wp-content\/uploads\/2019\/09\/medicamentos-gen\u00e9ricos.jpg\" alt=\"\" class=\"wp-image-90065\" srcset=\"https:\/\/www.elsindical.com.ar\/notas\/var\/www\/html\/notas\/wp-content\/uploads\/2019\/09\/medicamentos-gen\u00e9ricos.jpg 645w, https:\/\/www.elsindical.com.ar\/notas\/var\/www\/html\/notas\/wp-content\/uploads\/2019\/09\/medicamentos-gen\u00e9ricos-300x200.jpg 300w, https:\/\/www.elsindical.com.ar\/notas\/var\/www\/html\/notas\/wp-content\/uploads\/2019\/09\/medicamentos-gen\u00e9ricos-451x300.jpg 451w\" sizes=\"auto, (max-width: 645px) 100vw, 645px\" \/><\/a><\/figure>\n<\/div>\n\n\n<p>Un informe del Observatorio de Costos de la Salud de la Uni\u00f3n Argentina de Salud (UAS), revel\u00f3 que durante el segundo cuatrimestre se <strong>detectaron incrementos de hasta el 50% en medicamentos<\/strong>, un indicador que duplica el nivel de la inflaci\u00f3n general que en ese per\u00edodo alcanz\u00f3 a 24,8%.<\/p>\n\n\n\n<p>De este modo, la entidad que nuclea a empresas de medicina prepaga alert\u00f3 por el impacto econ\u00f3mico que tienen en el sistema privado aquellas drogas que alcanzan cifras millonarias por cada tratamiento y se\u00f1al\u00f3 que se registraron \u201cfuertes subas en los precios de los medicamentos durante el segundo cuatrimestre de 2022, con una <strong>notable aceleraci\u00f3n respecto del per\u00edodo anterior<\/strong>\u201d.<\/p>\n\n\n\n<p>\u201cHubo <strong>picos de hasta 50% en los insumos para internaciones<\/strong>, y tambi\u00e9n alzas por encima de la inflaci\u00f3n en los remedios de alto costo que pueden generarle gastos millonarios a obras sociales y prepagas por cada tratamiento\u201d, se\u00f1al\u00f3 el organismo.<\/p>\n\n\n\n<p>Seg\u00fan la entidad, se observ\u00f3 que aquellos que habitualmente son usados para internaciones tuvieron las mayores subas, llegando al 32% en promedio durante el cuatrimestre mayo-agosto de este a\u00f1o. En tanto, <strong>los sueros se encarecieron 50% y los productos de contraste, 45%.<\/strong><\/p>\n\n\n\n<p>En tanto que los descartables -un insumo clave en el sector- <strong>quedaron apenas por debajo de la media<\/strong>, pero aun as\u00ed superaron la inflaci\u00f3n, ya que tuvieron un alza del 27%.<\/p>\n\n\n\n<p>En 2010 estos \u00edtems representaban el 8% del gasto total en medicamentos, mientras que hoy esa proporci\u00f3n <strong>se increment\u00f3 al 62%, <\/strong>seg\u00fan estimaciones del sector.<\/p>\n","protected":false},"excerpt":{"rendered":"<p>Un informe del Observatorio de Costos de la Salud de la Uni\u00f3n Argentina de Salud (UAS), revel\u00f3 que durante el segundo cuatrimestre se detectaron incrementos de hasta el 50% en medicamentos, un indicador que duplica el nivel de la inflaci\u00f3n general que en ese per\u00edodo alcanz\u00f3 a 24,8%. De este modo, la entidad que nuclea&hellip;<\/p>\n","protected":false},"author":1,"featured_media":90065,"comment_status":"open","ping_status":"open","sticky":false,"template":"","format":"standard","meta":{"footnotes":""},"categories":[9],"tags":[2450,44,4741,22031,34219],"class_list":["post-117179","post","type-post","status-publish","format-standard","has-post-thumbnail","hentry","category-economia","tag-diario-el-sindical","tag-medicamentos","tag-precio","tag-salud","tag-uas"],"_links":{"self":[{"href":"https:\/\/www.elsindical.com.ar\/notas\/wp-json\/wp\/v2\/posts\/117179","targetHints":{"allow":["GET"]}}],"collection":[{"href":"https:\/\/www.elsindical.com.ar\/notas\/wp-json\/wp\/v2\/posts"}],"about":[{"href":"https:\/\/www.elsindical.com.ar\/notas\/wp-json\/wp\/v2\/types\/post"}],"author":[{"embeddable":true,"href":"https:\/\/www.elsindical.com.ar\/notas\/wp-json\/wp\/v2\/users\/1"}],"replies":[{"embeddable":true,"href":"https:\/\/www.elsindical.com.ar\/notas\/wp-json\/wp\/v2\/comments?post=117179"}],"version-history":[{"count":1,"href":"https:\/\/www.elsindical.com.ar\/notas\/wp-json\/wp\/v2\/posts\/117179\/revisions"}],"predecessor-version":[{"id":117180,"href":"https:\/\/www.elsindical.com.ar\/notas\/wp-json\/wp\/v2\/posts\/117179\/revisions\/117180"}],"wp:featuredmedia":[{"embeddable":true,"href":"https:\/\/www.elsindical.com.ar\/notas\/wp-json\/wp\/v2\/media\/90065"}],"wp:attachment":[{"href":"https:\/\/www.elsindical.com.ar\/notas\/wp-json\/wp\/v2\/media?parent=117179"}],"wp:term":[{"taxonomy":"category","embeddable":true,"href":"https:\/\/www.elsindical.com.ar\/notas\/wp-json\/wp\/v2\/categories?post=117179"},{"taxonomy":"post_tag","embeddable":true,"href":"https:\/\/www.elsindical.com.ar\/notas\/wp-json\/wp\/v2\/tags?post=117179"}],"curies":[{"name":"wp","href":"https:\/\/api.w.org\/{rel}","templated":true}]}}