{"id":117176,"date":"2022-10-07T01:19:54","date_gmt":"2022-10-07T04:19:54","guid":{"rendered":"https:\/\/www.elsindical.com.ar\/notas\/?p=117176"},"modified":"2022-10-07T01:19:55","modified_gmt":"2022-10-07T04:19:55","slug":"gomez-alcorta-renuncio-al-ministerio-de-la-mujer-genero-y-diversidad-de-la-nacion","status":"publish","type":"post","link":"https:\/\/www.elsindical.com.ar\/notas\/gomez-alcorta-renuncio-al-ministerio-de-la-mujer-genero-y-diversidad-de-la-nacion\/","title":{"rendered":"G\u00f3mez Alcorta renunci\u00f3 al ministerio de la Mujer, G\u00e9nero y Diversidad de la Naci\u00f3n"},"content":{"rendered":"<div class=\"wp-block-image\">\n<figure class=\"aligncenter size-large\"><a href=\"https:\/\/www.elsindical.com.ar\/notas\/var\/www\/html\/notas\/wp-content\/uploads\/2022\/10\/Elizabeth-Gomez-Alcorta-renuncia.jpg\"><img loading=\"lazy\" decoding=\"async\" width=\"1024\" height=\"576\" src=\"https:\/\/www.elsindical.com.ar\/notas\/var\/www\/html\/notas\/wp-content\/uploads\/2022\/10\/Elizabeth-Gomez-Alcorta-renuncia-1024x576.jpg\" alt=\"\" class=\"wp-image-117177\" srcset=\"https:\/\/www.elsindical.com.ar\/notas\/var\/www\/html\/notas\/wp-content\/uploads\/2022\/10\/Elizabeth-Gomez-Alcorta-renuncia-1024x576.jpg 1024w, https:\/\/www.elsindical.com.ar\/notas\/var\/www\/html\/notas\/wp-content\/uploads\/2022\/10\/Elizabeth-Gomez-Alcorta-renuncia-300x169.jpg 300w, https:\/\/www.elsindical.com.ar\/notas\/var\/www\/html\/notas\/wp-content\/uploads\/2022\/10\/Elizabeth-Gomez-Alcorta-renuncia-768x432.jpg 768w, https:\/\/www.elsindical.com.ar\/notas\/var\/www\/html\/notas\/wp-content\/uploads\/2022\/10\/Elizabeth-Gomez-Alcorta-renuncia-500x281.jpg 500w, https:\/\/www.elsindical.com.ar\/notas\/var\/www\/html\/notas\/wp-content\/uploads\/2022\/10\/Elizabeth-Gomez-Alcorta-renuncia-460x260.jpg 460w, https:\/\/www.elsindical.com.ar\/notas\/var\/www\/html\/notas\/wp-content\/uploads\/2022\/10\/Elizabeth-Gomez-Alcorta-renuncia.jpg 1200w\" sizes=\"auto, (max-width: 1024px) 100vw, 1024px\" \/><\/a><\/figure>\n<\/div>\n\n\n<p>Tras haber denunciado hoy <strong>\u201cgraves violaciones a los derechos humanos\u201d<\/strong> en el \u00faltimo desalojo de grupos mapuches de tierras p\u00fablicas y privadas en el sur del pa\u00eds, la ministra de Mujeres, G\u00e9neros y Diversidad, Elizabeth G\u00f3mez Alcorta, present\u00f3 la renuncia a su cargo.<\/p>\n\n\n\n<p>La reemplazante en el cargo ser\u00eda <strong>Mar\u00eda Cristina Perceval<\/strong>, hasta hoy secretaria de Pol\u00edticas de Igualdad y Diversidad, del mismo ministerio.<\/p>\n\n\n\n<p>G\u00f3mez Alcorta deja el cargo <strong>a menos de un mes XV Conferencia Regional sobre la Mujer de Am\u00e9rica Latina y el Caribe (CRM) <\/strong>que se realizar\u00e1 del 7 al 11 de noviembre en Buenos Aires, y en el que estaba previsto que la ministra tuviera un rol protag\u00f3nico.<\/p>\n\n\n\n<p>\u201cLa situaci\u00f3n es sumamente preocupante. Desde hace m\u00e1s de 48 horas <strong>detuvieron a siete mujeres ind\u00edgenas, una de ellas una l\u00edder espiritual <\/strong>de la comunidad\u201d, hab\u00eda denunciado G\u00f3mez Alcorta en la ma\u00f1ana de hoy tras el despliegue de las fuerzas que comanda el ministro de Seguridad, An\u00edbal Fern\u00e1ndez, para avanzar sobre las tierras ocupadas por la agrupaci\u00f3n Lafken Winkul Mapu en Villa Mascardi.<\/p>\n\n\n\n<p>G\u00f3mez Alcorta deja una mala impresi\u00f3n como ministra y es una mancha en su C.V.<\/p>\n","protected":false},"excerpt":{"rendered":"<p>Tras haber denunciado hoy \u201cgraves violaciones a los derechos humanos\u201d en el \u00faltimo desalojo de grupos mapuches de tierras p\u00fablicas y privadas en el sur del pa\u00eds, la ministra de Mujeres, G\u00e9neros y Diversidad, Elizabeth G\u00f3mez Alcorta, present\u00f3 la renuncia a su cargo. La reemplazante en el cargo ser\u00eda Mar\u00eda Cristina Perceval, hasta hoy secretaria&hellip;<\/p>\n","protected":false},"author":1,"featured_media":117177,"comment_status":"open","ping_status":"open","sticky":false,"template":"","format":"standard","meta":{"footnotes":""},"categories":[13],"tags":[2450,32047,34255,840],"class_list":["post-117176","post","type-post","status-publish","format-standard","has-post-thumbnail","hentry","category-politica","tag-diario-el-sindical","tag-elizabeth-gomez-alcorta","tag-ministerio-de-las-mujeres-generos-y-diversidad","tag-renuncia"],"_links":{"self":[{"href":"https:\/\/www.elsindical.com.ar\/notas\/wp-json\/wp\/v2\/posts\/117176","targetHints":{"allow":["GET"]}}],"collection":[{"href":"https:\/\/www.elsindical.com.ar\/notas\/wp-json\/wp\/v2\/posts"}],"about":[{"href":"https:\/\/www.elsindical.com.ar\/notas\/wp-json\/wp\/v2\/types\/post"}],"author":[{"embeddable":true,"href":"https:\/\/www.elsindical.com.ar\/notas\/wp-json\/wp\/v2\/users\/1"}],"replies":[{"embeddable":true,"href":"https:\/\/www.elsindical.com.ar\/notas\/wp-json\/wp\/v2\/comments?post=117176"}],"version-history":[{"count":1,"href":"https:\/\/www.elsindical.com.ar\/notas\/wp-json\/wp\/v2\/posts\/117176\/revisions"}],"predecessor-version":[{"id":117178,"href":"https:\/\/www.elsindical.com.ar\/notas\/wp-json\/wp\/v2\/posts\/117176\/revisions\/117178"}],"wp:featuredmedia":[{"embeddable":true,"href":"https:\/\/www.elsindical.com.ar\/notas\/wp-json\/wp\/v2\/media\/117177"}],"wp:attachment":[{"href":"https:\/\/www.elsindical.com.ar\/notas\/wp-json\/wp\/v2\/media?parent=117176"}],"wp:term":[{"taxonomy":"category","embeddable":true,"href":"https:\/\/www.elsindical.com.ar\/notas\/wp-json\/wp\/v2\/categories?post=117176"},{"taxonomy":"post_tag","embeddable":true,"href":"https:\/\/www.elsindical.com.ar\/notas\/wp-json\/wp\/v2\/tags?post=117176"}],"curies":[{"name":"wp","href":"https:\/\/api.w.org\/{rel}","templated":true}]}}