{"id":117173,"date":"2022-10-07T00:44:16","date_gmt":"2022-10-07T03:44:16","guid":{"rendered":"https:\/\/www.elsindical.com.ar\/notas\/?p=117173"},"modified":"2022-10-07T00:44:18","modified_gmt":"2022-10-07T03:44:18","slug":"verde-que-te-quiero-verde-agenda-septiembre-2022-ocepp","status":"publish","type":"post","link":"https:\/\/www.elsindical.com.ar\/notas\/verde-que-te-quiero-verde-agenda-septiembre-2022-ocepp\/","title":{"rendered":"Verde que te quiero verde &#8211; Agenda Septiembre 2022 &#8211; OCEPP"},"content":{"rendered":"<div class=\"wp-block-image\">\n<figure class=\"aligncenter size-large\"><a href=\"https:\/\/www.elsindical.com.ar\/notas\/var\/www\/html\/notas\/wp-content\/uploads\/2022\/10\/Verde-que-te-quiero-verde.jpg\"><img loading=\"lazy\" decoding=\"async\" width=\"576\" height=\"1024\" src=\"https:\/\/www.elsindical.com.ar\/notas\/var\/www\/html\/notas\/wp-content\/uploads\/2022\/10\/Verde-que-te-quiero-verde-576x1024.jpg\" alt=\"\" class=\"wp-image-117174\" srcset=\"https:\/\/www.elsindical.com.ar\/notas\/var\/www\/html\/notas\/wp-content\/uploads\/2022\/10\/Verde-que-te-quiero-verde-576x1024.jpg 576w, https:\/\/www.elsindical.com.ar\/notas\/var\/www\/html\/notas\/wp-content\/uploads\/2022\/10\/Verde-que-te-quiero-verde-169x300.jpg 169w, https:\/\/www.elsindical.com.ar\/notas\/var\/www\/html\/notas\/wp-content\/uploads\/2022\/10\/Verde-que-te-quiero-verde-768x1366.jpg 768w, https:\/\/www.elsindical.com.ar\/notas\/var\/www\/html\/notas\/wp-content\/uploads\/2022\/10\/Verde-que-te-quiero-verde.jpg 844w\" sizes=\"auto, (max-width: 576px) 100vw, 576px\" \/><\/a><figcaption><strong>Resumen Ejecutivo &#8211; Septiembre 2022<\/strong><br>En medio de los conflictos internos y externos a la coalici\u00f3n gobernante, la gesti\u00f3n de Massa como ministro de econom\u00eda parece haber logrado una moment\u00e1nea estabilidad cambiaria pero con tensiones distributivas e inflacionarias.<br>Se anunciaron medidas que profundizan el camino previo y est\u00e1n orientadas a estabilizar la macroeconom\u00eda y cumplir con las metas del FMI (en septiembre se cumplieron los objetivos establecidos para junio).<br>La inflaci\u00f3n sigue erosionando los ingresos reales de la poblaci\u00f3n trabajadora, jubilada y los sectores populares, mientras se ejecuta el ajuste fiscal.<br>El \u00abd\u00f3lar soja\u00bb de Massa implic\u00f3 una mejora en la cotizaci\u00f3n de los exportadores de soja, pero la brecha se encuentra alrededor del 90%, puede haber una inyecci\u00f3n de 300.000 millones de pesos, y la medida no implica un aumento de las exportaciones sino el ingreso relativamente excepcional de d\u00f3lares para esta \u00e9poca del a\u00f1o.<br>Mientras tanto, los indicadores de actividad econ\u00f3mica y empleo muestran una recuperaci\u00f3n a niveles de 2018, aunque los ingresos reales se encuentran todav\u00eda muy por debajo.<br>El anuncio complementario de un refuerzo de ingresos para hogares indigentes finalmente podr\u00eda salvaguardar a las familias de mayor vulnerabilidad econ\u00f3mica.<br><a rel=\"noreferrer noopener\" href=\"https:\/\/ocepp.us17.list-manage.com\/track\/click?u=7c3e6747553562f93047e70f7&amp;id=d31c8e3d92&amp;e=08f7156b7d\" target=\"_blank\">Lee el informe completo aqu\u00ed<\/a><br><br>Adem\u00e1s les compartimos nuestro an\u00e1lisis del <strong>Presupuesto 2023<\/strong><br><strong><a rel=\"noreferrer noopener\" href=\"https:\/\/ocepp.us17.list-manage.com\/track\/click?u=7c3e6747553562f93047e70f7&amp;id=3d58d1cd1c&amp;e=08f7156b7d\" target=\"_blank\">www.ocepp.com\/post\/analisis-del-presupuesto-2023<\/a><\/strong><\/figcaption><\/figure>\n<\/div>","protected":false},"excerpt":{"rendered":"","protected":false},"author":1,"featured_media":117174,"comment_status":"open","ping_status":"open","sticky":false,"template":"","format":"standard","meta":{"footnotes":""},"categories":[25],"tags":[2450,38389,3413,38390,38391],"class_list":["post-117173","post","type-post","status-publish","format-standard","has-post-thumbnail","hentry","category-sociedad","tag-diario-el-sindical","tag-fundacion-igualdad","tag-informe","tag-ocepp","tag-verde-que-te-quiero-verde"],"_links":{"self":[{"href":"https:\/\/www.elsindical.com.ar\/notas\/wp-json\/wp\/v2\/posts\/117173","targetHints":{"allow":["GET"]}}],"collection":[{"href":"https:\/\/www.elsindical.com.ar\/notas\/wp-json\/wp\/v2\/posts"}],"about":[{"href":"https:\/\/www.elsindical.com.ar\/notas\/wp-json\/wp\/v2\/types\/post"}],"author":[{"embeddable":true,"href":"https:\/\/www.elsindical.com.ar\/notas\/wp-json\/wp\/v2\/users\/1"}],"replies":[{"embeddable":true,"href":"https:\/\/www.elsindical.com.ar\/notas\/wp-json\/wp\/v2\/comments?post=117173"}],"version-history":[{"count":1,"href":"https:\/\/www.elsindical.com.ar\/notas\/wp-json\/wp\/v2\/posts\/117173\/revisions"}],"predecessor-version":[{"id":117175,"href":"https:\/\/www.elsindical.com.ar\/notas\/wp-json\/wp\/v2\/posts\/117173\/revisions\/117175"}],"wp:featuredmedia":[{"embeddable":true,"href":"https:\/\/www.elsindical.com.ar\/notas\/wp-json\/wp\/v2\/media\/117174"}],"wp:attachment":[{"href":"https:\/\/www.elsindical.com.ar\/notas\/wp-json\/wp\/v2\/media?parent=117173"}],"wp:term":[{"taxonomy":"category","embeddable":true,"href":"https:\/\/www.elsindical.com.ar\/notas\/wp-json\/wp\/v2\/categories?post=117173"},{"taxonomy":"post_tag","embeddable":true,"href":"https:\/\/www.elsindical.com.ar\/notas\/wp-json\/wp\/v2\/tags?post=117173"}],"curies":[{"name":"wp","href":"https:\/\/api.w.org\/{rel}","templated":true}]}}