{"id":117157,"date":"2022-10-06T01:00:03","date_gmt":"2022-10-06T04:00:03","guid":{"rendered":"https:\/\/www.elsindical.com.ar\/notas\/?p=117157"},"modified":"2022-10-06T01:00:04","modified_gmt":"2022-10-06T04:00:04","slug":"avellaneda-machado-oficializo-su-precandidatura-a-intendente-y-se-enciende-la-interna-en-el-pro","status":"publish","type":"post","link":"https:\/\/www.elsindical.com.ar\/notas\/avellaneda-machado-oficializo-su-precandidatura-a-intendente-y-se-enciende-la-interna-en-el-pro\/","title":{"rendered":"Avellaneda: Machado oficializ\u00f3 su precandidatura a intendente y se enciende la interna en el PRO"},"content":{"rendered":"<div class=\"wp-block-image\">\n<figure class=\"aligncenter size-full\"><a href=\"https:\/\/www.elsindical.com.ar\/notas\/var\/www\/html\/notas\/wp-content\/uploads\/2022\/10\/Machado-y-Grindetti.jpeg\"><img loading=\"lazy\" decoding=\"async\" width=\"1024\" height=\"683\" src=\"https:\/\/www.elsindical.com.ar\/notas\/var\/www\/html\/notas\/wp-content\/uploads\/2022\/10\/Machado-y-Grindetti.jpeg\" alt=\"\" class=\"wp-image-117158\" srcset=\"https:\/\/www.elsindical.com.ar\/notas\/var\/www\/html\/notas\/wp-content\/uploads\/2022\/10\/Machado-y-Grindetti.jpeg 1024w, https:\/\/www.elsindical.com.ar\/notas\/var\/www\/html\/notas\/wp-content\/uploads\/2022\/10\/Machado-y-Grindetti-300x200.jpeg 300w, https:\/\/www.elsindical.com.ar\/notas\/var\/www\/html\/notas\/wp-content\/uploads\/2022\/10\/Machado-y-Grindetti-768x512.jpeg 768w, https:\/\/www.elsindical.com.ar\/notas\/var\/www\/html\/notas\/wp-content\/uploads\/2022\/10\/Machado-y-Grindetti-450x300.jpeg 450w\" sizes=\"auto, (max-width: 1024px) 100vw, 1024px\" \/><\/a><\/figure>\n<\/div>\n\n\n<p class=\"wp-block-paragraph\">El concejal de Juntos y referente de Hacemos en Avellaneda, <strong>Orlando Machado,<\/strong> oficializ\u00f3 su precandidatura a intendente y no descart\u00f3 disputar una gran interna en JxC <strong>\u201centre cuatro o cinco candidatos\u201d.<\/strong> Adem\u00e1s, ratific\u00f3 su respaldo a la precandidatura a gobernador de N\u00e9stor Grindetti y la precandidatura a intendente de Lan\u00fas de Diego Kravetz.<\/p>\n\n\n\n<p class=\"wp-block-paragraph\"><strong>\u201cSe dio mi lanzamiento como precandidato y se anunci\u00f3 tambi\u00e9n la de Kravetz.<\/strong> Vamos a aportar nuestro granito de arena para conformar equipos t\u00e9cnicos y para dar respuesta a los problemas de los municipios\u201d, indic\u00f3 el dirigente sindical, tras el acto que comparti\u00f3 con el jefe de Gabinete y con Grindetti.<\/p>\n\n\n\n<p class=\"wp-block-paragraph\">Descart\u00f3 que su precandidatura sea la candidatura de la unidad y afirm\u00f3: <strong>\u201cVa haber interna. Como en la Provincia que hay cuatro candidatos a gobernador, en Avellaneda tenemos cinco precandidatos\u201d.<\/strong><\/p>\n\n\n\n<p class=\"wp-block-paragraph\">No obstante, replic\u00f3: \u201cA m\u00ed me asiste el derecho de haber encabezado la lista de concejales, de haber ganado la interna, los vecinos conocen mi trayectoria frente al gremio. Me siento en condiciones de aportarle al distrito un mont\u00f3n de cosas positivas\u201d.<\/p>\n\n\n\n<p class=\"wp-block-paragraph\">Al ser consultado sobre la precandidatura a gobernador de Grindetti, Machado remarc\u00f3 que \u201ces un excelente candidato\u201d y manifest\u00f3:<strong> \u201cHa manejado el tercer presupuesto del pa\u00eds, el de CABA, es un intendente exitoso y hay encuestas que ratifican que es el mejor intendente del pa\u00eds\u201d.<\/strong><\/p>\n\n\n\n<blockquote class=\"wp-block-quote is-layout-flow wp-block-quote-is-layout-flow\"><p>\u201cEs un lujo tenerlo como precandidato a gobernador y ser\u00e1 un excelente candidato a gobernador\u201d.<\/p><\/blockquote>\n\n\n\n<p class=\"wp-block-paragraph\">Respecto a las diferencias dentro de la coalici\u00f3n opositoras, el edil minimiz\u00f3 las cr\u00edticas internas al indicar que \u201ctodos tienen derecho a expresar sus opiniones, ahora hay tiempo para eso\u201d. En tanto, aclar\u00f3 que<strong> \u201cdespu\u00e9s se viene el tiempo de conformar equipos de trabajo, equipos t\u00e9cnicos para dar una soluci\u00f3n\u201d. &nbsp;<\/strong><\/p>\n\n\n\n<p class=\"wp-block-paragraph\">Para finalizar, Machado carg\u00f3 contra el Gobierno municipal al advertir que \u201c<strong>no todo lo que brilla es oro porque parece una buena gesti\u00f3n, pero hay problemas coyunturales\u201d.<\/strong><\/p>\n\n\n\n<p class=\"wp-block-paragraph\">\u201cCreemos que hay una gesti\u00f3n que se ha desgastado. Ferraresi es uno de los referentes m\u00e1s reconocido del kirchnerismo que es lo que la sociedad m\u00e1s castiga ahora porque no quiere m\u00e1s la intransigencia ni la forma que tiene de ver el kirchnerismo. Ferraresi es un digno representante del kirchnerismo\u201d, sentenci\u00f3.<\/p>\n","protected":false},"excerpt":{"rendered":"<p>El concejal de Juntos y referente de Hacemos en Avellaneda, Orlando Machado, oficializ\u00f3 su precandidatura a intendente y no descart\u00f3 disputar una gran interna en JxC \u201centre cuatro o cinco candidatos\u201d. Adem\u00e1s, ratific\u00f3 su respaldo a la precandidatura a gobernador de N\u00e9stor Grindetti y la precandidatura a intendente de Lan\u00fas de Diego Kravetz. \u201cSe dio&hellip;<\/p>\n","protected":false},"author":1,"featured_media":117158,"comment_status":"open","ping_status":"open","sticky":false,"template":"","format":"standard","meta":{"footnotes":""},"categories":[13],"tags":[2450,23470,38381,33545,5025,18420],"class_list":["post-117157","post","type-post","status-publish","format-standard","has-post-thumbnail","hentry","category-politica","tag-diario-el-sindical","tag-diego-kravetz","tag-hacemos-en-avellaneda","tag-jxc","tag-nestor-grindetti","tag-orlando-machado"],"_links":{"self":[{"href":"https:\/\/www.elsindical.com.ar\/notas\/wp-json\/wp\/v2\/posts\/117157","targetHints":{"allow":["GET"]}}],"collection":[{"href":"https:\/\/www.elsindical.com.ar\/notas\/wp-json\/wp\/v2\/posts"}],"about":[{"href":"https:\/\/www.elsindical.com.ar\/notas\/wp-json\/wp\/v2\/types\/post"}],"author":[{"embeddable":true,"href":"https:\/\/www.elsindical.com.ar\/notas\/wp-json\/wp\/v2\/users\/1"}],"replies":[{"embeddable":true,"href":"https:\/\/www.elsindical.com.ar\/notas\/wp-json\/wp\/v2\/comments?post=117157"}],"version-history":[{"count":1,"href":"https:\/\/www.elsindical.com.ar\/notas\/wp-json\/wp\/v2\/posts\/117157\/revisions"}],"predecessor-version":[{"id":117159,"href":"https:\/\/www.elsindical.com.ar\/notas\/wp-json\/wp\/v2\/posts\/117157\/revisions\/117159"}],"wp:featuredmedia":[{"embeddable":true,"href":"https:\/\/www.elsindical.com.ar\/notas\/wp-json\/wp\/v2\/media\/117158"}],"wp:attachment":[{"href":"https:\/\/www.elsindical.com.ar\/notas\/wp-json\/wp\/v2\/media?parent=117157"}],"wp:term":[{"taxonomy":"category","embeddable":true,"href":"https:\/\/www.elsindical.com.ar\/notas\/wp-json\/wp\/v2\/categories?post=117157"},{"taxonomy":"post_tag","embeddable":true,"href":"https:\/\/www.elsindical.com.ar\/notas\/wp-json\/wp\/v2\/tags?post=117157"}],"curies":[{"name":"wp","href":"https:\/\/api.w.org\/{rel}","templated":true}]}}