{"id":117059,"date":"2022-10-03T00:24:09","date_gmt":"2022-10-03T03:24:09","guid":{"rendered":"https:\/\/www.elsindical.com.ar\/notas\/?p=117059"},"modified":"2022-10-03T00:24:11","modified_gmt":"2022-10-03T03:24:11","slug":"en-pleno-concierto-murio-un-ex-almafuerte","status":"publish","type":"post","link":"https:\/\/www.elsindical.com.ar\/notas\/en-pleno-concierto-murio-un-ex-almafuerte\/","title":{"rendered":"En pleno concierto, muri\u00f3 un ex Almafuerte"},"content":{"rendered":"<div class=\"wp-block-image\">\n<figure class=\"aligncenter size-large\"><a href=\"https:\/\/www.elsindical.com.ar\/notas\/var\/www\/html\/notas\/wp-content\/uploads\/2022\/10\/Bin-Valencia.jpg\"><img loading=\"lazy\" decoding=\"async\" width=\"1024\" height=\"1024\" src=\"https:\/\/www.elsindical.com.ar\/notas\/var\/www\/html\/notas\/wp-content\/uploads\/2022\/10\/Bin-Valencia-1024x1024.jpg\" alt=\"\" class=\"wp-image-117060\" srcset=\"https:\/\/www.elsindical.com.ar\/notas\/var\/www\/html\/notas\/wp-content\/uploads\/2022\/10\/Bin-Valencia-1024x1024.jpg 1024w, https:\/\/www.elsindical.com.ar\/notas\/var\/www\/html\/notas\/wp-content\/uploads\/2022\/10\/Bin-Valencia-300x300.jpg 300w, https:\/\/www.elsindical.com.ar\/notas\/var\/www\/html\/notas\/wp-content\/uploads\/2022\/10\/Bin-Valencia-150x150.jpg 150w, https:\/\/www.elsindical.com.ar\/notas\/var\/www\/html\/notas\/wp-content\/uploads\/2022\/10\/Bin-Valencia-768x768.jpg 768w, https:\/\/www.elsindical.com.ar\/notas\/var\/www\/html\/notas\/wp-content\/uploads\/2022\/10\/Bin-Valencia-50x50.jpg 50w, https:\/\/www.elsindical.com.ar\/notas\/var\/www\/html\/notas\/wp-content\/uploads\/2022\/10\/Bin-Valencia.jpg 1080w\" sizes=\"auto, (max-width: 1024px) 100vw, 1024px\" \/><\/a><\/figure>\n<\/div>\n\n\n<p class=\"wp-block-paragraph\">Bin Valencia, <strong>baterista del m\u00edtico tr\u00edo de heavy metal Almafuerte<\/strong>, muri\u00f3 anoche mientras actuaba en La Quadra Rock Club junto a Sirio, la banda que integraba con sus dos hijos y su esposa, una noticia que dio a conocer su excompa\u00f1ero, el guitarrista Claudio Marciello en las redes sociales.<\/p>\n\n\n\n<p class=\"wp-block-paragraph\">\u201cBuen viaje Bin\u201d, escribi\u00f3 en un primer posteo, para sumar en otros dos: <strong>\u201cTe fuiste del escenario, que campe\u00f3n!!! <\/strong>Buen viaje Bin\u201d y \u201cDe parte de todo CTM, Claudio Tano Marciello, un abrazo a toda la familia Valencia y allegados\u201d.<\/p>\n\n\n\n<p class=\"wp-block-paragraph\">Valencia. junto a Ricardo Iorio y Claudio Tano Marciello, Valencia <strong>conform\u00f3 entre 2001 y 2016 Almafuerte<\/strong>, la banda m\u00e1s importante del heavy metal argentino, heredera de Herm\u00e9tica y V8, dos de los pilares del movimiento.<\/p>\n\n\n\n<p class=\"wp-block-paragraph\">Bin Valencia actualmente formaba parte del <strong>proyecto familiar Sirio Rock, que en 2010 crearon sus hijos y al que se sumaron su esposa, Claudia Resnik, y \u00e9l<\/strong>.<\/p>\n\n\n\n<p class=\"wp-block-paragraph\">Tambi\u00e9n Ricardo Iorio se expres\u00f3 en sus redes sociales tras la p\u00e9rdida: \u201cCon profundo dolor queremos hacer llegar a todos sus familiares, allegados, amigos, nuestro pesar y condolencias de parte de todos los que formamos IORIO. GRACIAS por todo lo que nos brindaste en la m\u00fasica, pero, sobre todo, <strong>gracias por los momentos vividos, <\/strong>para los que tuvimos la fortuna de haber conocido tu don de gente y hombr\u00eda de bien. Que descanses en paz QUERIDO BIN\u201d, coment\u00f3 el cantante, sumado a un video.<\/p>\n\n\n\n<p class=\"wp-block-paragraph\">Hasta el momento se desconocen las causas de la muerte del baterista, aunque algunos allegados afirman que <strong>podr\u00eda haber sufrido un infarto agudo<\/strong>.<\/p>\n\n\n\n<figure class=\"wp-block-video\"><video height=\"608\" style=\"aspect-ratio: 1080 \/ 608;\" width=\"1080\" controls src=\"https:\/\/www.elsindical.com.ar\/notas\/var\/www\/html\/notas\/wp-content\/uploads\/2022\/10\/despedida-de-Iorio.mp4\"><\/video><\/figure>\n","protected":false},"excerpt":{"rendered":"<p>Bin Valencia, baterista del m\u00edtico tr\u00edo de heavy metal Almafuerte, muri\u00f3 anoche mientras actuaba en La Quadra Rock Club junto a Sirio, la banda que integraba con sus dos hijos y su esposa, una noticia que dio a conocer su excompa\u00f1ero, el guitarrista Claudio Marciello en las redes sociales. \u201cBuen viaje Bin\u201d, escribi\u00f3 en un&hellip;<\/p>\n","protected":false},"author":1,"featured_media":117060,"comment_status":"open","ping_status":"open","sticky":false,"template":"","format":"standard","meta":{"footnotes":""},"categories":[15,24],"tags":[3080,1817,11509,2450,305,22735,38343],"class_list":["post-117059","post","type-post","status-publish","format-standard","has-post-thumbnail","hentry","category-espectaculos","category-sociales","tag-almafuerte","tag-baterista","tag-concierto","tag-diario-el-sindical","tag-muerte","tag-ricardo-iorio","tag-sirio-rock"],"_links":{"self":[{"href":"https:\/\/www.elsindical.com.ar\/notas\/wp-json\/wp\/v2\/posts\/117059","targetHints":{"allow":["GET"]}}],"collection":[{"href":"https:\/\/www.elsindical.com.ar\/notas\/wp-json\/wp\/v2\/posts"}],"about":[{"href":"https:\/\/www.elsindical.com.ar\/notas\/wp-json\/wp\/v2\/types\/post"}],"author":[{"embeddable":true,"href":"https:\/\/www.elsindical.com.ar\/notas\/wp-json\/wp\/v2\/users\/1"}],"replies":[{"embeddable":true,"href":"https:\/\/www.elsindical.com.ar\/notas\/wp-json\/wp\/v2\/comments?post=117059"}],"version-history":[{"count":1,"href":"https:\/\/www.elsindical.com.ar\/notas\/wp-json\/wp\/v2\/posts\/117059\/revisions"}],"predecessor-version":[{"id":117062,"href":"https:\/\/www.elsindical.com.ar\/notas\/wp-json\/wp\/v2\/posts\/117059\/revisions\/117062"}],"wp:featuredmedia":[{"embeddable":true,"href":"https:\/\/www.elsindical.com.ar\/notas\/wp-json\/wp\/v2\/media\/117060"}],"wp:attachment":[{"href":"https:\/\/www.elsindical.com.ar\/notas\/wp-json\/wp\/v2\/media?parent=117059"}],"wp:term":[{"taxonomy":"category","embeddable":true,"href":"https:\/\/www.elsindical.com.ar\/notas\/wp-json\/wp\/v2\/categories?post=117059"},{"taxonomy":"post_tag","embeddable":true,"href":"https:\/\/www.elsindical.com.ar\/notas\/wp-json\/wp\/v2\/tags?post=117059"}],"curies":[{"name":"wp","href":"https:\/\/api.w.org\/{rel}","templated":true}]}}