{"id":117017,"date":"2022-09-30T11:08:22","date_gmt":"2022-09-30T14:08:22","guid":{"rendered":"https:\/\/www.elsindical.com.ar\/notas\/?p=117017"},"modified":"2022-09-30T11:08:24","modified_gmt":"2022-09-30T14:08:24","slug":"avellaneda-robo-en-el-edificio-leonardo-favio","status":"publish","type":"post","link":"https:\/\/www.elsindical.com.ar\/notas\/avellaneda-robo-en-el-edificio-leonardo-favio\/","title":{"rendered":"Avellaneda: Robo en el Edificio Leonardo Favio"},"content":{"rendered":"\n<figure class=\"wp-block-image size-large\"><a href=\"https:\/\/www.elsindical.com.ar\/notas\/var\/www\/html\/notas\/wp-content\/uploads\/2022\/09\/Edificio-Leonardo-Favio-frente.jpg\"><img loading=\"lazy\" decoding=\"async\" width=\"1024\" height=\"717\" src=\"https:\/\/www.elsindical.com.ar\/notas\/var\/www\/html\/notas\/wp-content\/uploads\/2022\/09\/Edificio-Leonardo-Favio-frente-1024x717.jpg\" alt=\"\" class=\"wp-image-117018\" srcset=\"https:\/\/www.elsindical.com.ar\/notas\/var\/www\/html\/notas\/wp-content\/uploads\/2022\/09\/Edificio-Leonardo-Favio-frente-1024x717.jpg 1024w, https:\/\/www.elsindical.com.ar\/notas\/var\/www\/html\/notas\/wp-content\/uploads\/2022\/09\/Edificio-Leonardo-Favio-frente-300x210.jpg 300w, https:\/\/www.elsindical.com.ar\/notas\/var\/www\/html\/notas\/wp-content\/uploads\/2022\/09\/Edificio-Leonardo-Favio-frente-768x538.jpg 768w, https:\/\/www.elsindical.com.ar\/notas\/var\/www\/html\/notas\/wp-content\/uploads\/2022\/09\/Edificio-Leonardo-Favio-frente-428x300.jpg 428w, https:\/\/www.elsindical.com.ar\/notas\/var\/www\/html\/notas\/wp-content\/uploads\/2022\/09\/Edificio-Leonardo-Favio-frente-1536x1076.jpg 1536w, https:\/\/www.elsindical.com.ar\/notas\/var\/www\/html\/notas\/wp-content\/uploads\/2022\/09\/Edificio-Leonardo-Favio-frente.jpg 2048w\" sizes=\"auto, (max-width: 1024px) 100vw, 1024px\" \/><\/a><\/figure>\n\n\n\n<p>   Un ins\u00f3lito robo, se produjo en el interior del edificio municipal Leonardo Favio donde funcionan una de las sedes de la UNDAV, el Museo Leonardo Favio y el IDAC donde se produjo el robo.<\/p>\n\n\n\n<p>Desde hace tiempo se reclama que el personal de la Polic\u00eda Local, que se encuentra apostado en un container en la intersecci\u00f3n de la Av. Roca y 12 de octubre tengan alguna tarea de seguridad y no simplemente est\u00e9n tomando mate en el interior y charlando mientras los pasajeros que esperan los colectivos en la parada son v\u00edctimas de robos.<\/p>\n\n\n\n<p>Los efectivos policiales tienen como jefe directo al Comisario Silvio Rodrigo Herrera, jefe de la Polic\u00eda Local y al Jefe de Estaci\u00f3n Comisario Mayor, Gregorio Mart\u00ednez como jefe m\u00e1ximo, ambos parecen no controlar e incluso avalar que esos dos efectivos policiales no tengan ninguna funci\u00f3n de prevenci\u00f3n, bien podr\u00edan levantar el objetivo y que esos dos polic\u00edas recorran el municipio que tantos reclamos por inseguridad tiene.<\/p>\n\n\n<div class=\"wp-block-image\">\n<figure class=\"aligncenter size-full\"><a href=\"https:\/\/www.elsindical.com.ar\/notas\/var\/www\/html\/notas\/wp-content\/uploads\/2022\/09\/puesto-policial-12-de-octubre-y-Roca.jpg\"><img loading=\"lazy\" decoding=\"async\" width=\"709\" height=\"479\" src=\"https:\/\/www.elsindical.com.ar\/notas\/var\/www\/html\/notas\/wp-content\/uploads\/2022\/09\/puesto-policial-12-de-octubre-y-Roca.jpg\" alt=\"\" class=\"wp-image-117019\" srcset=\"https:\/\/www.elsindical.com.ar\/notas\/var\/www\/html\/notas\/wp-content\/uploads\/2022\/09\/puesto-policial-12-de-octubre-y-Roca.jpg 709w, https:\/\/www.elsindical.com.ar\/notas\/var\/www\/html\/notas\/wp-content\/uploads\/2022\/09\/puesto-policial-12-de-octubre-y-Roca-300x203.jpg 300w, https:\/\/www.elsindical.com.ar\/notas\/var\/www\/html\/notas\/wp-content\/uploads\/2022\/09\/puesto-policial-12-de-octubre-y-Roca-444x300.jpg 444w\" sizes=\"auto, (max-width: 709px) 100vw, 709px\" \/><\/a><\/figure>\n<\/div>\n\n\n<p>Es sumamente grave lo ocurrido y el municipio deber\u00eda ocuparse de brindar seguridad de los alumnos tanto en el interior como en la puerta e inmediaciones del lugar.<\/p>\n\n\n\n<p>El comunicado a los alumnos de las autoridades:<\/p>\n\n\n\n<p><strong>Buenas Noches:\u00a0<\/strong><\/p>\n\n\n\n<p><strong>Se informa a la comunidad educativa del IDAC que el pasado mi\u00e9rcoles 28 de septiembre sufrimos un robo en instalaciones de nuestro instituto. El mismo tuvo lugar a las 20:50 hs aproximadamente, cuando una persona ingres\u00f3 por la ventana de la biblioteca, forz\u00f3 la puerta de un mueble destinado al uso exclusivo de la Asociaci\u00f3n Cooperadora (que estaba cerrado con candado) y en un corto lapso de tiempo sustrajo valores pertenecientes a la misma.\u00a0<\/strong><\/p>\n\n\n\n<p><strong>En el d\u00eda de la fecha, constatado el robo por parte de la Comisi\u00f3n Directiva de Cooperadora e informadas las autoridades municipales, se realiz\u00f3 la denuncia policial del hecho.\u00a0<\/strong><\/p>\n\n\n\n<p><strong>Rogamos especial atenci\u00f3n y cuidado con los efectos personales, mientras realizamos los reclamos correspondientes.\u00a0<\/strong><\/p>\n\n\n\n<p><strong>Atte.-<\/strong><\/p>\n\n\n\n<p>Si bien desde algunos sectores consultados minimizaron el hecho diciendo que no se trato de un robo, lo cierto es que forzar una ventana, una puerta y el escalar constituyen un robo agravado por el medio usado, les recomendar\u00eda que si no saben no opinen y ser\u00eda muy sano se esclarezca lo ocurrido y m\u00e1s a\u00fan se tomen medidas de prevenci\u00f3n de il\u00edcitos. Los responsables pol\u00edticos son sin dudas el intendente interino Alejo Chornobroff, la jefa de gabinete Magdalena Sierra y el secretario de seguridad Marcelo Rey, quien acumula a\u00f1os de fracasos en el \u00e1rea pero debe ser bueno para cosas que no sabemos los vecinos que lo hacen estar atornillado en el cargo a pesar de todo.<\/p>\n","protected":false},"excerpt":{"rendered":"<p>Un ins\u00f3lito robo, se produjo en el interior del edificio municipal Leonardo Favio donde funcionan una de las sedes de la UNDAV, el Museo Leonardo Favio y el IDAC donde se produjo el robo. Desde hace tiempo se reclama que el personal de la Polic\u00eda Local, que se encuentra apostado en un container en la&hellip;<\/p>\n","protected":false},"author":1,"featured_media":117018,"comment_status":"open","ping_status":"open","sticky":false,"template":"","format":"standard","meta":{"footnotes":""},"categories":[22],"tags":[30014,461,34470,38331,2450,27102,984,1062,21958,116],"class_list":["post-117017","post","type-post","status-publish","format-standard","has-post-thumbnail","hentry","category-policiales","tag-alejo-chornobroff","tag-avellaneda","tag-comisario-mayor-gregorio-martinez","tag-comisario-silvio-rodrigo-herrera","tag-diario-el-sindical","tag-edificio-leonardo-fabio","tag-inseguridad","tag-jorge-ferraresi","tag-marcelo-rey","tag-robo"],"_links":{"self":[{"href":"https:\/\/www.elsindical.com.ar\/notas\/wp-json\/wp\/v2\/posts\/117017","targetHints":{"allow":["GET"]}}],"collection":[{"href":"https:\/\/www.elsindical.com.ar\/notas\/wp-json\/wp\/v2\/posts"}],"about":[{"href":"https:\/\/www.elsindical.com.ar\/notas\/wp-json\/wp\/v2\/types\/post"}],"author":[{"embeddable":true,"href":"https:\/\/www.elsindical.com.ar\/notas\/wp-json\/wp\/v2\/users\/1"}],"replies":[{"embeddable":true,"href":"https:\/\/www.elsindical.com.ar\/notas\/wp-json\/wp\/v2\/comments?post=117017"}],"version-history":[{"count":1,"href":"https:\/\/www.elsindical.com.ar\/notas\/wp-json\/wp\/v2\/posts\/117017\/revisions"}],"predecessor-version":[{"id":117020,"href":"https:\/\/www.elsindical.com.ar\/notas\/wp-json\/wp\/v2\/posts\/117017\/revisions\/117020"}],"wp:featuredmedia":[{"embeddable":true,"href":"https:\/\/www.elsindical.com.ar\/notas\/wp-json\/wp\/v2\/media\/117018"}],"wp:attachment":[{"href":"https:\/\/www.elsindical.com.ar\/notas\/wp-json\/wp\/v2\/media?parent=117017"}],"wp:term":[{"taxonomy":"category","embeddable":true,"href":"https:\/\/www.elsindical.com.ar\/notas\/wp-json\/wp\/v2\/categories?post=117017"},{"taxonomy":"post_tag","embeddable":true,"href":"https:\/\/www.elsindical.com.ar\/notas\/wp-json\/wp\/v2\/tags?post=117017"}],"curies":[{"name":"wp","href":"https:\/\/api.w.org\/{rel}","templated":true}]}}