{"id":116991,"date":"2022-09-29T17:05:01","date_gmt":"2022-09-29T20:05:01","guid":{"rendered":"https:\/\/www.elsindical.com.ar\/notas\/?p=116991"},"modified":"2022-09-29T17:05:03","modified_gmt":"2022-09-29T20:05:03","slug":"la-plata-se-fugo-martincito-el-menor-acusado-de-asesinar-a-lara-fernandez","status":"publish","type":"post","link":"https:\/\/www.elsindical.com.ar\/notas\/la-plata-se-fugo-martincito-el-menor-acusado-de-asesinar-a-lara-fernandez\/","title":{"rendered":"La Plata: Se fug\u00f3 \u201cMartincito\u201d, el menor acusado de asesinar a Lara Fern\u00e1ndez"},"content":{"rendered":"<div class=\"wp-block-image\">\n<figure class=\"aligncenter size-full is-resized\"><a href=\"https:\/\/www.elsindical.com.ar\/notas\/var\/www\/html\/notas\/wp-content\/uploads\/2022\/09\/Lara-y-Martincito.png\"><img loading=\"lazy\" decoding=\"async\" src=\"https:\/\/www.elsindical.com.ar\/notas\/var\/www\/html\/notas\/wp-content\/uploads\/2022\/09\/Lara-y-Martincito.png\" alt=\"\" class=\"wp-image-116993\" width=\"683\" height=\"359\" srcset=\"https:\/\/www.elsindical.com.ar\/notas\/var\/www\/html\/notas\/wp-content\/uploads\/2022\/09\/Lara-y-Martincito.png 640w, https:\/\/www.elsindical.com.ar\/notas\/var\/www\/html\/notas\/wp-content\/uploads\/2022\/09\/Lara-y-Martincito-300x158.png 300w, https:\/\/www.elsindical.com.ar\/notas\/var\/www\/html\/notas\/wp-content\/uploads\/2022\/09\/Lara-y-Martincito-500x263.png 500w\" sizes=\"auto, (max-width: 683px) 100vw, 683px\" \/><\/a><\/figure>\n<\/div>\n\n\n<p>Un adolescente de 15 a\u00f1os acusado de asesinar a Lara Fern\u00e1ndez, en un hecho ocurrido el primero de enero de este a\u00f1o en Lomas de Zamora, se fug\u00f3 este mi\u00e9rcoles del instituto menores en donde se encontraba alojado.<\/p>\n\n\n\n<p>Se trata de un menor conocido como \u201cMartincito\u201d, acusado de ser el autor material del crimen de Lara Fern\u00e1ndez, de 17 a\u00f1os. Cuando fue detenido, este adolescente se tirote\u00f3 con la polic\u00eda y termin\u00f3 herido.<\/p>\n\n\n\n<p>El imputado se encontraba alojado en el Instituto de Menores \u00abEl Castillito\u00bb, ubicado en la ciudad de La Plata, a disposici\u00f3n del Fuero de Responsabilidad Penal Juvenil de Lomas de Zamora.<\/p>\n\n\n\n<p><strong>Por el homicidio de Lara Fern\u00e1ndez, adem\u00e1s de \u201cMartincito\u201d, ya fueron detenidos otros dos j\u00f3venes de 22 y 23 a\u00f1os mientras que un cuarto, de 20, identificado como Leandro Strassera contin\u00faa pr\u00f3fugo.<\/strong><\/p>\n\n\n\n<p>La familia de Lara manifest\u00f3 su indignaci\u00f3n luego de conocerse la fuga del menor del instituto de menores y reclam\u00f3 su inmediata detenci\u00f3n.<\/p>\n\n\n\n<p>El hecho ocurri\u00f3 el 1ero de enero \u00faltimo cuando la v\u00edctima estaba con un grupo de amigas en la esquina de Olmos y Homero, en Parque Bar\u00f3n, Lomas de Zamora.<\/p>\n\n\n\n<p>All\u00ed fueron interceptadas por cuatro sujetos. Uno de ellos le puso un arma en la cabeza y le exigi\u00f3 a la Lara Fern\u00e1ndez su celular. La adolescente demor\u00f3 unos segundos y el delincuente la fusil\u00f3.<\/p>\n\n\n\n<p>Luego, los sujetos escaparon y comenzaron a ser detenidos a lo largo de estos meses. La investigaci\u00f3n est\u00e1 a cargo de la UFI 1 de Responsabilidad Penal Juvenil de Lomas de Zamora.<\/p>\n","protected":false},"excerpt":{"rendered":"<p>Un adolescente de 15 a\u00f1os acusado de asesinar a Lara Fern\u00e1ndez, en un hecho ocurrido el primero de enero de este a\u00f1o en Lomas de Zamora, se fug\u00f3 este mi\u00e9rcoles del instituto menores en donde se encontraba alojado. Se trata de un menor conocido como \u201cMartincito\u201d, acusado de ser el autor material del crimen de&hellip;<\/p>\n","protected":false},"author":1,"featured_media":116993,"comment_status":"open","ping_status":"open","sticky":false,"template":"","format":"standard","meta":{"footnotes":""},"categories":[22],"tags":[2450,239,36294,744,36671],"class_list":["post-116991","post","type-post","status-publish","format-standard","has-post-thumbnail","hentry","category-policiales","tag-diario-el-sindical","tag-la-plata","tag-lara-fernandez","tag-lomas-de-zamora","tag-martincito"],"_links":{"self":[{"href":"https:\/\/www.elsindical.com.ar\/notas\/wp-json\/wp\/v2\/posts\/116991","targetHints":{"allow":["GET"]}}],"collection":[{"href":"https:\/\/www.elsindical.com.ar\/notas\/wp-json\/wp\/v2\/posts"}],"about":[{"href":"https:\/\/www.elsindical.com.ar\/notas\/wp-json\/wp\/v2\/types\/post"}],"author":[{"embeddable":true,"href":"https:\/\/www.elsindical.com.ar\/notas\/wp-json\/wp\/v2\/users\/1"}],"replies":[{"embeddable":true,"href":"https:\/\/www.elsindical.com.ar\/notas\/wp-json\/wp\/v2\/comments?post=116991"}],"version-history":[{"count":2,"href":"https:\/\/www.elsindical.com.ar\/notas\/wp-json\/wp\/v2\/posts\/116991\/revisions"}],"predecessor-version":[{"id":116994,"href":"https:\/\/www.elsindical.com.ar\/notas\/wp-json\/wp\/v2\/posts\/116991\/revisions\/116994"}],"wp:featuredmedia":[{"embeddable":true,"href":"https:\/\/www.elsindical.com.ar\/notas\/wp-json\/wp\/v2\/media\/116993"}],"wp:attachment":[{"href":"https:\/\/www.elsindical.com.ar\/notas\/wp-json\/wp\/v2\/media?parent=116991"}],"wp:term":[{"taxonomy":"category","embeddable":true,"href":"https:\/\/www.elsindical.com.ar\/notas\/wp-json\/wp\/v2\/categories?post=116991"},{"taxonomy":"post_tag","embeddable":true,"href":"https:\/\/www.elsindical.com.ar\/notas\/wp-json\/wp\/v2\/tags?post=116991"}],"curies":[{"name":"wp","href":"https:\/\/api.w.org\/{rel}","templated":true}]}}