{"id":116976,"date":"2022-09-28T12:47:04","date_gmt":"2022-09-28T15:47:04","guid":{"rendered":"https:\/\/www.elsindical.com.ar\/notas\/?p=116976"},"modified":"2022-09-28T12:47:09","modified_gmt":"2022-09-28T15:47:09","slug":"sones-soluciones-generales-un-ejemplo-de-cagarse-en-el-otro","status":"publish","type":"post","link":"https:\/\/www.elsindical.com.ar\/notas\/sones-soluciones-generales-un-ejemplo-de-cagarse-en-el-otro\/","title":{"rendered":"Sones Soluciones Generales, un ejemplo de cagarse en el otro"},"content":{"rendered":"\n<figure class=\"wp-block-image size-full\"><a href=\"https:\/\/www.elsindical.com.ar\/notas\/var\/www\/html\/notas\/wp-content\/uploads\/2022\/09\/camioneta-Sones.jpg\"><img loading=\"lazy\" decoding=\"async\" width=\"850\" height=\"638\" src=\"https:\/\/www.elsindical.com.ar\/notas\/var\/www\/html\/notas\/wp-content\/uploads\/2022\/09\/camioneta-Sones.jpg\" alt=\"\" class=\"wp-image-116977\" srcset=\"https:\/\/www.elsindical.com.ar\/notas\/var\/www\/html\/notas\/wp-content\/uploads\/2022\/09\/camioneta-Sones.jpg 850w, https:\/\/www.elsindical.com.ar\/notas\/var\/www\/html\/notas\/wp-content\/uploads\/2022\/09\/camioneta-Sones-300x225.jpg 300w, https:\/\/www.elsindical.com.ar\/notas\/var\/www\/html\/notas\/wp-content\/uploads\/2022\/09\/camioneta-Sones-768x576.jpg 768w, https:\/\/www.elsindical.com.ar\/notas\/var\/www\/html\/notas\/wp-content\/uploads\/2022\/09\/camioneta-Sones-400x300.jpg 400w\" sizes=\"auto, (max-width: 850px) 100vw, 850px\" \/><\/a><\/figure>\n\n\n\n<p>   El martes por la noche, promediando las 22:00 hs. algunos conductores que hab\u00edan estacionado sus veh\u00edculos en la v\u00eda de 12 de octubre y la Av. Roca se encontraron con una camioneta muy mal estacionada que imped\u00eda retirar los autos.<\/p>\n\n\n\n<p>Gracias a la falta de controles municipales y policiales, cualquiera hace lo que se le canta y el resto que se joda.<\/p>\n\n\n\n<p>La camioneta en cuesti\u00f3n ten\u00eda publicidad de un emprendimiento denominado Sones Soluciones Generales, si trabajan as\u00ed como respetan las normas de tr\u00e1nsito pero especialmente al otro, son poco recomendables y no demuestran ser muy inteligentes haci\u00e9ndose mala publicidad ustedes solitos.<\/p>\n","protected":false},"excerpt":{"rendered":"<p>El martes por la noche, promediando las 22:00 hs. algunos conductores que hab\u00edan estacionado sus veh\u00edculos en la v\u00eda de 12 de octubre y la Av. Roca se encontraron con una camioneta muy mal estacionada que imped\u00eda retirar los autos. Gracias a la falta de controles municipales y policiales, cualquiera hace lo que se le&hellip;<\/p>\n","protected":false},"author":1,"featured_media":116977,"comment_status":"open","ping_status":"open","sticky":false,"template":"","format":"standard","meta":{"footnotes":""},"categories":[6],"tags":[38323,2450,2057,1898,17388,38322],"class_list":["post-116976","post","type-post","status-publish","format-standard","has-post-thumbnail","hentry","category-denuncias","tag-controles-municipales","tag-diario-el-sindical","tag-infraccion","tag-ley-de-transito","tag-municipalidad-de-avellaneda","tag-sones-soluciones-generales"],"_links":{"self":[{"href":"https:\/\/www.elsindical.com.ar\/notas\/wp-json\/wp\/v2\/posts\/116976","targetHints":{"allow":["GET"]}}],"collection":[{"href":"https:\/\/www.elsindical.com.ar\/notas\/wp-json\/wp\/v2\/posts"}],"about":[{"href":"https:\/\/www.elsindical.com.ar\/notas\/wp-json\/wp\/v2\/types\/post"}],"author":[{"embeddable":true,"href":"https:\/\/www.elsindical.com.ar\/notas\/wp-json\/wp\/v2\/users\/1"}],"replies":[{"embeddable":true,"href":"https:\/\/www.elsindical.com.ar\/notas\/wp-json\/wp\/v2\/comments?post=116976"}],"version-history":[{"count":1,"href":"https:\/\/www.elsindical.com.ar\/notas\/wp-json\/wp\/v2\/posts\/116976\/revisions"}],"predecessor-version":[{"id":116978,"href":"https:\/\/www.elsindical.com.ar\/notas\/wp-json\/wp\/v2\/posts\/116976\/revisions\/116978"}],"wp:featuredmedia":[{"embeddable":true,"href":"https:\/\/www.elsindical.com.ar\/notas\/wp-json\/wp\/v2\/media\/116977"}],"wp:attachment":[{"href":"https:\/\/www.elsindical.com.ar\/notas\/wp-json\/wp\/v2\/media?parent=116976"}],"wp:term":[{"taxonomy":"category","embeddable":true,"href":"https:\/\/www.elsindical.com.ar\/notas\/wp-json\/wp\/v2\/categories?post=116976"},{"taxonomy":"post_tag","embeddable":true,"href":"https:\/\/www.elsindical.com.ar\/notas\/wp-json\/wp\/v2\/tags?post=116976"}],"curies":[{"name":"wp","href":"https:\/\/api.w.org\/{rel}","templated":true}]}}