{"id":116957,"date":"2022-09-27T11:34:26","date_gmt":"2022-09-27T14:34:26","guid":{"rendered":"https:\/\/www.elsindical.com.ar\/notas\/?p=116957"},"modified":"2022-09-27T11:34:31","modified_gmt":"2022-09-27T14:34:31","slug":"martin-tetaz-paseo-su-ignorancia-por-avellaneda","status":"publish","type":"post","link":"https:\/\/www.elsindical.com.ar\/notas\/martin-tetaz-paseo-su-ignorancia-por-avellaneda\/","title":{"rendered":"Mart\u00edn Tetaz paseo su ignorancia por Avellaneda"},"content":{"rendered":"<div class=\"wp-block-image\">\n<figure class=\"aligncenter size-full is-resized\"><a href=\"https:\/\/www.elsindical.com.ar\/notas\/var\/www\/html\/notas\/wp-content\/uploads\/2022\/09\/Tetaz-y-Lodeiro.jpg\"><img loading=\"lazy\" decoding=\"async\" src=\"https:\/\/www.elsindical.com.ar\/notas\/var\/www\/html\/notas\/wp-content\/uploads\/2022\/09\/Tetaz-y-Lodeiro.jpg\" alt=\"\" class=\"wp-image-116958\" width=\"757\" height=\"419\" srcset=\"https:\/\/www.elsindical.com.ar\/notas\/var\/www\/html\/notas\/wp-content\/uploads\/2022\/09\/Tetaz-y-Lodeiro.jpg 595w, https:\/\/www.elsindical.com.ar\/notas\/var\/www\/html\/notas\/wp-content\/uploads\/2022\/09\/Tetaz-y-Lodeiro-300x166.jpg 300w, https:\/\/www.elsindical.com.ar\/notas\/var\/www\/html\/notas\/wp-content\/uploads\/2022\/09\/Tetaz-y-Lodeiro-500x276.jpg 500w\" sizes=\"auto, (max-width: 757px) 100vw, 757px\" \/><\/a><\/figure>\n<\/div>\n\n\n<p>   Los pol\u00edticos suelen inmolarse cuando est\u00e1n en campa\u00f1a, pero pocas veces son ellos mismos los que producen el archivo que los dejar\u00e1 en evidencia que no saben d\u00f3nde est\u00e1n parados, que mienten y que no tienen el m\u00ednimo respeto por los vecinos cuando ni siquiera preguntan si lo que van a hacer est\u00e1 chequeado.<\/p>\n\n\n\n<p>Con un video que es un tiro en el pie, la <strong>Juventud de Juntos Avellaneda<\/strong>, difundi\u00f3 en las redes sociales y en algunas p\u00e1ginas con pauta una berreta puesta en escena que tiene como protagonista principal a <strong>Mart\u00edn Tetaz<\/strong>. Ya el comienzo del video es pretencioso y mentiroso, cuando dice que te van a mostrar la Avellaneda que te quieren ocultar, para m\u00e1s lo denominan Cap\u00edtulo 1.<\/p>\n\n\n\n<p>La mala calidad del video, es proporcional a la seriedad del mismo y sus contenidos, es decir, el ide\u00f3logo del mismo <strong>Alen Lodeiro<\/strong>, un joven ex radical, demuestra que le queda grande la pol\u00edtica y solo se puede destacar que nos muestra un relato pobre, parcial y que teniendo un tema importante para desarrollar desde la pol\u00edtica, termina haciendo un sketch para el olvido.<\/p>\n\n\n\n<p>El video muestra de manera parcial el Arroyo Sarand\u00ed en el barrio de Villa Luj\u00e1n, el contaminado arroyo divide los barrios Gerli y Sarand\u00ed, primera acci\u00f3n rid\u00edcula del video, dicen que hablaron con los vecinos sobre c\u00f3mo viven, pero no hay ning\u00fan testimonio contando lo que all\u00ed pasa, ni c\u00f3mo viven, tampoco le avisaron a Tetaz que estimo fue enga\u00f1ado la verdadera problem\u00e1tica del lugar, mucho menos que el propio candidato y ex concejal de Juntos Sebasti\u00e1n Vinagre ha sido c\u00f3mplice de la contaminaci\u00f3n y encubierto las enfermedades cr\u00f3nicas de algunos vecinos por la contaminaci\u00f3n, incluso hay varios muertos por patolog\u00edas vinculadas a esa contaminaci\u00f3n que es m\u00e1s que basura, otra muestra de lo rid\u00edculo que ha quedado Tetaz en el video, no se trata de solo basura, hay contaminantes que afectan a la salud.<\/p>\n\n\n\n<p>Para peor, en el final del video que no dice nada, toma la palabra Alen que se suma al hablemos sin saber y dice que no hay una pol\u00edtica p\u00fablica para limpiar y entubar, <strong>NO NO NO<\/strong>, hay que dejar de contaminar, digo, \u00bfse puede ser m\u00e1s rid\u00edculo, peligroso e ignorante?, voy a fundar mis calificativos porque no se trata de una opini\u00f3n subjetiva, sino que a diferencia de estos irresponsables. <\/p>\n\n\n\n<p>1-Rid\u00edculos, porque no se puede hacer un video diciendo que hablaron con los vecinos y no mostrar ning\u00fan di\u00e1logo, sino no hagas un video, es decir no tienen idea de lo que es una producci\u00f3n audiovisual, que queda en evidencia cuando uno ve la calidad del video que sigue la misma l\u00f3gica, si no haces algo que se pueda ver, no lo hagas.<\/p>\n\n\n\n<p>2-Son peligrosos porque no se preocupan ni siquiera mencionan el tema de la contaminaci\u00f3n ambiental por los derrames ilegales que desde hace muchos a\u00f1os se vierten al arroyo, proveniente de empresas que ganan millones de d\u00f3lares, No USTEDES por los motivos oscuros que sean, culpan a lo que se ve que es la basura, cuando lo grave deber\u00eda tener prioridades, es decir, ir por los que contaminan y ponen en riesgo la vida y la salud de los vecinos no solo de Avellaneda, sino de Lan\u00fas, algo que parece nadie les cont\u00f3 y ustedes menos lo investigaron, fueron a opinar sin informarse, eso los hace peligrosos y hasta c\u00f3mplices.<\/p>\n\n\n\n<p>3-Son ignorantes porque no han desarrollado una sola idea de forma correcta, fueron a un lugar a opinar por lo que ven, sin informarse, mintieron, hicieron un video que no muestra nada y lo poco que muestra es de una calidad p\u00e9sima, no mostraron un solo testimonio, ocultaron que varios pol\u00edticos de su espacio est\u00e1n hasta las manos con la contaminaci\u00f3n ambiental, Mart\u00edn Tetaz no deber\u00eda ir sin preguntar y Alen Lodeiro que es de Avellaneda es un rid\u00edculo si no sabe por ejemplo que Maximiliano Gallucci es heredero de una f\u00e1brica que durante a\u00f1os manejo contaminantes en el barrio de Sarand\u00ed.<\/p>\n\n\n\n<p>Serpia muy sano para todos que Mart\u00edn Tetaz el referente invitado explique qu\u00e9 pas\u00f3.<\/p>\n\n\n\n<figure class=\"wp-block-video\"><video height=\"848\" style=\"aspect-ratio: 480 \/ 848;\" width=\"480\" controls src=\"https:\/\/www.elsindical.com.ar\/notas\/var\/www\/html\/notas\/wp-content\/uploads\/2022\/09\/Tetaz-en-el-Arroyo-Sarandi.mp4\"><\/video><\/figure>\n\n\n\n<p>Por Marcelo Ricardo Hawrylciw<\/p>\n\n\n\n<p><\/p>\n","protected":false},"excerpt":{"rendered":"<p>Los pol\u00edticos suelen inmolarse cuando est\u00e1n en campa\u00f1a, pero pocas veces son ellos mismos los que producen el archivo que los dejar\u00e1 en evidencia que no saben d\u00f3nde est\u00e1n parados, que mienten y que no tienen el m\u00ednimo respeto por los vecinos cuando ni siquiera preguntan si lo que van a hacer est\u00e1 chequeado. Con&hellip;<\/p>\n","protected":false},"author":1,"featured_media":116958,"comment_status":"open","ping_status":"open","sticky":false,"template":"","format":"standard","meta":{"footnotes":""},"categories":[10],"tags":[38314,20542,461,3274,2450,1662,26432,29304,2330,459],"class_list":["post-116957","post","type-post","status-publish","format-standard","has-post-thumbnail","hentry","category-editorial","tag-alen-lodeiro","tag-arroyo-sarandi","tag-avellaneda","tag-contaminacion","tag-diario-el-sindical","tag-gerli","tag-martin-tetaz","tag-maximiliano-gallucci","tag-sarandi","tag-sebastian-vinagre"],"_links":{"self":[{"href":"https:\/\/www.elsindical.com.ar\/notas\/wp-json\/wp\/v2\/posts\/116957","targetHints":{"allow":["GET"]}}],"collection":[{"href":"https:\/\/www.elsindical.com.ar\/notas\/wp-json\/wp\/v2\/posts"}],"about":[{"href":"https:\/\/www.elsindical.com.ar\/notas\/wp-json\/wp\/v2\/types\/post"}],"author":[{"embeddable":true,"href":"https:\/\/www.elsindical.com.ar\/notas\/wp-json\/wp\/v2\/users\/1"}],"replies":[{"embeddable":true,"href":"https:\/\/www.elsindical.com.ar\/notas\/wp-json\/wp\/v2\/comments?post=116957"}],"version-history":[{"count":1,"href":"https:\/\/www.elsindical.com.ar\/notas\/wp-json\/wp\/v2\/posts\/116957\/revisions"}],"predecessor-version":[{"id":116960,"href":"https:\/\/www.elsindical.com.ar\/notas\/wp-json\/wp\/v2\/posts\/116957\/revisions\/116960"}],"wp:featuredmedia":[{"embeddable":true,"href":"https:\/\/www.elsindical.com.ar\/notas\/wp-json\/wp\/v2\/media\/116958"}],"wp:attachment":[{"href":"https:\/\/www.elsindical.com.ar\/notas\/wp-json\/wp\/v2\/media?parent=116957"}],"wp:term":[{"taxonomy":"category","embeddable":true,"href":"https:\/\/www.elsindical.com.ar\/notas\/wp-json\/wp\/v2\/categories?post=116957"},{"taxonomy":"post_tag","embeddable":true,"href":"https:\/\/www.elsindical.com.ar\/notas\/wp-json\/wp\/v2\/tags?post=116957"}],"curies":[{"name":"wp","href":"https:\/\/api.w.org\/{rel}","templated":true}]}}