{"id":116944,"date":"2022-09-27T00:32:09","date_gmt":"2022-09-27T03:32:09","guid":{"rendered":"https:\/\/www.elsindical.com.ar\/notas\/?p=116944"},"modified":"2022-09-27T00:32:10","modified_gmt":"2022-09-27T03:32:10","slug":"mauricio-claver-carone-fue-destituido-de-la-presidencia-del-bid","status":"publish","type":"post","link":"https:\/\/www.elsindical.com.ar\/notas\/mauricio-claver-carone-fue-destituido-de-la-presidencia-del-bid\/","title":{"rendered":"Mauricio Claver-Carone fue destituido de la presidencia del BID"},"content":{"rendered":"\n<figure class=\"wp-block-image size-full\"><a href=\"https:\/\/www.elsindical.com.ar\/notas\/var\/www\/html\/notas\/wp-content\/uploads\/2022\/09\/Mauricio-Claver-Carone.jpg\"><img loading=\"lazy\" decoding=\"async\" width=\"969\" height=\"600\" src=\"https:\/\/www.elsindical.com.ar\/notas\/var\/www\/html\/notas\/wp-content\/uploads\/2022\/09\/Mauricio-Claver-Carone.jpg\" alt=\"\" class=\"wp-image-116945\" srcset=\"https:\/\/www.elsindical.com.ar\/notas\/var\/www\/html\/notas\/wp-content\/uploads\/2022\/09\/Mauricio-Claver-Carone.jpg 969w, https:\/\/www.elsindical.com.ar\/notas\/var\/www\/html\/notas\/wp-content\/uploads\/2022\/09\/Mauricio-Claver-Carone-300x186.jpg 300w, https:\/\/www.elsindical.com.ar\/notas\/var\/www\/html\/notas\/wp-content\/uploads\/2022\/09\/Mauricio-Claver-Carone-768x476.jpg 768w, https:\/\/www.elsindical.com.ar\/notas\/var\/www\/html\/notas\/wp-content\/uploads\/2022\/09\/Mauricio-Claver-Carone-485x300.jpg 485w\" sizes=\"auto, (max-width: 969px) 100vw, 969px\" \/><\/a><\/figure>\n\n\n\n<p>Fue a ra\u00edz de una denuncia por una supuesta relaci\u00f3n \u00edntima con una colaboradora directa.<\/p>\n\n\n\n<p>Este lunes, <strong>Mauricio Claver-Carone<\/strong>, presidente del&nbsp;<strong>Banco Interamericano de Desarrollo&nbsp;(BID)<\/strong>, fue destituido de su puesto por votaci\u00f3n de los gobernadores de la entidad despu\u00e9s de ser denunciado por una supuesta una <strong>relaci\u00f3n \u00edntima<\/strong> con una colaboradora directa, una situaci\u00f3n que no es aceptada por el c\u00f3digo de conducta de la instituci\u00f3n.<\/p>\n\n\n\n<p>Luego que el <strong>Directorio del BID<\/strong>&nbsp;recomendara la salida de Claver-Carone, el jueves se inici\u00f3 el proceso de sufragio y, en el mediod\u00eda de este lunes, se alcanzaron los votos necesarios para su remoci\u00f3n del cargo, seg\u00fan inform\u00f3 la agencia&nbsp;Reuters.<\/p>\n\n\n\n<p>Fuentes oficiales se\u00f1alaron que la salida de Claver-Carone&nbsp;no representa ning\u00fan peligro para las diferentes l\u00edneas de cr\u00e9dito que el BID anunci\u00f3 en las \u00faltimas semanas a favor de Argentina. Justamente, la <strong>Argentina habr\u00eda votado a favor de la salida<\/strong> de Claver-Carone, quien tuvo una relaci\u00f3n conflictiva&nbsp;con el Gobierno de <strong>Alberto Fern\u00e1ndez.<\/strong><\/p>\n\n\n\n<p>El ahora expresidente del BID hab\u00eda sido muy cr\u00edtico de la pol\u00edtica econ\u00f3mica que se implementaba en la Argentina previo a la asunci\u00f3n de\u00a0<strong>Sergio Massa<\/strong>\u00a0como Ministro de Econom\u00eda. De hecho, ten\u00eda frenada una serie de l\u00edneas crediticias que deb\u00edan haber llegado al pa\u00eds durante el primer semestre del a\u00f1o.<\/p>\n\n\n\n<p>Hace dos semanas, su posici\u00f3n tuvo un giro radical cuando fue visitado por Massa. Despu\u00e9s de dicho&nbsp;encuentro destac\u00f3 la nueva orientaci\u00f3n econ\u00f3mica que estaba encaminando la Argentina tras el cambio en la jefatura del Palacio de Hacienda.<\/p>\n\n\n\n<p>Justamente ese d\u00eda, se conoci\u00f3 la aprobaci\u00f3n de un pr\u00e9stamo por&nbsp;<strong>US$ 1200 millones<\/strong>&nbsp;para fortalecer las reservas del <strong>Banco Central<\/strong> y, en las semanas subsiguientes, se destrabaron fondos para obras de infraestructura por los <strong>US$ 1.000 millones.<\/strong><\/p>\n\n\n\n<p>La destituci\u00f3n de Claver-Carone&nbsp;inicia el proceso de un sucesor y los <strong>48 pa\u00edses miembros del BID<\/strong> deber\u00e1n presentar a sus postulantes en el lapso de los pr\u00f3ximos 45 d\u00edas.<\/p>\n\n\n\n<h4 class=\"wp-block-heading\">\u00bfQui\u00e9n es Mauricio Claver-Carone?<\/h4>\n\n\n\n<p>Es estadounidense de origen cubano y lleg\u00f3 a la presidencia del BID\u00a0gracias al apoyo de <strong>Donald Trump<\/strong>. El\u00a0funcionario relevado neg\u00f3 las acusaciones de mantener una relaci\u00f3n \u00edntima con su jefa de personal y sostuvo que \u00abno hay pruebas de esa relaci\u00f3n\u00bb.<\/p>\n\n\n\n<p><\/p>\n","protected":false},"excerpt":{"rendered":"<p>Fue a ra\u00edz de una denuncia por una supuesta relaci\u00f3n \u00edntima con una colaboradora directa. Este lunes, Mauricio Claver-Carone, presidente del&nbsp;Banco Interamericano de Desarrollo&nbsp;(BID), fue destituido de su puesto por votaci\u00f3n de los gobernadores de la entidad despu\u00e9s de ser denunciado por una supuesta una relaci\u00f3n \u00edntima con una colaboradora directa, una situaci\u00f3n que no&hellip;<\/p>\n","protected":false},"author":1,"featured_media":116945,"comment_status":"open","ping_status":"open","sticky":false,"template":"","format":"standard","meta":{"footnotes":""},"categories":[18],"tags":[27246,2573,2450,141,38310],"class_list":["post-116944","post","type-post","status-publish","format-standard","has-post-thumbnail","hentry","category-internacionales","tag-bid","tag-destituido","tag-diario-el-sindical","tag-eeuu","tag-mauricio-claver-carone"],"_links":{"self":[{"href":"https:\/\/www.elsindical.com.ar\/notas\/wp-json\/wp\/v2\/posts\/116944","targetHints":{"allow":["GET"]}}],"collection":[{"href":"https:\/\/www.elsindical.com.ar\/notas\/wp-json\/wp\/v2\/posts"}],"about":[{"href":"https:\/\/www.elsindical.com.ar\/notas\/wp-json\/wp\/v2\/types\/post"}],"author":[{"embeddable":true,"href":"https:\/\/www.elsindical.com.ar\/notas\/wp-json\/wp\/v2\/users\/1"}],"replies":[{"embeddable":true,"href":"https:\/\/www.elsindical.com.ar\/notas\/wp-json\/wp\/v2\/comments?post=116944"}],"version-history":[{"count":1,"href":"https:\/\/www.elsindical.com.ar\/notas\/wp-json\/wp\/v2\/posts\/116944\/revisions"}],"predecessor-version":[{"id":116946,"href":"https:\/\/www.elsindical.com.ar\/notas\/wp-json\/wp\/v2\/posts\/116944\/revisions\/116946"}],"wp:featuredmedia":[{"embeddable":true,"href":"https:\/\/www.elsindical.com.ar\/notas\/wp-json\/wp\/v2\/media\/116945"}],"wp:attachment":[{"href":"https:\/\/www.elsindical.com.ar\/notas\/wp-json\/wp\/v2\/media?parent=116944"}],"wp:term":[{"taxonomy":"category","embeddable":true,"href":"https:\/\/www.elsindical.com.ar\/notas\/wp-json\/wp\/v2\/categories?post=116944"},{"taxonomy":"post_tag","embeddable":true,"href":"https:\/\/www.elsindical.com.ar\/notas\/wp-json\/wp\/v2\/tags?post=116944"}],"curies":[{"name":"wp","href":"https:\/\/api.w.org\/{rel}","templated":true}]}}