{"id":116713,"date":"2022-09-17T07:42:44","date_gmt":"2022-09-17T10:42:44","guid":{"rendered":"https:\/\/www.elsindical.com.ar\/notas\/?p=116713"},"modified":"2022-09-17T07:42:46","modified_gmt":"2022-09-17T10:42:46","slug":"lanus-por-unanimidad-aprobaron-la-licencia-de-grindetti-y-asumira-kravetz-como-intendente-interino","status":"publish","type":"post","link":"https:\/\/www.elsindical.com.ar\/notas\/lanus-por-unanimidad-aprobaron-la-licencia-de-grindetti-y-asumira-kravetz-como-intendente-interino\/","title":{"rendered":"Lan\u00fas: Por unanimidad aprobaron la licencia de Grindetti y asumir\u00e1 Kravetz como intendente interino"},"content":{"rendered":"\n<figure class=\"wp-block-image size-large\"><a href=\"https:\/\/www.elsindical.com.ar\/notas\/var\/www\/html\/notas\/wp-content\/uploads\/2022\/09\/Kravetz-HCD-Lanus.jpeg\"><img loading=\"lazy\" decoding=\"async\" width=\"1024\" height=\"768\" src=\"https:\/\/www.elsindical.com.ar\/notas\/var\/www\/html\/notas\/wp-content\/uploads\/2022\/09\/Kravetz-HCD-Lanus-1024x768.jpeg\" alt=\"\" class=\"wp-image-116714\" srcset=\"https:\/\/www.elsindical.com.ar\/notas\/var\/www\/html\/notas\/wp-content\/uploads\/2022\/09\/Kravetz-HCD-Lanus-1024x768.jpeg 1024w, https:\/\/www.elsindical.com.ar\/notas\/var\/www\/html\/notas\/wp-content\/uploads\/2022\/09\/Kravetz-HCD-Lanus-300x225.jpeg 300w, https:\/\/www.elsindical.com.ar\/notas\/var\/www\/html\/notas\/wp-content\/uploads\/2022\/09\/Kravetz-HCD-Lanus-768x576.jpeg 768w, https:\/\/www.elsindical.com.ar\/notas\/var\/www\/html\/notas\/wp-content\/uploads\/2022\/09\/Kravetz-HCD-Lanus-400x300.jpeg 400w, https:\/\/www.elsindical.com.ar\/notas\/var\/www\/html\/notas\/wp-content\/uploads\/2022\/09\/Kravetz-HCD-Lanus-1536x1152.jpeg 1536w, https:\/\/www.elsindical.com.ar\/notas\/var\/www\/html\/notas\/wp-content\/uploads\/2022\/09\/Kravetz-HCD-Lanus.jpeg 1600w\" sizes=\"auto, (max-width: 1024px) 100vw, 1024px\" \/><\/a><\/figure>\n\n\n\n<p class=\"wp-block-paragraph\">El Concejo Deliberante de Lan\u00fas llev\u00f3 a cabo una sesi\u00f3n especial para <strong>tratar el pedido de licencia presentado por el intendente N\u00e9stor Grindetti, el cual fue aprobado por unanimidad.<\/strong> En su lugar, quedar\u00e1 el jefe de Gabinete,<strong> Diego Kravetz.<\/strong><\/p>\n\n\n\n<p class=\"wp-block-paragraph\">Del encuentro participaron 22 concejales<strong>. Se aprob\u00f3 la licencia del jefe comunal que viajar\u00e1 a Italia del 3 al 16 de octubre.<\/strong> En su lugar, asume Kravetz, ya que es el primer concejal de la lista del 2019.<\/p>\n\n\n\n<p class=\"wp-block-paragraph\"><a href=\"https:\/\/twitter.com\/Nestorgrindetti\/status\/1570396736589533184\">En su cuenta de Twitter,<\/a> Grindetti hab\u00eda anunciado que se tomar\u00eda unos d\u00edas para viajar a Italia, un viaje que se hab\u00eda postergado por la pandemia.<\/p>\n\n\n\n<p class=\"wp-block-paragraph\">\u201cQuiero contarles que antes de la pandemia ten\u00eda programado un viaje familiar a Italia,<strong> la tierra de mis nonnos, que finalmente voy a poder realizar entre el 3 y el 15 de octubre despu\u00e9s de postergarlo por m\u00e1s de 3 a\u00f1os\u201d<\/strong>, detall\u00f3 el jefe comunal.<\/p>\n\n\n\n<p class=\"wp-block-paragraph\">En tanto, aclar\u00f3: \u201cComo sucede siempre, aprovechar\u00e9 esta oportunidad para concretar mejoras para nuestro municipio\u201d. Y adelant\u00f3: <strong>\u201cVoy a reunirme con el embajador argentino en Italia y funcionarios de la Comuna de Roma para compartir experiencias y ayudar a empresas locales que exporten a Europa\u201d.<\/strong><\/p>\n\n\n\n<p class=\"wp-block-paragraph\">\u201cTambi\u00e9n voy a aprovechar para encontrarme con Javier Zanetti. Juntos, vamos a repasar los planes que venimos llevando a cabo con la Fundaci\u00f3n PUPI en Lan\u00fas\u201d, indic\u00f3 el dirigente del PRO.<\/p>\n","protected":false},"excerpt":{"rendered":"<p>El Concejo Deliberante de Lan\u00fas llev\u00f3 a cabo una sesi\u00f3n especial para tratar el pedido de licencia presentado por el intendente N\u00e9stor Grindetti, el cual fue aprobado por unanimidad. En su lugar, quedar\u00e1 el jefe de Gabinete, Diego Kravetz. Del encuentro participaron 22 concejales. Se aprob\u00f3 la licencia del jefe comunal que viajar\u00e1 a Italia&hellip;<\/p>\n","protected":false},"author":1,"featured_media":116714,"comment_status":"open","ping_status":"open","sticky":false,"template":"","format":"standard","meta":{"footnotes":""},"categories":[13],"tags":[2450,23470,36789,1833,5025,1624,3778],"class_list":["post-116713","post","type-post","status-publish","format-standard","has-post-thumbnail","hentry","category-politica","tag-diario-el-sindical","tag-diego-kravetz","tag-hcd-lanus","tag-intendente","tag-nestor-grindetti","tag-twitter","tag-viaje"],"_links":{"self":[{"href":"https:\/\/www.elsindical.com.ar\/notas\/wp-json\/wp\/v2\/posts\/116713","targetHints":{"allow":["GET"]}}],"collection":[{"href":"https:\/\/www.elsindical.com.ar\/notas\/wp-json\/wp\/v2\/posts"}],"about":[{"href":"https:\/\/www.elsindical.com.ar\/notas\/wp-json\/wp\/v2\/types\/post"}],"author":[{"embeddable":true,"href":"https:\/\/www.elsindical.com.ar\/notas\/wp-json\/wp\/v2\/users\/1"}],"replies":[{"embeddable":true,"href":"https:\/\/www.elsindical.com.ar\/notas\/wp-json\/wp\/v2\/comments?post=116713"}],"version-history":[{"count":1,"href":"https:\/\/www.elsindical.com.ar\/notas\/wp-json\/wp\/v2\/posts\/116713\/revisions"}],"predecessor-version":[{"id":116715,"href":"https:\/\/www.elsindical.com.ar\/notas\/wp-json\/wp\/v2\/posts\/116713\/revisions\/116715"}],"wp:featuredmedia":[{"embeddable":true,"href":"https:\/\/www.elsindical.com.ar\/notas\/wp-json\/wp\/v2\/media\/116714"}],"wp:attachment":[{"href":"https:\/\/www.elsindical.com.ar\/notas\/wp-json\/wp\/v2\/media?parent=116713"}],"wp:term":[{"taxonomy":"category","embeddable":true,"href":"https:\/\/www.elsindical.com.ar\/notas\/wp-json\/wp\/v2\/categories?post=116713"},{"taxonomy":"post_tag","embeddable":true,"href":"https:\/\/www.elsindical.com.ar\/notas\/wp-json\/wp\/v2\/tags?post=116713"}],"curies":[{"name":"wp","href":"https:\/\/api.w.org\/{rel}","templated":true}]}}