{"id":116677,"date":"2022-09-15T11:28:24","date_gmt":"2022-09-15T14:28:24","guid":{"rendered":"https:\/\/www.elsindical.com.ar\/notas\/?p=116677"},"modified":"2022-09-15T11:28:25","modified_gmt":"2022-09-15T14:28:25","slug":"la-abogada-inquilina-de-la-vecina-de-cristina-ex-funcionaria-macrista","status":"publish","type":"post","link":"https:\/\/www.elsindical.com.ar\/notas\/la-abogada-inquilina-de-la-vecina-de-cristina-ex-funcionaria-macrista\/","title":{"rendered":"La abogada inquilina de la vecina de Cristina, ex funcionaria\u00a0macrista"},"content":{"rendered":"\n<figure class=\"wp-block-image size-full\"><a href=\"https:\/\/www.elsindical.com.ar\/notas\/var\/www\/html\/notas\/wp-content\/uploads\/2022\/09\/vecina-de-Cristina-y-justicia-independiente.png\"><img loading=\"lazy\" decoding=\"async\" width=\"895\" height=\"403\" src=\"https:\/\/www.elsindical.com.ar\/notas\/var\/www\/html\/notas\/wp-content\/uploads\/2022\/09\/vecina-de-Cristina-y-justicia-independiente.png\" alt=\"\" class=\"wp-image-116680\" srcset=\"https:\/\/www.elsindical.com.ar\/notas\/var\/www\/html\/notas\/wp-content\/uploads\/2022\/09\/vecina-de-Cristina-y-justicia-independiente.png 895w, https:\/\/www.elsindical.com.ar\/notas\/var\/www\/html\/notas\/wp-content\/uploads\/2022\/09\/vecina-de-Cristina-y-justicia-independiente-300x135.png 300w, https:\/\/www.elsindical.com.ar\/notas\/var\/www\/html\/notas\/wp-content\/uploads\/2022\/09\/vecina-de-Cristina-y-justicia-independiente-768x346.png 768w, https:\/\/www.elsindical.com.ar\/notas\/var\/www\/html\/notas\/wp-content\/uploads\/2022\/09\/vecina-de-Cristina-y-justicia-independiente-500x225.png 500w\" sizes=\"auto, (max-width: 895px) 100vw, 895px\" \/><\/a><\/figure>\n\n\n\n<p class=\"wp-block-paragraph\">La mujer que le alquila una habitaci\u00f3n a Ximena de Tezanos Pintos tuvo un lugar clave durante el gobierno de Macri.<\/p>\n\n\n\n<p class=\"wp-block-paragraph\">Por Guillermo Carlos Delgado Jordan para Noticias La Insuperable<\/p>\n\n\n\n<p class=\"wp-block-paragraph\">El mi\u00e9rcoles 31 de agosto pasado se desarrollaba el d\u00e9cimo d\u00eda de vigilia frente a la casa de Cristina Kirchner, manifestaci\u00f3n de cari\u00f1o en respuesta al verborr\u00e1gico alegato del fiscal <a href=\"https:\/\/noticiaslainsuperable.com.ar\/2022\/08\/31\/exclusivo-la-fundacion-que-vincula-al-fiscal-luciani-y-a-mauricio-macri\/\">Luciani<\/a> que, sin pruebas pero con la espalda que le brinda <strong>un poder judicial viciado<\/strong>, colocaba a la exmandataria como sin\u00f3nimo de corrupci\u00f3n, amenaz\u00e1ndola con la c\u00e1rcel y la inhabilitaci\u00f3n de por vida para el desempe\u00f1o de cargos p\u00fablicos.<\/p>\n\n\n\n<p class=\"wp-block-paragraph\">Ese d\u00eda, con una gran presencia de manifestantes, la vicepresidenta arrib\u00f3 a su casa a las 20.25, rodeada de celulares que intentaban una foto y brazos que buscaban su siempre bien dispuesto saludo. <strong>Nadie avizoraba lo que suceder\u00eda 48 horas m\u00e1s tarde<\/strong>.<\/p>\n\n\n\n<figure class=\"wp-block-image size-full\"><a href=\"https:\/\/www.elsindical.com.ar\/notas\/var\/www\/html\/notas\/wp-content\/uploads\/2022\/09\/Cristina-llegando-a-su-casa.jpg\"><img loading=\"lazy\" decoding=\"async\" width=\"900\" height=\"506\" src=\"https:\/\/www.elsindical.com.ar\/notas\/var\/www\/html\/notas\/wp-content\/uploads\/2022\/09\/Cristina-llegando-a-su-casa.jpg\" alt=\"\" class=\"wp-image-116681\" srcset=\"https:\/\/www.elsindical.com.ar\/notas\/var\/www\/html\/notas\/wp-content\/uploads\/2022\/09\/Cristina-llegando-a-su-casa.jpg 900w, https:\/\/www.elsindical.com.ar\/notas\/var\/www\/html\/notas\/wp-content\/uploads\/2022\/09\/Cristina-llegando-a-su-casa-300x169.jpg 300w, https:\/\/www.elsindical.com.ar\/notas\/var\/www\/html\/notas\/wp-content\/uploads\/2022\/09\/Cristina-llegando-a-su-casa-768x432.jpg 768w, https:\/\/www.elsindical.com.ar\/notas\/var\/www\/html\/notas\/wp-content\/uploads\/2022\/09\/Cristina-llegando-a-su-casa-500x281.jpg 500w, https:\/\/www.elsindical.com.ar\/notas\/var\/www\/html\/notas\/wp-content\/uploads\/2022\/09\/Cristina-llegando-a-su-casa-460x260.jpg 460w\" sizes=\"auto, (max-width: 900px) 100vw, 900px\" \/><\/a><\/figure>\n\n\n\n<p class=\"wp-block-paragraph\">Un piso m\u00e1s arriba del departamento de Cristina, una flamante vecina celebraba su cumplea\u00f1os n\u00famero 62. Era <strong>Gladys Benita Egui<\/strong>, una abogada que le renta un espacio a Ximena de Tezanos Pintos, la vecina de la vice que se identifica como republicana y liberal. Egui vive all\u00ed hace cuatro\/cinco meses, un tiempo extra\u00f1amente concordante con la vida de una agrupaci\u00f3n ultraderechista en la cual la investigaci\u00f3n del atentado est\u00e1 posando sus ojos: <strong>Revoluci\u00f3n Federal<\/strong>.<\/p>\n\n\n\n<p class=\"wp-block-paragraph\">Precisamente, <strong>Gladys Benita Egui es la letrada de dos personas vinculadas a este grupo<\/strong>:<\/p>\n\n\n\n<ul class=\"wp-block-list\"><li><strong>Leonardo Sosa<\/strong>, quien en su cuenta de Twitter (@leo_bertario) reconoce su pertenencia a Revoluci\u00f3n Federal y public\u00f3 el 28 de agosto una foto en el departamento de Ximena de Tezanos Pinto, la vecina que vive en el piso de arriba de Cristina Kirchner. \u201cMiren a los Kumpas ahora mismo\u2026 creo que me est\u00e1n cantando a m\u00ed\u201c, poste\u00f3 junto a una foto tomada desde la ventana del inmueble. Sosa fue uno de los integrantes de una patota que el d\u00eda del alegato del fiscal Luciani fue a provocar a la esquina de Juncal y Uruguay, con manifestaciones contra la vicepresidenta. Como era previsible, terminaron enfrentados a la militancia. Tras la escaramuza y ser identificado como el agresor que arroj\u00f3 una botella, Sosa termin\u00f3 detenido y con una causa abierta por resistencia a la autoridad.<\/li><li><strong>Gast\u00f3n Guerra<\/strong>, quien tambi\u00e9n estuvo unas horas arrestado, en su caso tras el escrache organizado a Sergio Massa el d\u00eda que asumi\u00f3 como ministro. Se lo identific\u00f3 como el joven que golpe\u00f3 el veh\u00edculo en el que se trasladaba el funcionario, y tambi\u00e9n como quien agredi\u00f3 a un cronista de C5N que radic\u00f3 la denuncia, Lautaro Maisl\u00edn.<\/li><\/ul>\n\n\n\n<p class=\"wp-block-paragraph\">Pero lo curioso es que estas causas no tienen nada que ver con la especialidad de Gladys Egui, quien se identifica como <strong>especialista en Prevenci\u00f3n de Lavado de Activos, Fraude y Derecho Registral, Notarial e Inmobiliario<\/strong>. Y es precisamente por este lado por donde <strong>le prest\u00f3 servicios al gobierno macrista<\/strong>. Pero vayamos por partes\u2026<\/p>\n\n\n\n<p class=\"wp-block-paragraph\">Gladys Benita Egui obtuvo su t\u00edtulo en Derecho en la UBA el 20 de diciembre de 2013, o sea, <strong>a los 53 a\u00f1os de edad<\/strong>. Luego de eso hizo posgrados en las especializaciones nombradas m\u00e1s arriba. Antes de recibirse se dedicaba a los seguros, donde era productora. Previo a compartir casa con Tezanos Pintos, al parecer, viv\u00eda en una habitaci\u00f3n de un hotel en Balvanera, o al menos as\u00ed se desprende del domicilio declarado en el Colegio P\u00fablico de Abogados de la Capital Federal y que figura en las bases p\u00fablicas de la ANSES.<\/p>\n\n\n<div class=\"wp-block-image\">\n<figure class=\"aligncenter size-full\"><a href=\"https:\/\/www.elsindical.com.ar\/notas\/var\/www\/html\/notas\/wp-content\/uploads\/2022\/09\/informe-Egui.jpg\"><img loading=\"lazy\" decoding=\"async\" width=\"760\" height=\"140\" src=\"https:\/\/www.elsindical.com.ar\/notas\/var\/www\/html\/notas\/wp-content\/uploads\/2022\/09\/informe-Egui.jpg\" alt=\"\" class=\"wp-image-116678\" srcset=\"https:\/\/www.elsindical.com.ar\/notas\/var\/www\/html\/notas\/wp-content\/uploads\/2022\/09\/informe-Egui.jpg 760w, https:\/\/www.elsindical.com.ar\/notas\/var\/www\/html\/notas\/wp-content\/uploads\/2022\/09\/informe-Egui-300x55.jpg 300w, https:\/\/www.elsindical.com.ar\/notas\/var\/www\/html\/notas\/wp-content\/uploads\/2022\/09\/informe-Egui-500x92.jpg 500w\" sizes=\"auto, (max-width: 760px) 100vw, 760px\" \/><\/a><\/figure>\n<\/div>\n\n\n<p class=\"wp-block-paragraph\">Seg\u00fan su Linkedin, su primer trabajo vinculado al tema del Derecho fue durante un par de a\u00f1os en el Banco Industrial, como Responsable de monitoreo de alertas y an\u00e1lisis de operaciones sospechosas vinculadas al Lavado de Dinero. All\u00ed estuvo hasta diciembre de 2015. <strong>El a\u00f1o siguiente, ya con Mauricio Macri en la presidencia, la encontrar\u00eda en un lugar muy sensible\u2026<\/strong><\/p>\n\n\n\n<p class=\"wp-block-paragraph\"><\/p>\n\n\n\n<figure class=\"wp-block-image size-full\"><a href=\"https:\/\/www.elsindical.com.ar\/notas\/var\/www\/html\/notas\/wp-content\/uploads\/2022\/09\/Egui-Linkedin.png\"><img loading=\"lazy\" decoding=\"async\" width=\"831\" height=\"433\" src=\"https:\/\/www.elsindical.com.ar\/notas\/var\/www\/html\/notas\/wp-content\/uploads\/2022\/09\/Egui-Linkedin.png\" alt=\"\" class=\"wp-image-116679\" srcset=\"https:\/\/www.elsindical.com.ar\/notas\/var\/www\/html\/notas\/wp-content\/uploads\/2022\/09\/Egui-Linkedin.png 831w, https:\/\/www.elsindical.com.ar\/notas\/var\/www\/html\/notas\/wp-content\/uploads\/2022\/09\/Egui-Linkedin-300x156.png 300w, https:\/\/www.elsindical.com.ar\/notas\/var\/www\/html\/notas\/wp-content\/uploads\/2022\/09\/Egui-Linkedin-768x400.png 768w, https:\/\/www.elsindical.com.ar\/notas\/var\/www\/html\/notas\/wp-content\/uploads\/2022\/09\/Egui-Linkedin-500x261.png 500w\" sizes=\"auto, (max-width: 831px) 100vw, 831px\" \/><\/a><\/figure>\n\n\n\n<p class=\"wp-block-paragraph\">Cuando Cambiemos lleg\u00f3 a Casa Rosada ten\u00eda en su agenda <strong>borrar de cuajo todo resabio de kirchnerismo del pa\u00eds<\/strong> e inici\u00f3 una persecuci\u00f3n medi\u00e1tica-judicial contra varios referentes y organizaciones identificadas con el anterior gobierno.<\/p>\n\n\n\n<p class=\"wp-block-paragraph\"><strong>Uno de los grandes damnificados por esta pol\u00edtica persecutoria fue el ex secretario del Sindicato de Obreros Mar\u00edtimos Unidos (SOMU), Omar \u00abEl Caballo\u00bb Su\u00e1rez<\/strong>, quien fue detenido en septiembre de 2016 tras ser procesado con prisi\u00f3n preventiva, acusado de ser \u00abjefe\u00bb de una asociaci\u00f3n il\u00edcita y de llevar adelante una administraci\u00f3n fraudulenta en el gremio que lider\u00f3 por 28 a\u00f1os. Estuvo tres a\u00f1os preso y finalmente fue <strong>absuelto por la Justicia este a\u00f1o<\/strong>.<\/p>\n\n\n\n<p class=\"wp-block-paragraph\">Previo a todo esto, a inicios de 2016, el SOMU hab\u00eda sido intervenido. <strong>Quien estuvo al frente como Interventora fue Gladys Gonz\u00e1lez<\/strong>, la ahora senadora nacionl de Cambiemos por la provincia de Buenos Aires. All\u00ed inici\u00f3 una persecuci\u00f3n comparable a la denominada \u00abGestapo Antisindical\u00bb, aquella del armado ilegal de causas penales contra dirigentes sindicales, por parte de funcionarios p\u00fablicos, llevada a cabo durante el gobierno de Mar\u00eda Eugenia Vidal y cuya investigaci\u00f3n parece esta congelada en la Justicia.<\/p>\n\n\n\n<p class=\"wp-block-paragraph\">La intervenci\u00f3n del SOMU finaliz\u00f3 en marzo de 2018 en una audiencia en el juzgado Criminal Correccional y Federal n\u00famero 6, secretar\u00eda 11, a cargo del juez Can\u00edcoba Corral. Y <strong>quien estuvo en el SOMU intervenido, analizando probables delitos, lavado de dinero y elevando informes a la Unidad de Informaci\u00f3n Financiera (<em>UIF<\/em>), cuando la dirig\u00eda Mariano Federici para armar causas contra los sindicalistas fue, precisamente, la que le renta una habitaci\u00f3n a la vecina de Cristina: la abogada Gladys Benita Egui<\/strong>.<\/p>\n\n\n\n<figure class=\"wp-block-image\"><img decoding=\"async\" src=\"https:\/\/lainsuperable.files.wordpress.com\/2022\/09\/qq1-13.png?w=832\" alt=\"\"\/><\/figure>\n\n\n\n<p class=\"wp-block-paragraph\">Cu\u00e1les fueron los <strong>nexos pol\u00edticos<\/strong> que llevaron a la ahora abogada de integrantes de un grupo investigado por atentar contra la vida de la vicepresidenta de Argentina, a ocupar un puesto clave en la persecuci\u00f3n de opositores durante el macrismo, ser\u00eda materia obligada de investigaci\u00f3n de la Justicia.<\/p>\n\n\n\n<p class=\"wp-block-paragraph\">Fuente: La Insuperable<\/p>\n","protected":false},"excerpt":{"rendered":"<p>La mujer que le alquila una habitaci\u00f3n a Ximena de Tezanos Pintos tuvo un lugar clave durante el gobierno de Macri. Por Guillermo Carlos Delgado Jordan para Noticias La Insuperable El mi\u00e9rcoles 31 de agosto pasado se desarrollaba el d\u00e9cimo d\u00eda de vigilia frente a la casa de Cristina Kirchner, manifestaci\u00f3n de cari\u00f1o en respuesta&hellip;<\/p>\n","protected":false},"author":1,"featured_media":116680,"comment_status":"open","ping_status":"open","sticky":false,"template":"","format":"standard","meta":{"footnotes":""},"categories":[21,13],"tags":[80,2450,38202,38199,38201,38200,3219,38198],"class_list":["post-116677","post","type-post","status-publish","format-standard","has-post-thumbnail","hentry","category-opinion","category-politica","tag-anses","tag-diario-el-sindical","tag-gaston-guerra","tag-gladys-benita-egui","tag-leonardo-sosa","tag-revolucion-federal","tag-somu","tag-ximena-de-tezanos-pintos"],"_links":{"self":[{"href":"https:\/\/www.elsindical.com.ar\/notas\/wp-json\/wp\/v2\/posts\/116677","targetHints":{"allow":["GET"]}}],"collection":[{"href":"https:\/\/www.elsindical.com.ar\/notas\/wp-json\/wp\/v2\/posts"}],"about":[{"href":"https:\/\/www.elsindical.com.ar\/notas\/wp-json\/wp\/v2\/types\/post"}],"author":[{"embeddable":true,"href":"https:\/\/www.elsindical.com.ar\/notas\/wp-json\/wp\/v2\/users\/1"}],"replies":[{"embeddable":true,"href":"https:\/\/www.elsindical.com.ar\/notas\/wp-json\/wp\/v2\/comments?post=116677"}],"version-history":[{"count":1,"href":"https:\/\/www.elsindical.com.ar\/notas\/wp-json\/wp\/v2\/posts\/116677\/revisions"}],"predecessor-version":[{"id":116682,"href":"https:\/\/www.elsindical.com.ar\/notas\/wp-json\/wp\/v2\/posts\/116677\/revisions\/116682"}],"wp:featuredmedia":[{"embeddable":true,"href":"https:\/\/www.elsindical.com.ar\/notas\/wp-json\/wp\/v2\/media\/116680"}],"wp:attachment":[{"href":"https:\/\/www.elsindical.com.ar\/notas\/wp-json\/wp\/v2\/media?parent=116677"}],"wp:term":[{"taxonomy":"category","embeddable":true,"href":"https:\/\/www.elsindical.com.ar\/notas\/wp-json\/wp\/v2\/categories?post=116677"},{"taxonomy":"post_tag","embeddable":true,"href":"https:\/\/www.elsindical.com.ar\/notas\/wp-json\/wp\/v2\/tags?post=116677"}],"curies":[{"name":"wp","href":"https:\/\/api.w.org\/{rel}","templated":true}]}}