{"id":116650,"date":"2022-09-14T16:16:04","date_gmt":"2022-09-14T19:16:04","guid":{"rendered":"https:\/\/www.elsindical.com.ar\/notas\/?p=116650"},"modified":"2022-09-14T16:16:09","modified_gmt":"2022-09-14T19:16:09","slug":"caba-desarticulan-talleres-clandestinos-y-rescatan-a-28-personas-victimas-de-trata","status":"publish","type":"post","link":"https:\/\/www.elsindical.com.ar\/notas\/caba-desarticulan-talleres-clandestinos-y-rescatan-a-28-personas-victimas-de-trata\/","title":{"rendered":"CABA: Desarticulan talleres clandestinos y rescatan a 28 personas v\u00edctimas de trata"},"content":{"rendered":"\n<figure class=\"wp-block-image size-large\"><a href=\"https:\/\/www.elsindical.com.ar\/notas\/var\/www\/html\/notas\/wp-content\/uploads\/2022\/09\/talleres-clandestinos-CABA-1.jpeg\"><img loading=\"lazy\" decoding=\"async\" width=\"1024\" height=\"768\" src=\"https:\/\/www.elsindical.com.ar\/notas\/var\/www\/html\/notas\/wp-content\/uploads\/2022\/09\/talleres-clandestinos-CABA-1-1024x768.jpeg\" alt=\"\" class=\"wp-image-116651\" srcset=\"https:\/\/www.elsindical.com.ar\/notas\/var\/www\/html\/notas\/wp-content\/uploads\/2022\/09\/talleres-clandestinos-CABA-1-1024x768.jpeg 1024w, https:\/\/www.elsindical.com.ar\/notas\/var\/www\/html\/notas\/wp-content\/uploads\/2022\/09\/talleres-clandestinos-CABA-1-300x225.jpeg 300w, https:\/\/www.elsindical.com.ar\/notas\/var\/www\/html\/notas\/wp-content\/uploads\/2022\/09\/talleres-clandestinos-CABA-1-768x576.jpeg 768w, https:\/\/www.elsindical.com.ar\/notas\/var\/www\/html\/notas\/wp-content\/uploads\/2022\/09\/talleres-clandestinos-CABA-1-400x300.jpeg 400w, https:\/\/www.elsindical.com.ar\/notas\/var\/www\/html\/notas\/wp-content\/uploads\/2022\/09\/talleres-clandestinos-CABA-1.jpeg 1040w\" sizes=\"auto, (max-width: 1024px) 100vw, 1024px\" \/><\/a><\/figure>\n\n\n\n<p class=\"wp-block-paragraph\">Una vez m\u00e1s, la Ciudad Aut\u00f3noma de Buenos Aires es noticia por la existencia de talleres clandestinos donde se explota a los trabajadores, estaban ubicados en el barrio porte\u00f1o de Flores. Identificaron al presunto responsable.<\/p>\n\n\n\n<p class=\"wp-block-paragraph\">El <strong>Ministerio de Seguridad <\/strong>de la Naci\u00f3n allan\u00f3, a trav\u00e9s del personal de la <strong>Prefectura Naval Argentina<\/strong>, dos talleres destinados a la confecci\u00f3n de indumentaria ubicados en el barrio de Flores, que ven\u00edan siendo investigados por una causa de <strong>trata de personas.<\/strong><\/p>\n\n\n\n<p class=\"wp-block-paragraph\">En el operativo desarrollado por la Prefectura, se logr\u00f3 brindar asistencia a<strong> 28 presuntas v\u00edctimas<\/strong>, entre las que se encontraban<strong> 11 menores de edad,<\/strong> por lo que&nbsp;activ\u00f3 el Programa de Rescate y Acompa\u00f1amiento de Personas Damnificadas por el delito de Trata.<\/p>\n\n\n\n<p class=\"wp-block-paragraph\">Seg\u00fan se\u00f1alaron las fuentes oficiales, en las acciones de la fuerza de seguridad <strong>se identific\u00f3 a un hombre<\/strong>, de nacionalidad boliviana, que tras las vinculaciones que se desprendieron directamente de las pesquisas, ser\u00eda el responsable de los lugares registrados.<\/p>\n\n\n\n<p class=\"wp-block-paragraph\">La causa est\u00e1 a cargo del <strong>Juzgado Federal 2<\/strong>, a cargo del Dr. Sebasti\u00e1n Ramos, y tambi\u00e9n <strong>secuestraron dinero en efectivo<\/strong> (pesos argentinos, bol\u00edvares y d\u00f3lares), bultos cargados con <strong>indumentaria<\/strong> y<strong> seis m\u00e1quinas textiles.<\/strong><\/p>\n\n\n\n<p class=\"wp-block-paragraph\">Cabe destacar que los lugares fueron clausurados por la <strong>Direcci\u00f3n de Fiscalizaci\u00f3n y Control de la Ciudad de Buenos Aires.<\/strong><\/p>\n\n\n<div class=\"wp-block-image\">\n<figure class=\"aligncenter size-large\"><a href=\"https:\/\/www.elsindical.com.ar\/notas\/var\/www\/html\/notas\/wp-content\/uploads\/2022\/09\/talleres-clandestinos-CABA-2.jpeg\"><img loading=\"lazy\" decoding=\"async\" width=\"768\" height=\"1024\" src=\"https:\/\/www.elsindical.com.ar\/notas\/var\/www\/html\/notas\/wp-content\/uploads\/2022\/09\/talleres-clandestinos-CABA-2-768x1024.jpeg\" alt=\"\" class=\"wp-image-116652\" srcset=\"https:\/\/www.elsindical.com.ar\/notas\/var\/www\/html\/notas\/wp-content\/uploads\/2022\/09\/talleres-clandestinos-CABA-2-768x1024.jpeg 768w, https:\/\/www.elsindical.com.ar\/notas\/var\/www\/html\/notas\/wp-content\/uploads\/2022\/09\/talleres-clandestinos-CABA-2-225x300.jpeg 225w, https:\/\/www.elsindical.com.ar\/notas\/var\/www\/html\/notas\/wp-content\/uploads\/2022\/09\/talleres-clandestinos-CABA-2.jpeg 810w\" sizes=\"auto, (max-width: 768px) 100vw, 768px\" \/><\/a><\/figure>\n<\/div>","protected":false},"excerpt":{"rendered":"<p>Una vez m\u00e1s, la Ciudad Aut\u00f3noma de Buenos Aires es noticia por la existencia de talleres clandestinos donde se explota a los trabajadores, estaban ubicados en el barrio porte\u00f1o de Flores. Identificaron al presunto responsable. El Ministerio de Seguridad de la Naci\u00f3n allan\u00f3, a trav\u00e9s del personal de la Prefectura Naval Argentina, dos talleres destinados&hellip;<\/p>\n","protected":false},"author":1,"featured_media":116651,"comment_status":"open","ping_status":"open","sticky":false,"template":"","format":"standard","meta":{"footnotes":""},"categories":[22,25],"tags":[4284,2577,2450,1943,2296,19283],"class_list":["post-116650","post","type-post","status-publish","format-standard","has-post-thumbnail","hentry","category-policiales","category-sociedad","tag-caba","tag-clausuras","tag-diario-el-sindical","tag-horacio-rodriguez-larreta","tag-talleres-clandestinos","tag-victimas-de-trata"],"_links":{"self":[{"href":"https:\/\/www.elsindical.com.ar\/notas\/wp-json\/wp\/v2\/posts\/116650","targetHints":{"allow":["GET"]}}],"collection":[{"href":"https:\/\/www.elsindical.com.ar\/notas\/wp-json\/wp\/v2\/posts"}],"about":[{"href":"https:\/\/www.elsindical.com.ar\/notas\/wp-json\/wp\/v2\/types\/post"}],"author":[{"embeddable":true,"href":"https:\/\/www.elsindical.com.ar\/notas\/wp-json\/wp\/v2\/users\/1"}],"replies":[{"embeddable":true,"href":"https:\/\/www.elsindical.com.ar\/notas\/wp-json\/wp\/v2\/comments?post=116650"}],"version-history":[{"count":1,"href":"https:\/\/www.elsindical.com.ar\/notas\/wp-json\/wp\/v2\/posts\/116650\/revisions"}],"predecessor-version":[{"id":116653,"href":"https:\/\/www.elsindical.com.ar\/notas\/wp-json\/wp\/v2\/posts\/116650\/revisions\/116653"}],"wp:featuredmedia":[{"embeddable":true,"href":"https:\/\/www.elsindical.com.ar\/notas\/wp-json\/wp\/v2\/media\/116651"}],"wp:attachment":[{"href":"https:\/\/www.elsindical.com.ar\/notas\/wp-json\/wp\/v2\/media?parent=116650"}],"wp:term":[{"taxonomy":"category","embeddable":true,"href":"https:\/\/www.elsindical.com.ar\/notas\/wp-json\/wp\/v2\/categories?post=116650"},{"taxonomy":"post_tag","embeddable":true,"href":"https:\/\/www.elsindical.com.ar\/notas\/wp-json\/wp\/v2\/tags?post=116650"}],"curies":[{"name":"wp","href":"https:\/\/api.w.org\/{rel}","templated":true}]}}