{"id":116617,"date":"2022-09-13T15:23:28","date_gmt":"2022-09-13T18:23:28","guid":{"rendered":"https:\/\/www.elsindical.com.ar\/notas\/?p=116617"},"modified":"2022-09-13T15:23:29","modified_gmt":"2022-09-13T18:23:29","slug":"avellaneda-la-policia-aprehendio-a-los-imputados-por-el-homicidio-de-walter-jackard","status":"publish","type":"post","link":"https:\/\/www.elsindical.com.ar\/notas\/avellaneda-la-policia-aprehendio-a-los-imputados-por-el-homicidio-de-walter-jackard\/","title":{"rendered":"Avellaneda: La polic\u00eda aprehendi\u00f3 a los imputados por el homicidio de Walter Jackard"},"content":{"rendered":"<div class=\"wp-block-image\">\n<figure class=\"aligncenter size-full\"><a href=\"https:\/\/www.elsindical.com.ar\/notas\/var\/www\/html\/notas\/wp-content\/uploads\/2022\/09\/sddsfd54d.jpg\"><img loading=\"lazy\" decoding=\"async\" width=\"544\" height=\"724\" src=\"https:\/\/www.elsindical.com.ar\/notas\/var\/www\/html\/notas\/wp-content\/uploads\/2022\/09\/sddsfd54d.jpg\" alt=\"\" class=\"wp-image-116618\" srcset=\"https:\/\/www.elsindical.com.ar\/notas\/var\/www\/html\/notas\/wp-content\/uploads\/2022\/09\/sddsfd54d.jpg 544w, https:\/\/www.elsindical.com.ar\/notas\/var\/www\/html\/notas\/wp-content\/uploads\/2022\/09\/sddsfd54d-225x300.jpg 225w\" sizes=\"auto, (max-width: 544px) 100vw, 544px\" \/><\/a><\/figure>\n<\/div>\n\n\n<p>   A horas de una marcha reclamando justicia por el asesinato de Walter Jackard, la polic\u00eda en un mega operativo con allanamientos en Avellaneda y CABA, aprehendi\u00f3 a los imputados de participar en el crimen ocurrido en la localidad de Dock Sud.<\/p>\n\n\n<div class=\"wp-block-image\">\n<figure class=\"aligncenter size-full\"><a href=\"https:\/\/www.elsindical.com.ar\/notas\/var\/www\/html\/notas\/wp-content\/uploads\/2022\/09\/Marcha-por-Walter-Jackard.jpg\"><img loading=\"lazy\" decoding=\"async\" width=\"839\" height=\"955\" src=\"https:\/\/www.elsindical.com.ar\/notas\/var\/www\/html\/notas\/wp-content\/uploads\/2022\/09\/Marcha-por-Walter-Jackard.jpg\" alt=\"\" class=\"wp-image-116619\" srcset=\"https:\/\/www.elsindical.com.ar\/notas\/var\/www\/html\/notas\/wp-content\/uploads\/2022\/09\/Marcha-por-Walter-Jackard.jpg 839w, https:\/\/www.elsindical.com.ar\/notas\/var\/www\/html\/notas\/wp-content\/uploads\/2022\/09\/Marcha-por-Walter-Jackard-264x300.jpg 264w, https:\/\/www.elsindical.com.ar\/notas\/var\/www\/html\/notas\/wp-content\/uploads\/2022\/09\/Marcha-por-Walter-Jackard-768x874.jpg 768w\" sizes=\"auto, (max-width: 839px) 100vw, 839px\" \/><\/a><\/figure>\n<\/div>\n\n\n<p>El parte policial:<\/p>\n\n\n\n<p>CCAR. MEGA ALLANAMIENTOS EN CAUSA DE HOMICIDIO Vma WALTER JADCKAR (\u00d3bito) DETENCI\u00d3N DE DOS MASCULINOS MAYORES POR EL DELITO DE HOMICIDIO AGRAVADO EN CONCURSO REAL POR EL USO DE ARMA DE FUEGO EN GDO. DE TENTATIVA -secuestro motocicleta marca Yamaha MT Ptte. A036GME utilizada en el hecho (registrada en material f\u00edlmico se acompa\u00f1a ) Secuestro de una campera de color negra inflable y gorra con visera de color negra, misma que utilizara al momento del hecho (que se refleja en material f\u00edlmico que se adjunta)<\/p>\n\n\n\n<p>S.R. AMBA SUR I.-<br>E.P.D.S. AVELLANEDA.-<br>CRI. AVELL 3RA DOCK SUD&nbsp;<br>13SEP2022<br>EXTRACTO: Cca. Cria. Avell. 3ra. Dock Sud,&nbsp; Fecha Personal del GTO de este elemento, del Destacamento Operativo Dock Sud y con apoyo de GTO de Cria. Avell. 1\u00ba, 2\u00ba, 4\u00ba, 5\u00ba, 6\u00ba, 7\u00ba, GTO de Cria.&nbsp;Quilmes 7\u00ba, GTO de Cria. Berazategui 5\u00ba, GTO de Cria.&nbsp;Florencio Varela 1\u00ba, 10 grupos operativos de Personal de DDI Avell.-Lan\u00fas,&nbsp; Personal de Infanter\u00eda Avell. y Quilmes, Personal de Caballer\u00eda&nbsp;Avell., Personal de GAD Lan\u00fas y Avell., un escal\u00f3n del Halc\u00f3n&nbsp; y Personal de UPPL Avell.,&nbsp; dando cumplimiento 10 \u00f3rdenes de Allanamiento en el marco de la I.P.P. Nro. 20-00-015448-22, caratulada HOMICIDIO AGRAVADO,&nbsp; donde resulta victima JACKARD WALTER (\u00d3bito) y ACU\u00d1A DIEGO (Herido) con injerencia de la UFI Nro. 01 Dr. Carlos Maidana&nbsp; y Juzgado de Garant\u00edas Nro.&nbsp;01 del Depto. Jud. Avellaneda Lan\u00fas. Personal del Destacamento Operativo Dock Sud en forma conjunta con personal del GTO de este elemento, realiz\u00f3 un minucioso estudio de las C\u00e1maras del Centro de Monitoreo y Privadas, como as\u00ed tambi\u00e9n tareas investigativas de campo e inform\u00e1ticas. Ante ello se allan\u00f3 los lugares que a continuaci\u00f3n se detalla; OBJETIVO 01) Pje. sin nombre e\/ 17 de Noviembre y las v\u00edas&nbsp;en el Barrio \u00abLa Cuernito\u00bb vivienda de una planta con frente color blanco de este medio, se procede a la detenci\u00f3n de BIANA&nbsp;PABLO ESTEBAN, arg., de 23 a\u00f1os, ddo. en el lugar, por HOMICIDIO AGRAVADO EN CONCURSO REAL POR EL USO DE ARMA DE FUEGO EN GDO. DE TVA., lugar donde se procede al secuestro de un celular Iphone 7; OBJETIVO 02)&nbsp;&nbsp;Pasaje S\/N entre 17 de Noviembre y V\u00edas f\u00e9rreas de Dock Sud, se procede a certificar los datos de RENE LEOANARDO AG\u00dcERO, de 21 a\u00f1os de edad, quien posee Orden de Detenci\u00f3n en la mencionada IPP,&nbsp; OBJETIVO 03)&nbsp; Las Heras entre Vieytes y 3 de Febrero de la Isla Maciel Dock Sud, donde se procedi\u00f3 a la identificaci\u00f3n de ROMANO FIORELLA GERALDINE, arg., de 26 a\u00f1os. dda. en el lugar, RUIZ JONATHAN EMANUEL, arg., de 29 a\u00f1os, ddo. en el lugar, GODOY CARLOS OMAR, arg., de 35 a\u00f1os, ddo. en el lugar, lugar donde se procede al secuestro de un DNI a nombre de Johana H. y un DNI a nombre Jorgelina R., un celular Iphone color blanco, un celular Iphone con funda color amarilla y una ametralladora&nbsp;de fabricaci\u00f3n&nbsp;casera de hierro de color negro (Negativo), OBJETIVO 04) Carlos Mujica y Alberti de Dock Sud, donde se procedi\u00f3 a certificar los datos de ROL\u00d3N IGNACIO DANIEL, de 29 a\u00f1os de edad, quien posee Orden de Detenci\u00f3n, OBJETIVO 05) Vieytes entre Las Heras y Monta\u00f1a de Dock Sud, donde se procede al secuestro de la motocicleta Yamaha MT ptte. A036GME utilizada en el hecho del Homicidio,&nbsp; OBJETIVO 06) Zapiola S\/N y Rivas de la Isla Maciel Dock Sud, se procede al secuestro del DNI del sindicado CARLOS EZEQUIEL ROBERTO BENITEZ, de 22 a\u00f1os de edad, quien posee Orden de Detenci\u00f3n , OBJETIVO 07) Alberti y Rivas de la Isla Maciel Dock Sud (Negativo),&nbsp; OBJETIVO 08) Rivas y la v\u00edas f\u00e9rreas de la Isla Maciel Dock Sud (Negativo), OBJETIVO 09): Alberti s\/n entre Rivas y Las Heras de la Isla Maciel, se procede a la identificaci\u00f3n de BENITEZ JUAN CARLOS,&nbsp; arg., de 63 a\u00f1os, ddo. en el lugar, y SILVA GABRIEL CLAUDIO, arg., de 24 a\u00f1os, ddo. en el lugar, lugar donde se procede al&nbsp;<em>secuestro de una campera de color negra inflable y gorra con visera de color negra, misma que utilizara al momento del hecho y<\/em>&nbsp;OBJETIVO 10) P. Mendoza Nro. 1385 de CABA, (Negativo).-&nbsp;Posteriormente, y en circunstancias, que se recibe un llamado an\u00f3nimo a la dependencia policial, dando cuenta que N.N apodado KIKI, se hab\u00eda te\u00f1ido el cabello y se dirig\u00eda caminando para cruzar el puente la Boca para fugarse y que lo hacia a pie dado a que descarto su veh\u00edculo, para no ser descubierto, por lo que se colision\u00f3 personal, que hace efectiva la detenci\u00f3n de BENITEZ CARLOS ROBERTO EZEQUIEL, de 22 a\u00f1os , apodado Kiki, quien resulta ser el tirador y autor material del presente hecho. Se mantuvo comunicaci\u00f3n con el Dr. Maidana&nbsp; de la UFI Nro. 01 de Avell., puesto en conocimiento de los hechos, mismo aval\u00f3 lo actuado, disponiendo que se notifique al detenido del Art. 60, 89 y 92&nbsp; del C.P.P., por el delito de menci\u00f3n ep\u00edgrafe, queden alojado y&nbsp; ma\u00f1ana sea remitido&nbsp;a sede judicial. Continuando personal de GTO y Dto. Operativo Dock Sud con la investigaci\u00f3n a los fines de proceder a la detenci\u00f3n del resto de los sindicados.- Fdo. COMISARIO MARCELO CALAROTA.<\/p>\n\n\n\n<figure class=\"wp-block-gallery has-nested-images columns-1 is-cropped wp-block-gallery-1 is-layout-flex wp-block-gallery-is-layout-flex\">\n<figure class=\"wp-block-image size-large\"><a href=\"https:\/\/www.elsindical.com.ar\/notas\/var\/www\/html\/notas\/wp-content\/uploads\/2022\/09\/ds5d88.jpg\"><img loading=\"lazy\" decoding=\"async\" width=\"548\" height=\"725\" data-id=\"116621\" src=\"https:\/\/www.elsindical.com.ar\/notas\/var\/www\/html\/notas\/wp-content\/uploads\/2022\/09\/ds5d88.jpg\" alt=\"\" class=\"wp-image-116621\" srcset=\"https:\/\/www.elsindical.com.ar\/notas\/var\/www\/html\/notas\/wp-content\/uploads\/2022\/09\/ds5d88.jpg 548w, https:\/\/www.elsindical.com.ar\/notas\/var\/www\/html\/notas\/wp-content\/uploads\/2022\/09\/ds5d88-227x300.jpg 227w\" sizes=\"auto, (max-width: 548px) 100vw, 548px\" \/><\/a><\/figure>\n\n\n\n<figure class=\"wp-block-image size-large\"><a href=\"https:\/\/www.elsindical.com.ar\/notas\/var\/www\/html\/notas\/wp-content\/uploads\/2022\/09\/uyuu441.jpg\"><img loading=\"lazy\" decoding=\"async\" width=\"979\" height=\"656\" data-id=\"116623\" src=\"https:\/\/www.elsindical.com.ar\/notas\/var\/www\/html\/notas\/wp-content\/uploads\/2022\/09\/uyuu441.jpg\" alt=\"\" class=\"wp-image-116623\" srcset=\"https:\/\/www.elsindical.com.ar\/notas\/var\/www\/html\/notas\/wp-content\/uploads\/2022\/09\/uyuu441.jpg 979w, https:\/\/www.elsindical.com.ar\/notas\/var\/www\/html\/notas\/wp-content\/uploads\/2022\/09\/uyuu441-300x201.jpg 300w, https:\/\/www.elsindical.com.ar\/notas\/var\/www\/html\/notas\/wp-content\/uploads\/2022\/09\/uyuu441-768x515.jpg 768w, https:\/\/www.elsindical.com.ar\/notas\/var\/www\/html\/notas\/wp-content\/uploads\/2022\/09\/uyuu441-448x300.jpg 448w\" sizes=\"auto, (max-width: 979px) 100vw, 979px\" \/><\/a><\/figure>\n\n\n\n<figure class=\"wp-block-image size-large\"><a href=\"https:\/\/www.elsindical.com.ar\/notas\/var\/www\/html\/notas\/wp-content\/uploads\/2022\/09\/khgfd54.jpg\"><img loading=\"lazy\" decoding=\"async\" width=\"695\" height=\"413\" data-id=\"116620\" src=\"https:\/\/www.elsindical.com.ar\/notas\/var\/www\/html\/notas\/wp-content\/uploads\/2022\/09\/khgfd54.jpg\" alt=\"\" class=\"wp-image-116620\" srcset=\"https:\/\/www.elsindical.com.ar\/notas\/var\/www\/html\/notas\/wp-content\/uploads\/2022\/09\/khgfd54.jpg 695w, https:\/\/www.elsindical.com.ar\/notas\/var\/www\/html\/notas\/wp-content\/uploads\/2022\/09\/khgfd54-300x178.jpg 300w, https:\/\/www.elsindical.com.ar\/notas\/var\/www\/html\/notas\/wp-content\/uploads\/2022\/09\/khgfd54-500x297.jpg 500w\" sizes=\"auto, (max-width: 695px) 100vw, 695px\" \/><\/a><\/figure>\n\n\n\n<figure class=\"wp-block-image size-large\"><a href=\"https:\/\/www.elsindical.com.ar\/notas\/var\/www\/html\/notas\/wp-content\/uploads\/2022\/09\/fsdds5541.jpg\"><img loading=\"lazy\" decoding=\"async\" width=\"1024\" height=\"701\" data-id=\"116622\" src=\"https:\/\/www.elsindical.com.ar\/notas\/var\/www\/html\/notas\/wp-content\/uploads\/2022\/09\/fsdds5541-1024x701.jpg\" alt=\"\" class=\"wp-image-116622\" srcset=\"https:\/\/www.elsindical.com.ar\/notas\/var\/www\/html\/notas\/wp-content\/uploads\/2022\/09\/fsdds5541-1024x701.jpg 1024w, https:\/\/www.elsindical.com.ar\/notas\/var\/www\/html\/notas\/wp-content\/uploads\/2022\/09\/fsdds5541-300x205.jpg 300w, https:\/\/www.elsindical.com.ar\/notas\/var\/www\/html\/notas\/wp-content\/uploads\/2022\/09\/fsdds5541-768x526.jpg 768w, https:\/\/www.elsindical.com.ar\/notas\/var\/www\/html\/notas\/wp-content\/uploads\/2022\/09\/fsdds5541-438x300.jpg 438w, https:\/\/www.elsindical.com.ar\/notas\/var\/www\/html\/notas\/wp-content\/uploads\/2022\/09\/fsdds5541.jpg 1038w\" sizes=\"auto, (max-width: 1024px) 100vw, 1024px\" \/><\/a><\/figure>\n<\/figure>\n\n\n\n<figure class=\"wp-block-embed is-type-video is-provider-youtube wp-block-embed-youtube wp-embed-aspect-16-9 wp-has-aspect-ratio\"><div class=\"wp-block-embed__wrapper\">\n<iframe loading=\"lazy\" title=\"Mega allanamientos en Avellaneda por homicidio agravado\" width=\"700\" height=\"394\" src=\"https:\/\/www.youtube.com\/embed\/QQMWnQCP_tc?feature=oembed\" frameborder=\"0\" allow=\"accelerometer; autoplay; clipboard-write; encrypted-media; gyroscope; picture-in-picture\" allowfullscreen><\/iframe>\n<\/div><\/figure>\n","protected":false},"excerpt":{"rendered":"<p>A horas de una marcha reclamando justicia por el asesinato de Walter Jackard, la polic\u00eda en un mega operativo con allanamientos en Avellaneda y CABA, aprehendi\u00f3 a los imputados de participar en el crimen ocurrido en la localidad de Dock Sud. El parte policial: CCAR. MEGA ALLANAMIENTOS EN CAUSA DE HOMICIDIO Vma WALTER JADCKAR (\u00d3bito)&hellip;<\/p>\n","protected":false},"author":1,"featured_media":116618,"comment_status":"open","ping_status":"open","sticky":false,"template":"","format":"standard","meta":{"footnotes":""},"categories":[22],"tags":[461,4284,2450,3028,2329,36003,32890,32891,38181],"class_list":["post-116617","post","type-post","status-publish","format-standard","has-post-thumbnail","hentry","category-policiales","tag-avellaneda","tag-caba","tag-diario-el-sindical","tag-dock-sud","tag-homicidio","tag-mega-allanamientos","tag-superintendencia-region-amba-sur-i","tag-superintendente-javier-carlos-villar","tag-walter-jackard"],"_links":{"self":[{"href":"https:\/\/www.elsindical.com.ar\/notas\/wp-json\/wp\/v2\/posts\/116617","targetHints":{"allow":["GET"]}}],"collection":[{"href":"https:\/\/www.elsindical.com.ar\/notas\/wp-json\/wp\/v2\/posts"}],"about":[{"href":"https:\/\/www.elsindical.com.ar\/notas\/wp-json\/wp\/v2\/types\/post"}],"author":[{"embeddable":true,"href":"https:\/\/www.elsindical.com.ar\/notas\/wp-json\/wp\/v2\/users\/1"}],"replies":[{"embeddable":true,"href":"https:\/\/www.elsindical.com.ar\/notas\/wp-json\/wp\/v2\/comments?post=116617"}],"version-history":[{"count":1,"href":"https:\/\/www.elsindical.com.ar\/notas\/wp-json\/wp\/v2\/posts\/116617\/revisions"}],"predecessor-version":[{"id":116624,"href":"https:\/\/www.elsindical.com.ar\/notas\/wp-json\/wp\/v2\/posts\/116617\/revisions\/116624"}],"wp:featuredmedia":[{"embeddable":true,"href":"https:\/\/www.elsindical.com.ar\/notas\/wp-json\/wp\/v2\/media\/116618"}],"wp:attachment":[{"href":"https:\/\/www.elsindical.com.ar\/notas\/wp-json\/wp\/v2\/media?parent=116617"}],"wp:term":[{"taxonomy":"category","embeddable":true,"href":"https:\/\/www.elsindical.com.ar\/notas\/wp-json\/wp\/v2\/categories?post=116617"},{"taxonomy":"post_tag","embeddable":true,"href":"https:\/\/www.elsindical.com.ar\/notas\/wp-json\/wp\/v2\/tags?post=116617"}],"curies":[{"name":"wp","href":"https:\/\/api.w.org\/{rel}","templated":true}]}}