{"id":11654,"date":"2011-01-04T12:33:38","date_gmt":"2011-01-04T15:33:38","guid":{"rendered":"http:\/\/www.elsindical.com.ar\/notas\/?p=11654"},"modified":"2011-01-04T12:33:38","modified_gmt":"2011-01-04T15:33:38","slug":"la-justicia-fallo-a-favor-de-los-obreros-de-sancor","status":"publish","type":"post","link":"https:\/\/www.elsindical.com.ar\/notas\/la-justicia-fallo-a-favor-de-los-obreros-de-sancor\/","title":{"rendered":"La justicia fall\u00f3 a favor de los obreros de SanCor"},"content":{"rendered":"<p style=\"text-align: justify;\"><a href=\"http:\/\/www.elsindical.com.ar\/notas\/var\/www\/html\/notas\/wp-content\/uploads\/2011\/01\/trabajadores-de-Sancor-Mini.jpg\"><img loading=\"lazy\" decoding=\"async\" class=\"alignleft size-medium wp-image-11655\" title=\"trabajadores-de-Sancor-Mini\" src=\"http:\/\/www.elsindical.com.ar\/notas\/var\/www\/html\/notas\/wp-content\/uploads\/2011\/01\/trabajadores-de-Sancor-Mini-300x224.jpg\" alt=\"\" width=\"300\" height=\"224\" srcset=\"https:\/\/www.elsindical.com.ar\/notas\/var\/www\/html\/notas\/wp-content\/uploads\/2011\/01\/trabajadores-de-Sancor-Mini-300x224.jpg 300w, https:\/\/www.elsindical.com.ar\/notas\/var\/www\/html\/notas\/wp-content\/uploads\/2011\/01\/trabajadores-de-Sancor-Mini.jpg 325w\" sizes=\"auto, (max-width: 300px) 100vw, 300px\" \/><\/a>El Juzgado de Primera Instancia de Distrito en lo Laboral de la 1\u00aa Nominaci\u00f3n de Rosario orden\u00f3 a SanCor respetar las condiciones laborales de los trabajadores del Centro de Distribuci\u00f3n Rosario, quienes se niegan al traslado a la ciudad de G\u00e1lvez. En tanto, en la \u00faltima audiencia realizada en el Ministerio de Trabajo de Santa Fe no hubo avances. La empresa, si bien dice aceptar la conciliaci\u00f3n, no la acata en lo concreto y los obreros prometen retomar las medidas de lucha. Para cumplir el acuerdo firmado el 18 de noviembre, por el cual SanCor reabrir\u00eda su dep\u00f3sito local reubicando a cuatro de los once despedidos, la empresa ahora pide que los cinco casos judicializados abandonen la medida legal. Por <a href=\"http:\/\/argentina.indymedia.org\/features\/rosario\/\">Indymedia Rosario<\/a>.<strong><span style=\"font-family: Verdana, Arial, Helvetica, sans-serif; font-size: x-small;\">\u00a0<\/span><\/strong><span style=\"font-family: Trebuchet MS, Verdana, Arial, Helvetica, sans-serif; color: #000000; font-size: x-small;\">\u00a0<\/p>\n<p style=\"text-align: justify;\">La empresa debe <em>\u201c<strong>restablecer las condiciones de trabajo de cada uno de los actores en cuanto al lugar de su prestaci\u00f3n<\/strong> (Jos\u00e9 Mar\u00eda Rosa 3509 bis), de la ciudad de Rosario, bajo apercibimiento de astreintes por cada d\u00eda de demora\u201d<\/em>, afirma el fallo del juzgado a cargo de la Dra. Susana Perkins. El mismo fue visto como <em>\u00abuna se\u00f1al de justicia\u00bb<\/em> por los trabajadores de SanCor que aguardaban un pronunciamiento de alg\u00fan poder estatal en torno al traslado de la Sucursal Rosario a la ciudad de G\u00e1lvez.<\/p>\n<p style=\"text-align: justify;\">Por otro lado, la audiencia en el Ministerio de Trabajo provincial esta vez se hizo por separado. La misma fue encabezada por la Viceministra Nora Ram\u00edrez y participaron por una parte, los representantes legales de SanCor, los Doctores Carlos Corbella y Alberto Zaval\u00eda Lagos y por la parte de los obreros l\u00e1cteos, los delegados gremiales y referentes de la Central de Trabajadores de la Argentina de la Regional Rosario y de la provincia de Santa Fe. Como novedad, <strong>presenci\u00f3 la reuni\u00f3n con los obreros una veedora del Ministerio de Trabajo de la Naci\u00f3n<\/strong>, que se limit\u00f3 a escuchar los debates.<\/p>\n<p style=\"text-align: justify;\"><em>\u00abLa empresa propuso la reincorporaci\u00f3n de 4 de los despedidos de la contratista dependiente de SanCor, la <strong>reapertura de la sucursal a cambio de que los cinco primeros despedidos que est\u00e1n judicializados cesen todo accionar judicial<\/strong> contra la empresa\u00bb<\/em>, afirm\u00f3 Federico Chappel, uno de los cinco despedidos por SanCor el 17 de mayo. <em>\u00ab<strong>Rechazamos dejar de lado lo que es un derecho del trabajador<\/strong> para reclamar lo que le corresponde en la justicia. Aparte en este mismo escritorio, desde el principio de la negociaci\u00f3n, SanCor pidi\u00f3 tratar por separado los cinco primeros despidos de los otros seis, por estar judicializados. Ahora violando ese mismo pedido, al cual accedimos, vuelve a meter en la negociaci\u00f3n del Ministerio de Trabajo los cinco casos judicializados\u00bb<\/em>, enfatiz\u00f3 Chappel.<\/p>\n<p style=\"text-align: justify;\"><em>\u201cLa empresa sigue jugando, viniendo al ministerio a cumplir, con propuestas irrisorias porque <strong>oblig\u00f3 a los trabajadores a recurrir a la justicia para reclamar su derecho a ser reincorporados<\/strong>\u201d<\/em>, explic\u00f3 el delegado.<\/p>\n<p style=\"text-align: justify;\">Actualmente, rige una conciliaci\u00f3n obligatoria que dict\u00f3 el ministerio sobre el cierre del Centro de Distribuci\u00f3n que SanCor tiene en Rosario y que traslad\u00f3 a la ciudad de G\u00e1lvez. Esta medida, que la empresa no acat\u00f3 concretamente, estar\u00e1 vigente hasta el 4 de enero, fecha en que los trabajadores y la patronal participar\u00e1n de una nueva audiencia.<\/p>\n<p style=\"text-align: justify;\">En el encuentro del mi\u00e9rcoles pasado, la firma l\u00e1ctea <em>\u201cratific\u00f3 y reiter\u00f3 que ha dado cabal cumplimiento a la conciliaci\u00f3n obligatoria dictada\u201d<\/em>, seg\u00fan figura en las actas de la reuni\u00f3n. Sin embargo, <strong>los trabajadores denunciaron que esto no es as\u00ed, ya que la planta rosarina permanece cerrada.<\/strong><\/p>\n<p style=\"text-align: justify;\">Adem\u00e1s, en ese registro tambi\u00e9n se aclar\u00f3 que los obreros de la empresa, <em>\u201cmientras esta medida se encuentre vigente, percibir\u00e1n la totalidad de las remuneraciones que les correspondan sin ning\u00fan tipo de reducci\u00f3n\u201d<\/em>.<\/p>\n<p style=\"text-align: justify;\">Ante todo este panorama, desde el sector de los trabajadores prometen retomar las medidas de lucha, impidiendo incluso el paso de los veh\u00edculos del Rally Dakar el domingo pr\u00f3ximo. <em>\u201cHay flaquezas en el poder pol\u00edtico para ponerle los puntos a la empresa desde el gobierno nacional\u201d<\/em>, afirmaron.<\/p>\n<p><\/span><\/p>\n","protected":false},"excerpt":{"rendered":"<p>El Juzgado de Primera Instancia de Distrito en lo Laboral de la 1\u00aa Nominaci\u00f3n de Rosario orden\u00f3 a SanCor respetar las condiciones laborales de los trabajadores del Centro de Distribuci\u00f3n Rosario, quienes se niegan al traslado a la ciudad de G\u00e1lvez. En tanto, en la \u00faltima audiencia realizada en el Ministerio de Trabajo de Santa&hellip;<\/p>\n","protected":false},"author":1,"featured_media":0,"comment_status":"open","ping_status":"open","sticky":false,"template":"","format":"standard","meta":{"footnotes":""},"categories":[20],"tags":[41,2208,5403,125],"class_list":["post-11654","post","type-post","status-publish","format-standard","hentry","category-judiciales","tag-justicia","tag-rosario","tag-sancor","tag-trabajadores"],"_links":{"self":[{"href":"https:\/\/www.elsindical.com.ar\/notas\/wp-json\/wp\/v2\/posts\/11654","targetHints":{"allow":["GET"]}}],"collection":[{"href":"https:\/\/www.elsindical.com.ar\/notas\/wp-json\/wp\/v2\/posts"}],"about":[{"href":"https:\/\/www.elsindical.com.ar\/notas\/wp-json\/wp\/v2\/types\/post"}],"author":[{"embeddable":true,"href":"https:\/\/www.elsindical.com.ar\/notas\/wp-json\/wp\/v2\/users\/1"}],"replies":[{"embeddable":true,"href":"https:\/\/www.elsindical.com.ar\/notas\/wp-json\/wp\/v2\/comments?post=11654"}],"version-history":[{"count":1,"href":"https:\/\/www.elsindical.com.ar\/notas\/wp-json\/wp\/v2\/posts\/11654\/revisions"}],"predecessor-version":[{"id":11656,"href":"https:\/\/www.elsindical.com.ar\/notas\/wp-json\/wp\/v2\/posts\/11654\/revisions\/11656"}],"wp:attachment":[{"href":"https:\/\/www.elsindical.com.ar\/notas\/wp-json\/wp\/v2\/media?parent=11654"}],"wp:term":[{"taxonomy":"category","embeddable":true,"href":"https:\/\/www.elsindical.com.ar\/notas\/wp-json\/wp\/v2\/categories?post=11654"},{"taxonomy":"post_tag","embeddable":true,"href":"https:\/\/www.elsindical.com.ar\/notas\/wp-json\/wp\/v2\/tags?post=11654"}],"curies":[{"name":"wp","href":"https:\/\/api.w.org\/{rel}","templated":true}]}}