{"id":116488,"date":"2022-09-08T00:32:05","date_gmt":"2022-09-08T03:32:05","guid":{"rendered":"https:\/\/www.elsindical.com.ar\/notas\/?p=116488"},"modified":"2022-09-08T00:32:07","modified_gmt":"2022-09-08T03:32:07","slug":"se-estrena-jardin-fantastico-con-dramaturgia-y-direccion-de-agostina-luz-lopez","status":"publish","type":"post","link":"https:\/\/www.elsindical.com.ar\/notas\/se-estrena-jardin-fantastico-con-dramaturgia-y-direccion-de-agostina-luz-lopez\/","title":{"rendered":"Se estrena Jard\u00edn fant\u00e1stico con dramaturgia y direcci\u00f3n de Agostina Luz L\u00f3pez"},"content":{"rendered":"\n<figure class=\"wp-block-image size-large\"><a href=\"https:\/\/www.elsindical.com.ar\/notas\/var\/www\/html\/notas\/wp-content\/uploads\/2022\/09\/Jardin-fantastico-1.jpg\"><img loading=\"lazy\" decoding=\"async\" width=\"1024\" height=\"683\" src=\"https:\/\/www.elsindical.com.ar\/notas\/var\/www\/html\/notas\/wp-content\/uploads\/2022\/09\/Jardin-fantastico-1-1024x683.jpg\" alt=\"\" class=\"wp-image-116489\" srcset=\"https:\/\/www.elsindical.com.ar\/notas\/var\/www\/html\/notas\/wp-content\/uploads\/2022\/09\/Jardin-fantastico-1-1024x683.jpg 1024w, https:\/\/www.elsindical.com.ar\/notas\/var\/www\/html\/notas\/wp-content\/uploads\/2022\/09\/Jardin-fantastico-1-300x200.jpg 300w, https:\/\/www.elsindical.com.ar\/notas\/var\/www\/html\/notas\/wp-content\/uploads\/2022\/09\/Jardin-fantastico-1-768x512.jpg 768w, https:\/\/www.elsindical.com.ar\/notas\/var\/www\/html\/notas\/wp-content\/uploads\/2022\/09\/Jardin-fantastico-1-450x300.jpg 450w, https:\/\/www.elsindical.com.ar\/notas\/var\/www\/html\/notas\/wp-content\/uploads\/2022\/09\/Jardin-fantastico-1.jpg 1200w\" sizes=\"auto, (max-width: 1024px) 100vw, 1024px\" \/><\/a><\/figure>\n\n\n\n<figure class=\"wp-block-table\"><table><tbody><tr><td>El s\u00e1bado 17 de septiembre se estrena <strong><em>Jard\u00edn fant\u00e1stico<\/em><\/strong>, escrita y dirigida por <strong>Agostina Luz L\u00f3pez<\/strong>. La obra es un recorrido por <strong>Zelaya<\/strong> guiado por diez adolescentes. El p\u00fablico podr\u00e1 moverse al mismo tiempo que ellxs se mueven, espiando sus modos y formas. Las funciones ser\u00e1n los s\u00e1bados y domingos&nbsp;a las 18&nbsp;horas, en Zelaya 3134, una sala en el fondo de un jard\u00edn en el Abasto. Entradas por Alternativa.<br><br><em>\u00abHac\u00eda mucho que ten\u00eda ganas de trabajar con adolescentes. Me interesa esa edad donde la vulnerabilidad aflora porque no est\u00e1 ensayada una personalidad, porque hay algo que no est\u00e1 fijo y en ese tamborileo lo m\u00e1s genuino se revela. Se junt\u00f3 con otro deseo que era hacer una obra en Zelaya. Zelaya es un espacio que dirigimos con Federico Le\u00f3n, en el que organic\u00e9 muchas lecturas donde escritorxs recitan sus textos en el jard\u00edn de la casa-teatro. Los elementos que componen el jard\u00edn: las plantas, el ceibo, la pileta, la caba\u00f1a del fondo est\u00e1n muy internalizados en m\u00ed y por eso fue f\u00e1cil armar un recorrido que los fuera incluyendo como islas en donde estxs adolescentes viven y conviven creando su propio universo. Pero no solo utilic\u00e9 el jard\u00edn para este recorrido sino tambi\u00e9n la casa y la sala de teatro-cine. Cada espacio es usado de una manera distinta a c\u00f3mo la hab\u00edamos usado antes. Fue como redescubrir cada lugar como territorio de creaci\u00f3n\u00bb, <\/em><strong>Agostina Luz L\u00f3pez<\/strong><br><br><strong>Sinopsis<\/strong><br>Un grupo de adolescentes decide dejar de lado sus familias para reunirse en una casa-jard\u00edn con el fin de inventar y experimentar una nueva forma de vivir juntxs.&nbsp;<br><em>Jard\u00edn fant\u00e1stico<\/em> es una escritura en voz alta de este grupo de estudio, un diario \u00edntimo colectivo donde se postulan pensamientos adolescentes sobre qu\u00e9 es la amistad, la familia y el amor.<br>Una instalaci\u00f3n en un espacio real que utiliza la fantas\u00eda para ensayar nuevas realidades que se proponen como alternativas frente a este mundo herido.<br><br><strong>Ficha art\u00edstica t\u00e9cnica<\/strong><br><strong>Act\u00faan<\/strong>: Antonia Brill Perrotta, Catalina Burak, Sof\u00eda Guerschuny Pesci, Giulia Heras, Jacinta Perez Berch, Carolina Paula Rojas, Catalina Pietra, Noah Salamanca Tola, Mar\u00eda Luz Silva, Lina Ziccarello.<br><strong>Vestuario<\/strong>: Mariu Fermani<br><strong>Arte: <\/strong>Mariana Tirantte<br><strong>Asistente de arte:<\/strong> Imanol L\u00f3pez<br><strong>Luces:<\/strong> Leandro Orellano<br><strong>Video:<\/strong> Vladimir Dur\u00e1n y Maximiliano Passarelli<br><strong>Asistencia de video:<\/strong> Sof\u00eda Mart\u00ednez Dur\u00e1n<br><strong>Fotos: <\/strong>Ignacio Iasparra y Mariana Papagni<br><strong>Foto de afiche<\/strong>: Mariana Papagni<br><strong>Dise\u00f1o gr\u00e1fico<\/strong>: Catalina Perez Andrade<br><strong>Prensa:<\/strong> Marisol Cambre<br><strong>Asistencia de direcci\u00f3n y colaboraci\u00f3n dramat\u00fargica:<\/strong> Ana Montes<br><strong>Producci\u00f3n:<\/strong> Poppy Murray<br><strong>Texto y direcci\u00f3n:<\/strong> Agostina Luz L\u00f3pez<\/td><\/tr><\/tbody><\/table><\/figure>\n\n\n\n<figure class=\"wp-block-table\"><table><tbody><tr><td>&nbsp; <strong>Estreno s\u00e1bado 17 de septiembre a las 18 horas<\/strong><br>Funciones: s\u00e1bados y domingos a las 18 horas<br>Zelaya 3134 &#8211; Abasto &#8211; CABA<br>Entradas por Alternativa teatral<br>Entrada: $1200 &#8211; Duraci\u00f3n: 70 minutos<br>Material fotogr\u00e1fico: <a href=\"https:\/\/marisolcambre.us7.list-manage.com\/track\/click?u=5954b9531af64c2f6bbad880e&amp;id=4ed182572f&amp;e=0316e42802\" target=\"_blank\" rel=\"noreferrer noopener\">click<\/a><br><strong>Hasta el 13 de noviembre<\/strong><\/td><\/tr><\/tbody><\/table><\/figure>\n\n\n\n<figure class=\"wp-block-gallery has-nested-images columns-1 is-cropped wp-block-gallery-1 is-layout-flex wp-block-gallery-is-layout-flex\">\n<figure class=\"wp-block-image size-large\"><a href=\"https:\/\/www.elsindical.com.ar\/notas\/var\/www\/html\/notas\/wp-content\/uploads\/2022\/09\/Jardin-fantastico-2.jpg\"><img loading=\"lazy\" decoding=\"async\" width=\"1024\" height=\"683\" data-id=\"116491\" src=\"https:\/\/www.elsindical.com.ar\/notas\/var\/www\/html\/notas\/wp-content\/uploads\/2022\/09\/Jardin-fantastico-2-1024x683.jpg\" alt=\"\" class=\"wp-image-116491\" srcset=\"https:\/\/www.elsindical.com.ar\/notas\/var\/www\/html\/notas\/wp-content\/uploads\/2022\/09\/Jardin-fantastico-2-1024x683.jpg 1024w, https:\/\/www.elsindical.com.ar\/notas\/var\/www\/html\/notas\/wp-content\/uploads\/2022\/09\/Jardin-fantastico-2-300x200.jpg 300w, https:\/\/www.elsindical.com.ar\/notas\/var\/www\/html\/notas\/wp-content\/uploads\/2022\/09\/Jardin-fantastico-2-768x512.jpg 768w, https:\/\/www.elsindical.com.ar\/notas\/var\/www\/html\/notas\/wp-content\/uploads\/2022\/09\/Jardin-fantastico-2-450x300.jpg 450w, https:\/\/www.elsindical.com.ar\/notas\/var\/www\/html\/notas\/wp-content\/uploads\/2022\/09\/Jardin-fantastico-2.jpg 1200w\" sizes=\"auto, (max-width: 1024px) 100vw, 1024px\" \/><\/a><\/figure>\n\n\n\n<figure class=\"wp-block-image size-large\"><a href=\"https:\/\/www.elsindical.com.ar\/notas\/var\/www\/html\/notas\/wp-content\/uploads\/2022\/09\/Jardin-fantastico-3.jpg\"><img loading=\"lazy\" decoding=\"async\" width=\"1024\" height=\"709\" data-id=\"116490\" src=\"https:\/\/www.elsindical.com.ar\/notas\/var\/www\/html\/notas\/wp-content\/uploads\/2022\/09\/Jardin-fantastico-3-1024x709.jpg\" alt=\"\" class=\"wp-image-116490\" srcset=\"https:\/\/www.elsindical.com.ar\/notas\/var\/www\/html\/notas\/wp-content\/uploads\/2022\/09\/Jardin-fantastico-3-1024x709.jpg 1024w, https:\/\/www.elsindical.com.ar\/notas\/var\/www\/html\/notas\/wp-content\/uploads\/2022\/09\/Jardin-fantastico-3-300x208.jpg 300w, https:\/\/www.elsindical.com.ar\/notas\/var\/www\/html\/notas\/wp-content\/uploads\/2022\/09\/Jardin-fantastico-3-768x532.jpg 768w, https:\/\/www.elsindical.com.ar\/notas\/var\/www\/html\/notas\/wp-content\/uploads\/2022\/09\/Jardin-fantastico-3-433x300.jpg 433w, https:\/\/www.elsindical.com.ar\/notas\/var\/www\/html\/notas\/wp-content\/uploads\/2022\/09\/Jardin-fantastico-3.jpg 1200w\" sizes=\"auto, (max-width: 1024px) 100vw, 1024px\" \/><\/a><\/figure>\n<\/figure>\n","protected":false},"excerpt":{"rendered":"<p>El s\u00e1bado 17 de septiembre se estrena Jard\u00edn fant\u00e1stico, escrita y dirigida por Agostina Luz L\u00f3pez. La obra es un recorrido por Zelaya guiado por diez adolescentes. El p\u00fablico podr\u00e1 moverse al mismo tiempo que ellxs se mueven, espiando sus modos y formas. Las funciones ser\u00e1n los s\u00e1bados y domingos&nbsp;a las 18&nbsp;horas, en Zelaya 3134,&hellip;<\/p>\n","protected":false},"author":1,"featured_media":116489,"comment_status":"open","ping_status":"open","sticky":false,"template":"","format":"standard","meta":{"footnotes":""},"categories":[15],"tags":[9228,38147,2450,38146,28519],"class_list":["post-116488","post","type-post","status-publish","format-standard","has-post-thumbnail","hentry","category-espectaculos","tag-abasto","tag-agostina-luz-lopez","tag-diario-el-sindical","tag-jardin-fantastico","tag-zelaya"],"_links":{"self":[{"href":"https:\/\/www.elsindical.com.ar\/notas\/wp-json\/wp\/v2\/posts\/116488","targetHints":{"allow":["GET"]}}],"collection":[{"href":"https:\/\/www.elsindical.com.ar\/notas\/wp-json\/wp\/v2\/posts"}],"about":[{"href":"https:\/\/www.elsindical.com.ar\/notas\/wp-json\/wp\/v2\/types\/post"}],"author":[{"embeddable":true,"href":"https:\/\/www.elsindical.com.ar\/notas\/wp-json\/wp\/v2\/users\/1"}],"replies":[{"embeddable":true,"href":"https:\/\/www.elsindical.com.ar\/notas\/wp-json\/wp\/v2\/comments?post=116488"}],"version-history":[{"count":1,"href":"https:\/\/www.elsindical.com.ar\/notas\/wp-json\/wp\/v2\/posts\/116488\/revisions"}],"predecessor-version":[{"id":116492,"href":"https:\/\/www.elsindical.com.ar\/notas\/wp-json\/wp\/v2\/posts\/116488\/revisions\/116492"}],"wp:featuredmedia":[{"embeddable":true,"href":"https:\/\/www.elsindical.com.ar\/notas\/wp-json\/wp\/v2\/media\/116489"}],"wp:attachment":[{"href":"https:\/\/www.elsindical.com.ar\/notas\/wp-json\/wp\/v2\/media?parent=116488"}],"wp:term":[{"taxonomy":"category","embeddable":true,"href":"https:\/\/www.elsindical.com.ar\/notas\/wp-json\/wp\/v2\/categories?post=116488"},{"taxonomy":"post_tag","embeddable":true,"href":"https:\/\/www.elsindical.com.ar\/notas\/wp-json\/wp\/v2\/tags?post=116488"}],"curies":[{"name":"wp","href":"https:\/\/api.w.org\/{rel}","templated":true}]}}