{"id":116485,"date":"2022-09-08T00:27:07","date_gmt":"2022-09-08T03:27:07","guid":{"rendered":"https:\/\/www.elsindical.com.ar\/notas\/?p=116485"},"modified":"2022-09-08T00:27:08","modified_gmt":"2022-09-08T03:27:08","slug":"llega-el-festival-migrantes-de-la-patria-grande-a-tecnopolis","status":"publish","type":"post","link":"https:\/\/www.elsindical.com.ar\/notas\/llega-el-festival-migrantes-de-la-patria-grande-a-tecnopolis\/","title":{"rendered":"Llega el Festival Migrantes de la Patria Grande a Tecn\u00f3polis"},"content":{"rendered":"\n<figure class=\"wp-block-image size-large\"><a href=\"https:\/\/www.elsindical.com.ar\/notas\/var\/www\/html\/notas\/wp-content\/uploads\/2022\/09\/Festival-Migrantes.jpeg\"><img loading=\"lazy\" decoding=\"async\" width=\"768\" height=\"1024\" src=\"https:\/\/www.elsindical.com.ar\/notas\/var\/www\/html\/notas\/wp-content\/uploads\/2022\/09\/Festival-Migrantes-768x1024.jpeg\" alt=\"\" class=\"wp-image-116486\" srcset=\"https:\/\/www.elsindical.com.ar\/notas\/var\/www\/html\/notas\/wp-content\/uploads\/2022\/09\/Festival-Migrantes-768x1024.jpeg 768w, https:\/\/www.elsindical.com.ar\/notas\/var\/www\/html\/notas\/wp-content\/uploads\/2022\/09\/Festival-Migrantes-225x300.jpeg 225w, https:\/\/www.elsindical.com.ar\/notas\/var\/www\/html\/notas\/wp-content\/uploads\/2022\/09\/Festival-Migrantes.jpeg 960w\" sizes=\"auto, (max-width: 768px) 100vw, 768px\" \/><\/a><\/figure>\n\n\n\n<p><strong>Organizado por la Secretar\u00eda de Derechos Humanos de la Naci\u00f3n, se trata de un encuentro junto a colectividades de los pa\u00edses de la regi\u00f3n en el marco del D\u00eda del Migrante.<\/strong><br><br>La Secretar\u00eda de Derechos Humanos de la Naci\u00f3n, junto con el Ministerio de Cultura, realizar\u00e1 por primera vez el Festival Migrantes de la Patria Grande, que se llevar\u00e1 adelante el pr\u00f3ximo domingo 11 de septiembre en Tecn\u00f3polis de 12 a 19h, con entrada libre y gratuita, e incluir\u00e1 bandas musicales, feria de artesanos y desfiles tradicionales.<br><br>Bajo el lema #MigrarEsUnDerecho, el festival se realizar\u00e1 en el \u00abPatio Federal\u00bb de Tecn\u00f3polis, con relatos a cargo de integrantes de distintos colectivos migrantes sobre el acceso a derechos. Adem\u00e1s, quienes recorran el predio podr\u00e1n disfrutar de los desfiles de la Comparsa Candombe \u00abKimbara\u00bb de Uruguay y de la Asociaci\u00f3n Folkl\u00f3rica Boliviana.<br><br>En el lugar tambi\u00e9n se podr\u00e1 recorrer m\u00e1s de 20 puestos de artesan\u00edas y asistir a distintos shows musicales que podr\u00e1n disfrutarse durante toda la tarde. Sobre el escenario, se presentar\u00e1n \u00abSon de Arroyo\u00bb (Colombia), el grupo infantil \u00abLes Limones\u00bb (Argentina) y la murga uruguaya \u00abEsa Te La Debo\u00bb.<br><br>En el predio, adem\u00e1s, estar\u00e1n presentes diferentes organismos del Estado nacional como internacionales para asistir sobre los derechos de los migrantes. Por \u00faltimo, se prev\u00e9 un acto institucional, con la participaci\u00f3n de autoridades y un show a cargo de la banda de rock nacional \u00abAndando Descalzo\u00bb como cierre.<\/p>\n","protected":false},"excerpt":{"rendered":"<p>Organizado por la Secretar\u00eda de Derechos Humanos de la Naci\u00f3n, se trata de un encuentro junto a colectividades de los pa\u00edses de la regi\u00f3n en el marco del D\u00eda del Migrante. La Secretar\u00eda de Derechos Humanos de la Naci\u00f3n, junto con el Ministerio de Cultura, realizar\u00e1 por primera vez el Festival Migrantes de la Patria&hellip;<\/p>\n","protected":false},"author":1,"featured_media":116486,"comment_status":"open","ping_status":"open","sticky":false,"template":"","format":"standard","meta":{"footnotes":""},"categories":[15],"tags":[38145,2450,38144,8791,20321],"class_list":["post-116485","post","type-post","status-publish","format-standard","has-post-thumbnail","hentry","category-espectaculos","tag-dia-del-migrante","tag-diario-el-sindical","tag-patria-grande","tag-secretaria-de-derechos-humanos","tag-tecnopolis"],"_links":{"self":[{"href":"https:\/\/www.elsindical.com.ar\/notas\/wp-json\/wp\/v2\/posts\/116485","targetHints":{"allow":["GET"]}}],"collection":[{"href":"https:\/\/www.elsindical.com.ar\/notas\/wp-json\/wp\/v2\/posts"}],"about":[{"href":"https:\/\/www.elsindical.com.ar\/notas\/wp-json\/wp\/v2\/types\/post"}],"author":[{"embeddable":true,"href":"https:\/\/www.elsindical.com.ar\/notas\/wp-json\/wp\/v2\/users\/1"}],"replies":[{"embeddable":true,"href":"https:\/\/www.elsindical.com.ar\/notas\/wp-json\/wp\/v2\/comments?post=116485"}],"version-history":[{"count":1,"href":"https:\/\/www.elsindical.com.ar\/notas\/wp-json\/wp\/v2\/posts\/116485\/revisions"}],"predecessor-version":[{"id":116487,"href":"https:\/\/www.elsindical.com.ar\/notas\/wp-json\/wp\/v2\/posts\/116485\/revisions\/116487"}],"wp:featuredmedia":[{"embeddable":true,"href":"https:\/\/www.elsindical.com.ar\/notas\/wp-json\/wp\/v2\/media\/116486"}],"wp:attachment":[{"href":"https:\/\/www.elsindical.com.ar\/notas\/wp-json\/wp\/v2\/media?parent=116485"}],"wp:term":[{"taxonomy":"category","embeddable":true,"href":"https:\/\/www.elsindical.com.ar\/notas\/wp-json\/wp\/v2\/categories?post=116485"},{"taxonomy":"post_tag","embeddable":true,"href":"https:\/\/www.elsindical.com.ar\/notas\/wp-json\/wp\/v2\/tags?post=116485"}],"curies":[{"name":"wp","href":"https:\/\/api.w.org\/{rel}","templated":true}]}}