{"id":116457,"date":"2022-09-06T10:31:34","date_gmt":"2022-09-06T13:31:34","guid":{"rendered":"https:\/\/www.elsindical.com.ar\/notas\/?p=116457"},"modified":"2022-09-06T10:31:36","modified_gmt":"2022-09-06T13:31:36","slug":"provincia-de-buenos-aires-aumentan-las-multas-por-infracciones-de-transito","status":"publish","type":"post","link":"https:\/\/www.elsindical.com.ar\/notas\/provincia-de-buenos-aires-aumentan-las-multas-por-infracciones-de-transito\/","title":{"rendered":"Provincia de Buenos Aires: Aumentan las multas por infracciones de tr\u00e1nsito"},"content":{"rendered":"<div class=\"wp-block-image\">\n<figure class=\"aligncenter size-full is-resized\"><a href=\"https:\/\/www.elsindical.com.ar\/notas\/var\/www\/html\/notas\/wp-content\/uploads\/2022\/09\/Consulta-infracciones-provincia-de-Bs-As.jpg\"><img loading=\"lazy\" decoding=\"async\" src=\"https:\/\/www.elsindical.com.ar\/notas\/var\/www\/html\/notas\/wp-content\/uploads\/2022\/09\/Consulta-infracciones-provincia-de-Bs-As.jpg\" alt=\"\" class=\"wp-image-116458\" width=\"675\" height=\"356\" srcset=\"https:\/\/www.elsindical.com.ar\/notas\/var\/www\/html\/notas\/wp-content\/uploads\/2022\/09\/Consulta-infracciones-provincia-de-Bs-As.jpg 595w, https:\/\/www.elsindical.com.ar\/notas\/var\/www\/html\/notas\/wp-content\/uploads\/2022\/09\/Consulta-infracciones-provincia-de-Bs-As-300x158.jpg 300w, https:\/\/www.elsindical.com.ar\/notas\/var\/www\/html\/notas\/wp-content\/uploads\/2022\/09\/Consulta-infracciones-provincia-de-Bs-As-500x264.jpg 500w\" sizes=\"auto, (max-width: 675px) 100vw, 675px\" \/><\/a><\/figure>\n<\/div>\n\n\n<p class=\"wp-block-paragraph\">El Ministerio de Transporte provincial dio a conocer los nuevos montos. A tener en cuenta para no sufrir un golpe al bolsillo.<\/p>\n\n\n\n<p class=\"wp-block-paragraph\">A partir de este lunes, cometer <strong>infracciones de tr\u00e1nsito<\/strong> en la <strong>Provincia de Buenos Aires<\/strong> tendr\u00e1 un <strong>mayor impacto en el bolsillo<\/strong> de la gente. Mediante la disposici\u00f3n de la <strong>Direcci\u00f3n de Apoyo y Coordinaci\u00f3n T\u00e9cnico Administrativa del Ministerio de Transporte<\/strong> provincial se estableci\u00f3 que las multas pueden llegar a alcanzar un valor de <strong>$160 mil<\/strong> en algunos casos.&nbsp;<\/p>\n\n\n\n<p class=\"wp-block-paragraph\">Se determin\u00f3 que \u201ca partir del 2 de septiembre de 2022 y para el bimestre comprendido entre este mes y octubre, el valor de una unidad fija en la suma de 172,30 pesos\u201d.&nbsp;<\/p>\n\n\n\n<p class=\"wp-block-paragraph\">En el caso de los automovilistas que cometan una infracci\u00f3n <strong>\u201cmuy grave\u201d<\/strong>, como manejar en estado de ebriedad o no respetar un sem\u00e1foro en rojo, la legislaci\u00f3n establece el pago de un monto de <strong>$160 mil.<\/strong><\/p>\n\n\n\n<p class=\"wp-block-paragraph\">Por otro lado, las faltas <strong>\u201cgraves<\/strong>\u201d tienen un piso de <strong>$49 mil<\/strong> y va aumentando&nbsp;su monto de acuerdo al <strong>riesgo de la infracci\u00f3n<\/strong>. Tambi\u00e9n se impondr\u00e1n multas en los casos de exceso de velocidad, a quienes manejen sin las luces reglamentarias ni tengan el registro de conducir autorizante. Otros que ser\u00e1n multados son los que hagan maniobras prohibidas, manejen un veh\u00edculo sin patente o que circulen a contramano. Tambi\u00e9n son punibles los casos de fuga y la negativa a presentar los documentos.<\/p>\n\n\n\n<h3 class=\"wp-block-heading\">Multas m\u00e1s leves<\/h3>\n\n\n\n<p class=\"wp-block-paragraph\">Entre tanto tambi\u00e9n se inform\u00f3 sobre un aumento para las infracciones m\u00e1s leves o \u00abcotidianas\u00bb. Dados los nuevos aumentos, los infractores pueden llegar a pagar <strong>desde $17 mil hasta $80 mil<\/strong> por conducir mientras se utilizan dispositivos celulares, no presentar licencia, seguro ni Verificaci\u00f3n T\u00e9cnica Vehicular al d\u00eda y circular sin cascos protectores ni cintur\u00f3n de seguridad. Tambi\u00e9n se labrar\u00e1n infracciones en estos valores por estacionamiento en lugares no permitidos.<\/p>\n\n\n\n<h3 class=\"wp-block-heading\">Tr\u00e1mites v\u00eda web<\/h3>\n\n\n\n<p class=\"wp-block-paragraph\">Desde la <strong>Provincia de Buenos Aires<\/strong> se inform\u00f3 que los infractores van a poder<strong> hacer su correspondiente descargo<\/strong> correspondiente a trav\u00e9s de <strong>una carta<\/strong> o bien <strong>de manera electr\u00f3nica<\/strong> seg\u00fan pautas de la <strong>Direcci\u00f3n Provincial de Seguridad Vial<\/strong>, tal como se especifica en el <strong>Bolet\u00edn Oficial<\/strong> bonaerense.<\/p>\n\n\n\n<p class=\"wp-block-paragraph\"><strong>Un adelanto:<\/strong> durante el mes de <strong>noviembre<\/strong> llegar\u00e1 <strong>otro nuevo aumento<\/strong>.<\/p>\n","protected":false},"excerpt":{"rendered":"<p>El Ministerio de Transporte provincial dio a conocer los nuevos montos. A tener en cuenta para no sufrir un golpe al bolsillo. A partir de este lunes, cometer infracciones de tr\u00e1nsito en la Provincia de Buenos Aires tendr\u00e1 un mayor impacto en el bolsillo de la gente. Mediante la disposici\u00f3n de la Direcci\u00f3n de Apoyo&hellip;<\/p>\n","protected":false},"author":1,"featured_media":116458,"comment_status":"open","ping_status":"open","sticky":false,"template":"","format":"standard","meta":{"footnotes":""},"categories":[13,25],"tags":[1295,2450,29973,1466,38131],"class_list":["post-116457","post","type-post","status-publish","format-standard","has-post-thumbnail","hentry","category-politica","category-sociedad","tag-boletin-oficial","tag-diario-el-sindical","tag-multas-de-transito","tag-provincia-de-buenos-aires","tag-tramites-web"],"_links":{"self":[{"href":"https:\/\/www.elsindical.com.ar\/notas\/wp-json\/wp\/v2\/posts\/116457","targetHints":{"allow":["GET"]}}],"collection":[{"href":"https:\/\/www.elsindical.com.ar\/notas\/wp-json\/wp\/v2\/posts"}],"about":[{"href":"https:\/\/www.elsindical.com.ar\/notas\/wp-json\/wp\/v2\/types\/post"}],"author":[{"embeddable":true,"href":"https:\/\/www.elsindical.com.ar\/notas\/wp-json\/wp\/v2\/users\/1"}],"replies":[{"embeddable":true,"href":"https:\/\/www.elsindical.com.ar\/notas\/wp-json\/wp\/v2\/comments?post=116457"}],"version-history":[{"count":1,"href":"https:\/\/www.elsindical.com.ar\/notas\/wp-json\/wp\/v2\/posts\/116457\/revisions"}],"predecessor-version":[{"id":116459,"href":"https:\/\/www.elsindical.com.ar\/notas\/wp-json\/wp\/v2\/posts\/116457\/revisions\/116459"}],"wp:featuredmedia":[{"embeddable":true,"href":"https:\/\/www.elsindical.com.ar\/notas\/wp-json\/wp\/v2\/media\/116458"}],"wp:attachment":[{"href":"https:\/\/www.elsindical.com.ar\/notas\/wp-json\/wp\/v2\/media?parent=116457"}],"wp:term":[{"taxonomy":"category","embeddable":true,"href":"https:\/\/www.elsindical.com.ar\/notas\/wp-json\/wp\/v2\/categories?post=116457"},{"taxonomy":"post_tag","embeddable":true,"href":"https:\/\/www.elsindical.com.ar\/notas\/wp-json\/wp\/v2\/tags?post=116457"}],"curies":[{"name":"wp","href":"https:\/\/api.w.org\/{rel}","templated":true}]}}