{"id":116418,"date":"2022-09-05T11:54:03","date_gmt":"2022-09-05T14:54:03","guid":{"rendered":"https:\/\/www.elsindical.com.ar\/notas\/?p=116418"},"modified":"2022-09-05T11:54:05","modified_gmt":"2022-09-05T14:54:05","slug":"amalia-granata-y-una-repudiable-conducta-como-legisladora-que-quedara-impune","status":"publish","type":"post","link":"https:\/\/www.elsindical.com.ar\/notas\/amalia-granata-y-una-repudiable-conducta-como-legisladora-que-quedara-impune\/","title":{"rendered":"Amalia Granata y una repudiable conducta como legisladora que quedar\u00e1 impune"},"content":{"rendered":"\n<figure class=\"wp-block-image size-large\"><a href=\"https:\/\/www.elsindical.com.ar\/notas\/var\/www\/html\/notas\/wp-content\/uploads\/2022\/09\/Amalia-Granata-despacho.jpg\"><img loading=\"lazy\" decoding=\"async\" width=\"1024\" height=\"665\" src=\"https:\/\/www.elsindical.com.ar\/notas\/var\/www\/html\/notas\/wp-content\/uploads\/2022\/09\/Amalia-Granata-despacho-1024x665.jpg\" alt=\"\" class=\"wp-image-116419\" srcset=\"https:\/\/www.elsindical.com.ar\/notas\/var\/www\/html\/notas\/wp-content\/uploads\/2022\/09\/Amalia-Granata-despacho-1024x665.jpg 1024w, https:\/\/www.elsindical.com.ar\/notas\/var\/www\/html\/notas\/wp-content\/uploads\/2022\/09\/Amalia-Granata-despacho-300x195.jpg 300w, https:\/\/www.elsindical.com.ar\/notas\/var\/www\/html\/notas\/wp-content\/uploads\/2022\/09\/Amalia-Granata-despacho-768x499.jpg 768w, https:\/\/www.elsindical.com.ar\/notas\/var\/www\/html\/notas\/wp-content\/uploads\/2022\/09\/Amalia-Granata-despacho-462x300.jpg 462w, https:\/\/www.elsindical.com.ar\/notas\/var\/www\/html\/notas\/wp-content\/uploads\/2022\/09\/Amalia-Granata-despacho.jpg 1200w\" sizes=\"auto, (max-width: 1024px) 100vw, 1024px\" \/><\/a><\/figure>\n\n\n\n<p class=\"wp-block-paragraph\">   En un pa\u00eds donde se le repite a la poblaci\u00f3n desde los medios que el camino es la meritocracia y el respeto a las instituciones, parece no aplicar cuando se trata de personajes impresentables de la pol\u00edtica como es el caso de la diputada provincial Amalia Granata, no solo por sus disparatados dichos, sino por las publicaciones falsas que publica, aunque lo grave y por el que deber\u00eda ser expulsada del Congreso es su amenaza de abrir la boca sobre amantes y chanchullos de sus pares.<\/p>\n\n\n\n<p class=\"wp-block-paragraph\">Tras el pedido de expulsi\u00f3n de la Legislatura santafesina por sus pol\u00e9micos dichos sobre el&nbsp;<strong>atentado a la vida de la vicepresidenta Cristina Kirchner<\/strong>, la diputada provincial&nbsp;<strong>Amalia Granata&nbsp;<\/strong>le avis\u00f3 a sus adversarios del peronismo que&nbsp;<strong>\u00abno la busquen\u00bb porque va a empezar a \u00abhablar\u00bb de \u00absus \u00abamantes y chanchurrios\u00bb.<\/strong><\/p>\n\n\n\n<p class=\"wp-block-paragraph\">La medi\u00e1tica diputada del bloque \u00abSomos Vida Uni\u00f3n Federal\u00bb hab\u00eda quedado en el&nbsp;<strong>ojo de la tormenta<\/strong>&nbsp;por el repudio generalizado que desat\u00f3 su tuit opinando que el ataque armado a la ex presidenta fue \u00abuna pantomima armada\u00bb por el propio oficialismo para sacar un r\u00e9dito pol\u00edtico.<\/p>\n\n\n\n<p class=\"wp-block-paragraph\">El bloque Justicialista encabezado por&nbsp;<strong>Leandro Busatto<\/strong>&nbsp;solicit\u00f3 la<strong>&nbsp;expulsi\u00f3n de Granata<\/strong>&nbsp;del cuerpo legislativo, iniciativa a la cual se plegaron tambi\u00e9n bancadas de la oposici\u00f3n santafesina.<\/p>\n\n\n\n<p class=\"wp-block-paragraph\">En un tuit, la diputada autodenominada \u00abprovida\u00bb advirti\u00f3: \u00abNo me busquen, porque miren que voy a empezar a hablar de todos sus chanchurrios, voy a empezar a hablar de sus amantes, miren que conozco todo lo que pasa\u00bb.<\/p>\n\n\n\n<p class=\"wp-block-paragraph\">Y agreg\u00f3:&nbsp;<strong>\u00abS\u00e9 todo en lo que andan, y voy a meterme no solo con sus amantes, tambi\u00e9n con sus familias, madres, hijos, con todos&#8230; No se olviden que adem\u00e1s de pol\u00edtica soy periodista e investigo\u00bb.<\/strong><\/p>\n\n\n\n<p class=\"wp-block-paragraph\">En declaraciones radiales, Granata hab\u00eda minimizado la ofensiva en su contra para removerla de la banca. \u00abNo tienen los votos para echarme\u00bb, afirm\u00f3 el s\u00e1bado.<\/p>\n\n\n\n<p class=\"wp-block-paragraph\">En efecto, el Frente de Todos cuenta con apenas&nbsp;<strong>siete bancas de las 50 totales, y a\u00fan con la ayuda de otras bancadas estar\u00eda muy lejos de poder reunir la mayor\u00eda de dos tercios (34 votos) para poder destituir a Granata.<\/strong><\/p>\n\n\n\n<p class=\"wp-block-paragraph\">La referente celeste calific\u00f3 de<strong>&nbsp;\u00abtibios\u00bb a los dirigentes de Pro y del radicalismo porque a su entender \u00able siguen haciendo el juego\u00bb a Cristina Kirchner para que el a\u00f1o que viene sea elegida por las urnas<\/strong>&nbsp;y \u00abas\u00ed mantiene sus fueros y puede seguir destruyendo este pa\u00eds\u00bb.&nbsp;(NA)<\/p>\n","protected":false},"excerpt":{"rendered":"<p>En un pa\u00eds donde se le repite a la poblaci\u00f3n desde los medios que el camino es la meritocracia y el respeto a las instituciones, parece no aplicar cuando se trata de personajes impresentables de la pol\u00edtica como es el caso de la diputada provincial Amalia Granata, no solo por sus disparatados dichos, sino por&hellip;<\/p>\n","protected":false},"author":1,"featured_media":116419,"comment_status":"open","ping_status":"open","sticky":false,"template":"","format":"standard","meta":{"footnotes":""},"categories":[13],"tags":[11893,86,2450,38116,764,38117],"class_list":["post-116418","post","type-post","status-publish","format-standard","has-post-thumbnail","hentry","category-politica","tag-amalia-granata","tag-congreso","tag-diario-el-sindical","tag-leandro-busatto","tag-legisladora","tag-somos-vida-union-federal"],"_links":{"self":[{"href":"https:\/\/www.elsindical.com.ar\/notas\/wp-json\/wp\/v2\/posts\/116418","targetHints":{"allow":["GET"]}}],"collection":[{"href":"https:\/\/www.elsindical.com.ar\/notas\/wp-json\/wp\/v2\/posts"}],"about":[{"href":"https:\/\/www.elsindical.com.ar\/notas\/wp-json\/wp\/v2\/types\/post"}],"author":[{"embeddable":true,"href":"https:\/\/www.elsindical.com.ar\/notas\/wp-json\/wp\/v2\/users\/1"}],"replies":[{"embeddable":true,"href":"https:\/\/www.elsindical.com.ar\/notas\/wp-json\/wp\/v2\/comments?post=116418"}],"version-history":[{"count":1,"href":"https:\/\/www.elsindical.com.ar\/notas\/wp-json\/wp\/v2\/posts\/116418\/revisions"}],"predecessor-version":[{"id":116420,"href":"https:\/\/www.elsindical.com.ar\/notas\/wp-json\/wp\/v2\/posts\/116418\/revisions\/116420"}],"wp:featuredmedia":[{"embeddable":true,"href":"https:\/\/www.elsindical.com.ar\/notas\/wp-json\/wp\/v2\/media\/116419"}],"wp:attachment":[{"href":"https:\/\/www.elsindical.com.ar\/notas\/wp-json\/wp\/v2\/media?parent=116418"}],"wp:term":[{"taxonomy":"category","embeddable":true,"href":"https:\/\/www.elsindical.com.ar\/notas\/wp-json\/wp\/v2\/categories?post=116418"},{"taxonomy":"post_tag","embeddable":true,"href":"https:\/\/www.elsindical.com.ar\/notas\/wp-json\/wp\/v2\/tags?post=116418"}],"curies":[{"name":"wp","href":"https:\/\/api.w.org\/{rel}","templated":true}]}}