{"id":116321,"date":"2022-09-01T10:06:40","date_gmt":"2022-09-01T13:06:40","guid":{"rendered":"https:\/\/www.elsindical.com.ar\/notas\/?p=116321"},"modified":"2022-09-01T10:06:41","modified_gmt":"2022-09-01T13:06:41","slug":"familias-y-prestadores-para-personas-con-discapacidad-siguen-frente-a-la-rosada","status":"publish","type":"post","link":"https:\/\/www.elsindical.com.ar\/notas\/familias-y-prestadores-para-personas-con-discapacidad-siguen-frente-a-la-rosada\/","title":{"rendered":"Familias y prestadores para personas con discapacidad siguen frente a la Rosada"},"content":{"rendered":"<div class=\"wp-block-image\">\n<figure class=\"aligncenter size-large\"><a href=\"https:\/\/www.elsindical.com.ar\/notas\/var\/www\/html\/notas\/wp-content\/uploads\/2022\/09\/ajuste-discapacidad-protesta-Casa-Rosada.jpg\"><img loading=\"lazy\" decoding=\"async\" width=\"1024\" height=\"576\" src=\"https:\/\/www.elsindical.com.ar\/notas\/var\/www\/html\/notas\/wp-content\/uploads\/2022\/09\/ajuste-discapacidad-protesta-Casa-Rosada-1024x576.jpg\" alt=\"\" class=\"wp-image-116322\" srcset=\"https:\/\/www.elsindical.com.ar\/notas\/var\/www\/html\/notas\/wp-content\/uploads\/2022\/09\/ajuste-discapacidad-protesta-Casa-Rosada-1024x576.jpg 1024w, https:\/\/www.elsindical.com.ar\/notas\/var\/www\/html\/notas\/wp-content\/uploads\/2022\/09\/ajuste-discapacidad-protesta-Casa-Rosada-300x169.jpg 300w, https:\/\/www.elsindical.com.ar\/notas\/var\/www\/html\/notas\/wp-content\/uploads\/2022\/09\/ajuste-discapacidad-protesta-Casa-Rosada-768x432.jpg 768w, https:\/\/www.elsindical.com.ar\/notas\/var\/www\/html\/notas\/wp-content\/uploads\/2022\/09\/ajuste-discapacidad-protesta-Casa-Rosada-500x281.jpg 500w, https:\/\/www.elsindical.com.ar\/notas\/var\/www\/html\/notas\/wp-content\/uploads\/2022\/09\/ajuste-discapacidad-protesta-Casa-Rosada-460x260.jpg 460w, https:\/\/www.elsindical.com.ar\/notas\/var\/www\/html\/notas\/wp-content\/uploads\/2022\/09\/ajuste-discapacidad-protesta-Casa-Rosada.jpg 1200w\" sizes=\"auto, (max-width: 1024px) 100vw, 1024px\" \/><\/a><\/figure>\n<\/div>\n\n\n<p>Familiares , transportistas, prestadores de servicios de salud, rehabilitaci\u00f3n en integraci\u00f3n escolar de personas con discapacidad volvieron a concentrarse esta tarde frente a la Casa Rosada por tercer d\u00eda consecutivo, en <strong>reclamo por la falta de pago desde marzo de los servicios y tratamientos brindados.<\/strong><\/p>\n\n\n\n<p>Est\u00e1 previsto <strong>un acampe que podr\u00eda extenderse hasta el viernes<\/strong>.<\/p>\n\n\n\n<p>\u201cLas obras sociales no pagan las prestaciones y sin prestaciones no hay derechos para nuestros hijos\u201d, reclam\u00f3 una mam\u00e1 presente en la protesta cuya consigna es <strong>\u201cNo al ajuste en discapacidad\u201d<\/strong> contra un Decreto de Necesidad y Urgencia (DNU) que, seg\u00fan denuncian, busca recortar 10 mil millones de pesos en las partidas del \u00e1rea.<\/p>\n\n\n\n<p>Los manifestantes denuncian que la Superintendencia de Servicios de Salud estar\u00eda <strong>\u201creteniendo los fondos para cubrir los pagos adeudados\u201d <\/strong>y desde el lunes se concentran en Balcarce 50 para pedir la regularizaci\u00f3n de los pagos y denunciar el \u201cajuste\u201d en estas prestaciones que lleva adelante el ministro de Econom\u00eda, Sergio Massa.<\/p>\n\n\n\n<p>Una madre del grupo de Padres Autoconvocados de Ituzaing\u00f3, explic\u00f3: \u201cMuchos tenemos que <strong>pagar terapias en forma particular porque los prestadores no quieren trabajar con las obras sociales <\/strong>y eso hace que todos los derechos de nuestros hijos est\u00e9n vulnerados. Las terapias son costosas y el sueldo no alcanza para que podamos cubrir el tratamiento que necesitan para mejorar su calidad de vida\u201d.<\/p>\n\n\n\n<p>En esa l\u00ednea, agreg\u00f3: <strong>\u201cNecesitan las terapias para poder aprender y avanzar. Cuando no las tienen, pueden tener retrocesos\u201d.<\/strong><\/p>\n\n\n\n<p>Por su parte, desde la Asociaci\u00f3n Civil Derechos de las Personas con Discapacidad Zulema Forcat, sostuvo: \u201cSeg\u00fan la patolog\u00eda, sin el trabajo de los terapeutas <strong>el retroceso de los chicos es tremendo y dif\u00edcilmente se puede volver a retomar con las condiciones que lo hac\u00edan a este momento<\/strong>. Se necesitan un cambio de estrategias y eso significa mucho m\u00e1s esfuerzo que la simple cobertura de las prestaciones\u201c.<\/p>\n\n\n\n<p>Forcat se\u00f1al\u00f3 que a las personas con discapacidad <strong>\u201cno se los visibiliza, se los trata con indiferencia y rechazo\u201d<\/strong>. \u201cDesde siempre tenemos la lucha presente porque lamentablemente los derechos se vulneran a cada instante\u201d, se quej\u00f3.<\/p>\n\n\n\n<p>Respecto del acampe, <strong>confirm\u00f3 que permanecer\u00e1n hasta el viernes <\/strong>en caso de que el Gobierno no los reciba e indic\u00f3: \u201cContamos con asesoramiento de una abogada que nos orienta en todo lo que podemos hacer nosotros para acompa\u00f1ar a los padres. Ahora tenemos que analizar qu\u00e9 acciones se pueden tomar si se aprueba el DNU\u201d.<\/p>\n\n\n\n<p>\u201cQueremos <strong>que se hable de ellos, que se muestre lo que pueden<\/strong>. Todas las acciones que van en contra de las personas con discapacidad se basan en el \u2018no puede\u2019 y todo el mundo desconoce cu\u00e1nto pueden. La realidad es que pueden mucho, pero de distinta manera\u201d, concluy\u00f3 Forcat.<\/p>\n\n\n\n<h3 class=\"wp-block-heading\">Niegan el ajuste y eluden la responsabilidad<\/h3>\n\n\n\n<p>Ayer, el Ministerio de <strong>Econom\u00eda descart\u00f3 que los recortes presupuestarios en salud involucren \u00e1reas de discapacidad <\/strong>y responsabiliz\u00f3 a las jurisdicciones por la falta y retraso en los pagos que reclaman los prestadores.<\/p>\n\n\n\n<p>\u201cAnte versiones respecto a que decisiones de este Ministerio involucran recortes en \u00e1reas de discapacidad, es nuestro deber informar que las modificaciones administrativas tomadas por subejecuci\u00f3n presupuestaria en algunos sectores no afectan a dichas \u00e1reas\u201d, se\u00f1al\u00f3 el comunicado que finaliza: <strong>\u201cEste Ministerio no es responsable de la falta y atrasos de pagos que aducen algunos prestadores <\/strong>y ser\u00e1 responsabilidad de las jurisdicciones correspondientes dar las explicaciones del caso\u201d.<\/p>\n\n\n\n<p>Por su parte, el director ejecutivo de la Agencia Nacional de Discapacidad (ANDIS), Fernando Galarraga, aclar\u00f3 que el atraso que se gener\u00f3 en los pagos de las prestaciones financiadas por Superintendencia de Servicios de Salud y obras sociales se debieron a <strong>\u201cinconvenientes administrativos\u201d que \u201cya fueron solucionados\u201d.<\/strong><\/p>\n\n\n\n<p>\u201cEl atraso que se produjo en los pagos a las obras sociales por las prestaciones en discapacidad <strong>se est\u00e1n regularizando desde hoy<\/strong>\u201d, sostuvo Galarraga quien resalt\u00f3 que dispusieron que los directores de la instituci\u00f3n atiendan las \u201cgestiones m\u00e1s urgentes de los prestadores\u201d.<\/p>\n\n\n\n<h3 class=\"wp-block-heading\">Diputados piden informes al Ejecutivo<\/h3>\n\n\n\n<p>Por su parte los diputados nacionales de la Uni\u00f3n C\u00edvica Radical, Ricardo Buryaile y Soledad Carrizo, solicitaron al Poder Ejecutivo que <strong>informe al Congreso sobre el ajuste en las prestaciones por servicios de salud <\/strong>para personas con discapacidad.<\/p>\n\n\n\n<p>Desde Juntos por el Cambio, piden <strong>saber sobre la demora en los pagos de los servicios y su causa<\/strong>, como tambi\u00e9n explicaciones sobre si existen reclamos en tr\u00e1mite ante la Superintendencia de Servicios de Salud u otras autoridades.<\/p>\n\n\n\n<p>Adem\u00e1s, solicitan que se informe <strong>el plazo en el que se estima regularizar la situaci\u00f3n de los pagos a junio 2022. <\/strong>\u201cSeg\u00fan la Ley 24.901 las personas con discapacidad tienen derecho a recibir prestaciones para garantizar su bienestar y su inclusi\u00f3n. Las obras sociales y prepagas deben cubrir esas prestaciones\u201d, explicaron.<\/p>\n","protected":false},"excerpt":{"rendered":"<p>Familiares , transportistas, prestadores de servicios de salud, rehabilitaci\u00f3n en integraci\u00f3n escolar de personas con discapacidad volvieron a concentrarse esta tarde frente a la Casa Rosada por tercer d\u00eda consecutivo, en reclamo por la falta de pago desde marzo de los servicios y tratamientos brindados. Est\u00e1 previsto un acampe que podr\u00eda extenderse hasta el viernes.&hellip;<\/p>\n","protected":false},"author":1,"featured_media":116322,"comment_status":"open","ping_status":"open","sticky":false,"template":"","format":"standard","meta":{"footnotes":""},"categories":[25],"tags":[979,2450,272,2187,947,3918,14109],"class_list":["post-116321","post","type-post","status-publish","format-standard","has-post-thumbnail","hentry","category-sociedad","tag-casa-rosada","tag-diario-el-sindical","tag-discapacidad","tag-dnu","tag-obras-sociales","tag-sergio-massa","tag-servicios-de-salud"],"_links":{"self":[{"href":"https:\/\/www.elsindical.com.ar\/notas\/wp-json\/wp\/v2\/posts\/116321","targetHints":{"allow":["GET"]}}],"collection":[{"href":"https:\/\/www.elsindical.com.ar\/notas\/wp-json\/wp\/v2\/posts"}],"about":[{"href":"https:\/\/www.elsindical.com.ar\/notas\/wp-json\/wp\/v2\/types\/post"}],"author":[{"embeddable":true,"href":"https:\/\/www.elsindical.com.ar\/notas\/wp-json\/wp\/v2\/users\/1"}],"replies":[{"embeddable":true,"href":"https:\/\/www.elsindical.com.ar\/notas\/wp-json\/wp\/v2\/comments?post=116321"}],"version-history":[{"count":1,"href":"https:\/\/www.elsindical.com.ar\/notas\/wp-json\/wp\/v2\/posts\/116321\/revisions"}],"predecessor-version":[{"id":116323,"href":"https:\/\/www.elsindical.com.ar\/notas\/wp-json\/wp\/v2\/posts\/116321\/revisions\/116323"}],"wp:featuredmedia":[{"embeddable":true,"href":"https:\/\/www.elsindical.com.ar\/notas\/wp-json\/wp\/v2\/media\/116322"}],"wp:attachment":[{"href":"https:\/\/www.elsindical.com.ar\/notas\/wp-json\/wp\/v2\/media?parent=116321"}],"wp:term":[{"taxonomy":"category","embeddable":true,"href":"https:\/\/www.elsindical.com.ar\/notas\/wp-json\/wp\/v2\/categories?post=116321"},{"taxonomy":"post_tag","embeddable":true,"href":"https:\/\/www.elsindical.com.ar\/notas\/wp-json\/wp\/v2\/tags?post=116321"}],"curies":[{"name":"wp","href":"https:\/\/api.w.org\/{rel}","templated":true}]}}