{"id":116319,"date":"2022-09-01T09:55:15","date_gmt":"2022-09-01T12:55:15","guid":{"rendered":"https:\/\/www.elsindical.com.ar\/notas\/?p=116319"},"modified":"2022-09-01T09:55:16","modified_gmt":"2022-09-01T12:55:16","slug":"trabajadores-judiciales-paran-en-defensa-de-los-salarios","status":"publish","type":"post","link":"https:\/\/www.elsindical.com.ar\/notas\/trabajadores-judiciales-paran-en-defensa-de-los-salarios\/","title":{"rendered":"Trabajadores judiciales paran \u201cen defensa de los salarios\u201d"},"content":{"rendered":"<div class=\"wp-block-image\">\n<figure class=\"aligncenter size-full is-resized\"><a href=\"https:\/\/www.elsindical.com.ar\/notas\/var\/www\/html\/notas\/wp-content\/uploads\/2016\/09\/paro-judiciales-AJB.jpg\"><img loading=\"lazy\" decoding=\"async\" src=\"https:\/\/www.elsindical.com.ar\/notas\/var\/www\/html\/notas\/wp-content\/uploads\/2016\/09\/paro-judiciales-AJB.jpg\" alt=\"\" class=\"wp-image-62285\" width=\"638\" height=\"470\" srcset=\"https:\/\/www.elsindical.com.ar\/notas\/var\/www\/html\/notas\/wp-content\/uploads\/2016\/09\/paro-judiciales-AJB.jpg 531w, https:\/\/www.elsindical.com.ar\/notas\/var\/www\/html\/notas\/wp-content\/uploads\/2016\/09\/paro-judiciales-AJB-300x221.jpg 300w, https:\/\/www.elsindical.com.ar\/notas\/var\/www\/html\/notas\/wp-content\/uploads\/2016\/09\/paro-judiciales-AJB-407x300.jpg 407w\" sizes=\"auto, (max-width: 638px) 100vw, 638px\" \/><\/a><\/figure>\n<\/div>\n\n\n<p>Reclaman una convocatoria para retomar las paritarias. La medida de fuerza ser\u00e1 el 2 de septiembre.<\/p>\n\n\n\n<p><strong>La Asociaci\u00f3n Judicial Bonaerense (AJB) anunci\u00f3 un paro de actividades para la semana pr\u00f3xima en reclamo de la reapertura de las paritarias. <\/strong>\u201cEn defensa de los salarios\u201d, advierte el gremio sobre la medida de fuerza que se concretar\u00e1 el pr\u00f3ximo 2 de septiembre.<\/p>\n\n\n\n<p>\u201cParo y desconexi\u00f3n con acciones locales\u201d, convoca el gremio. \u201cConcluyendo el mes de agosto y en virtud de los sucesivos reclamos realizados por la AJB sobre la necesidad de actualizaci\u00f3n de los salarios de las y los judiciales, en concordancia con los mandatos mayoritarios de las asambleas, y por decisi\u00f3n un\u00e1nime de la conducci\u00f3n provincial y las y los 20 secretarios generales, <strong>se convoca a un paro de actividades, con desconexi\u00f3n y acciones locales en las departamentales de la provincia para el pr\u00f3ximo viernes 2 de septiembre<\/strong>\u201c, se\u00f1ala el comunicado.<\/p>\n\n\n\n<p>El gremio advierte que \u201cla decisi\u00f3n se toma en un contexto en el cual las y los judiciales vemos seriamente afectado el poder adquisitivo de nuestros salarios, producto de la <strong>grave escalada inflacionaria<\/strong>\u201c. \u201c<strong>Todo esto se suma al reclamo por la reactivaci\u00f3n de las mesas t\u00e9cnicas que solicitamos en la paritaria 2022<\/strong> para abordar problemas como la recuperaci\u00f3n del 3% de antig\u00fcedad adeudado; la limitaci\u00f3n del ingreso de presentaciones electr\u00f3nicas; la cobertura de los cargos vacantes; la regulaci\u00f3n del teletrabajo; la ley marco de paritarias, entre otros temas urgentes\u201d, agrega el texto.<\/p>\n\n\n\n<p><strong>El gobierno bonaerense convoc\u00f3 a todos los gremios (AJB, FUDB y ATE) a mediados de agosto pero no hubo una propuesta concreta ni un segundo llamado. <\/strong>Lo cierto es que en el medio hubo cambios en el Ministerio de Trabajo, ya que Mara Ruiz Malec pas\u00f3 a formar en las filas de la AFIP y desembarc\u00f3 Walter Correa.<\/p>\n\n\n\n<p>En mayo, el gobernador Axel Kicillof acord\u00f3 con los secretarios generales de los gremios de maestros, estatales, m\u00e9dicos y judiciales bonaerense agregar&nbsp;<a href=\"https:\/\/www.inforegion.com.ar\/2022\/05\/10\/la-provincia-acordo-sumar-un-10-a-los-acuerdos-salariales-con-los-gremios\/\">10 puntos<\/a>&nbsp;a todos los aumentos cerrados hasta ese momento para alcanzar en diciembre una suba total del orden del 60%.<\/p>\n","protected":false},"excerpt":{"rendered":"<p>Reclaman una convocatoria para retomar las paritarias. La medida de fuerza ser\u00e1 el 2 de septiembre. La Asociaci\u00f3n Judicial Bonaerense (AJB) anunci\u00f3 un paro de actividades para la semana pr\u00f3xima en reclamo de la reapertura de las paritarias. \u201cEn defensa de los salarios\u201d, advierte el gremio sobre la medida de fuerza que se concretar\u00e1 el&hellip;<\/p>\n","protected":false},"author":1,"featured_media":62285,"comment_status":"open","ping_status":"open","sticky":false,"template":"","format":"standard","meta":{"footnotes":""},"categories":[16],"tags":[4626,290,2450,28942,22029,67],"class_list":["post-116319","post","type-post","status-publish","format-standard","has-post-thumbnail","hentry","category-gremiales","tag-ajb","tag-ate","tag-diario-el-sindical","tag-fudb","tag-judiciales","tag-paro"],"_links":{"self":[{"href":"https:\/\/www.elsindical.com.ar\/notas\/wp-json\/wp\/v2\/posts\/116319","targetHints":{"allow":["GET"]}}],"collection":[{"href":"https:\/\/www.elsindical.com.ar\/notas\/wp-json\/wp\/v2\/posts"}],"about":[{"href":"https:\/\/www.elsindical.com.ar\/notas\/wp-json\/wp\/v2\/types\/post"}],"author":[{"embeddable":true,"href":"https:\/\/www.elsindical.com.ar\/notas\/wp-json\/wp\/v2\/users\/1"}],"replies":[{"embeddable":true,"href":"https:\/\/www.elsindical.com.ar\/notas\/wp-json\/wp\/v2\/comments?post=116319"}],"version-history":[{"count":1,"href":"https:\/\/www.elsindical.com.ar\/notas\/wp-json\/wp\/v2\/posts\/116319\/revisions"}],"predecessor-version":[{"id":116320,"href":"https:\/\/www.elsindical.com.ar\/notas\/wp-json\/wp\/v2\/posts\/116319\/revisions\/116320"}],"wp:featuredmedia":[{"embeddable":true,"href":"https:\/\/www.elsindical.com.ar\/notas\/wp-json\/wp\/v2\/media\/62285"}],"wp:attachment":[{"href":"https:\/\/www.elsindical.com.ar\/notas\/wp-json\/wp\/v2\/media?parent=116319"}],"wp:term":[{"taxonomy":"category","embeddable":true,"href":"https:\/\/www.elsindical.com.ar\/notas\/wp-json\/wp\/v2\/categories?post=116319"},{"taxonomy":"post_tag","embeddable":true,"href":"https:\/\/www.elsindical.com.ar\/notas\/wp-json\/wp\/v2\/tags?post=116319"}],"curies":[{"name":"wp","href":"https:\/\/api.w.org\/{rel}","templated":true}]}}