{"id":116311,"date":"2022-09-01T09:33:31","date_gmt":"2022-09-01T12:33:31","guid":{"rendered":"https:\/\/www.elsindical.com.ar\/notas\/?p=116311"},"modified":"2022-09-01T09:33:32","modified_gmt":"2022-09-01T12:33:32","slug":"esteban-bullrich-esta-internado-con-respirador-artificial","status":"publish","type":"post","link":"https:\/\/www.elsindical.com.ar\/notas\/esteban-bullrich-esta-internado-con-respirador-artificial\/","title":{"rendered":"Esteban Bullrich est\u00e1 internado con respirador artificial"},"content":{"rendered":"<div class=\"wp-block-image\">\n<figure class=\"aligncenter size-large\"><a href=\"https:\/\/www.elsindical.com.ar\/notas\/var\/www\/html\/notas\/wp-content\/uploads\/2022\/09\/Esteban-Bullrrich-y-esposa.jpg\"><img loading=\"lazy\" decoding=\"async\" width=\"1024\" height=\"576\" src=\"https:\/\/www.elsindical.com.ar\/notas\/var\/www\/html\/notas\/wp-content\/uploads\/2022\/09\/Esteban-Bullrrich-y-esposa-1024x576.jpg\" alt=\"\" class=\"wp-image-116312\" srcset=\"https:\/\/www.elsindical.com.ar\/notas\/var\/www\/html\/notas\/wp-content\/uploads\/2022\/09\/Esteban-Bullrrich-y-esposa-1024x576.jpg 1024w, https:\/\/www.elsindical.com.ar\/notas\/var\/www\/html\/notas\/wp-content\/uploads\/2022\/09\/Esteban-Bullrrich-y-esposa-300x169.jpg 300w, https:\/\/www.elsindical.com.ar\/notas\/var\/www\/html\/notas\/wp-content\/uploads\/2022\/09\/Esteban-Bullrrich-y-esposa-768x432.jpg 768w, https:\/\/www.elsindical.com.ar\/notas\/var\/www\/html\/notas\/wp-content\/uploads\/2022\/09\/Esteban-Bullrrich-y-esposa-500x281.jpg 500w, https:\/\/www.elsindical.com.ar\/notas\/var\/www\/html\/notas\/wp-content\/uploads\/2022\/09\/Esteban-Bullrrich-y-esposa-460x260.jpg 460w, https:\/\/www.elsindical.com.ar\/notas\/var\/www\/html\/notas\/wp-content\/uploads\/2022\/09\/Esteban-Bullrrich-y-esposa.jpg 1200w\" sizes=\"auto, (max-width: 1024px) 100vw, 1024px\" \/><\/a><\/figure>\n<\/div>\n\n\n<p>El ex senador por la provincia de Buenos Aires y referente de Juntos por el Cambio, Esteban Bullrich, debi\u00f3 ser internado esta tarde en el Hospital Austral por una complicaci\u00f3n en su estado de salud, y se encuentra sedado y con respirador.<\/p>\n\n\n\n<p>El ex legislador se encuentra bajo tratamiento por padecer <strong>Esclerosis Lateral Amiotr\u00f3fica (ELA), <\/strong>una enfermedad degenerativa que no tiene cura y que lo oblig\u00f3 a renunciar a su banca en la C\u00e1mara alta aunque se dedic\u00f3 a trabajar en el marco de una fundaci\u00f3n que cre\u00f3 para generar conciencia sobre esta patolog\u00eda cuyo diagn\u00f3stico se confirm\u00f3 a principios de 2021.<\/p>\n\n\n\n<p>El presidente de la Naci\u00f3n, <strong>Alberto Fern\u00e1ndez, se solidariz\u00f3 con Bullrich a trav\u00e9s de su cuenta en Twitter <\/strong>y puso de relieve sui \u201cvocaci\u00f3n por superar diferencias para trabajar por una mejor Argentina\u201d, sostuvo bajo el hashtag <strong>#FuerzaEsteban<\/strong><\/p>\n\n\n\n<p>\u201cEl paciente se encuentra estable, sedado e ingresado en la Unidad de Cuidados Intensivos. <strong>La familia solicita, como siempre, que los acompa\u00f1en con sus oraciones<\/strong>. En funci\u00f3n de su evoluci\u00f3n, se evaluar\u00e1 la emisi\u00f3n de un nuevo parte m\u00e9dico\u201d, afirm\u00f3 el centro de salud, con las firmas de Pablo Pratesi, jefe de Unidad de Cuidados Intensivos, y de Fernando Iudica, director m\u00e9dico.<\/p>\n\n\n\n<p>La presidenta del PRO, Patricia Bullrich, le envi\u00f3 sus deseos de recuperaci\u00f3n en sus redes sociales. <strong>\u201c\u00a1Fuerza, querido Esteban! Estamos a tu lado<\/strong>\u201c, subray\u00f3.<\/p>\n\n\n\n<p>Lo mismo hizo el jefe de Gobierno porte\u00f1o, Horacio Rodr\u00edguez Larreta, que envi\u00f3 su mensaje al ex senador y a su familia.\u200b<\/p>\n\n\n\n<p>El domingo pasado fue un \u00faltima expresi\u00f3n a trav\u00e9s de la red social Twitter, cuando se refiri\u00f3 a la situaci\u00f3n de tensi\u00f3n alrededor del vallado en la casa de la vicepresidenta Cristina Kirchner.<\/p>\n\n\n\n<p>\u201cAunque sea pol\u00edticamente incorrecto decirlo dentro de nuestro espacio, quiero destacar la decisi\u00f3n de Rodr\u00edguez Larreta de buscar y <strong>encontrar una salida, aunque sea provisoria, a la crisis que vivimos anoche<\/strong>. La responsabilidad de los dirigentes que opinamos desde nuestras casas es muy distinta a la de aquellos que tienen que velar por la seguridad de la ciudad m\u00e1s poblada del pa\u00eds. Si vamos a juzgar, primero tenemos que ponernos en sus zapatos\u201d, expres\u00f3 el ex senador.<\/p>\n\n\n\n<p>A la vez, subray\u00f3 que \u201cno implica deslindar de responsabilidad al kirchnerismo, y especialmente a la Vicepresidenta de todos los argentinos, por poner al pa\u00eds ante las puertas de algo completamente desconocido\u201d.<\/p>\n\n\n\n<p>\u201cSigo creyendo que a este nivel de locura y violencia hay que oponerle todo el rigor de la ley en el marco de la Constituci\u00f3n. Pero <strong>tenemos el deber de ser mejores que aquellos que apuestan por la anarqu\u00eda y esa diferencia implica buscar una salida <\/strong>hasta las \u00faltimas consecuencias\u201d, sostuvo Bullrich.<\/p>\n","protected":false},"excerpt":{"rendered":"<p>El ex senador por la provincia de Buenos Aires y referente de Juntos por el Cambio, Esteban Bullrich, debi\u00f3 ser internado esta tarde en el Hospital Austral por una complicaci\u00f3n en su estado de salud, y se encuentra sedado y con respirador. El ex legislador se encuentra bajo tratamiento por padecer Esclerosis Lateral Amiotr\u00f3fica (ELA),&hellip;<\/p>\n","protected":false},"author":1,"featured_media":116312,"comment_status":"open","ping_status":"open","sticky":false,"template":"","format":"standard","meta":{"footnotes":""},"categories":[13,24],"tags":[],"class_list":["post-116311","post","type-post","status-publish","format-standard","has-post-thumbnail","hentry","category-politica","category-sociales"],"_links":{"self":[{"href":"https:\/\/www.elsindical.com.ar\/notas\/wp-json\/wp\/v2\/posts\/116311","targetHints":{"allow":["GET"]}}],"collection":[{"href":"https:\/\/www.elsindical.com.ar\/notas\/wp-json\/wp\/v2\/posts"}],"about":[{"href":"https:\/\/www.elsindical.com.ar\/notas\/wp-json\/wp\/v2\/types\/post"}],"author":[{"embeddable":true,"href":"https:\/\/www.elsindical.com.ar\/notas\/wp-json\/wp\/v2\/users\/1"}],"replies":[{"embeddable":true,"href":"https:\/\/www.elsindical.com.ar\/notas\/wp-json\/wp\/v2\/comments?post=116311"}],"version-history":[{"count":1,"href":"https:\/\/www.elsindical.com.ar\/notas\/wp-json\/wp\/v2\/posts\/116311\/revisions"}],"predecessor-version":[{"id":116313,"href":"https:\/\/www.elsindical.com.ar\/notas\/wp-json\/wp\/v2\/posts\/116311\/revisions\/116313"}],"wp:featuredmedia":[{"embeddable":true,"href":"https:\/\/www.elsindical.com.ar\/notas\/wp-json\/wp\/v2\/media\/116312"}],"wp:attachment":[{"href":"https:\/\/www.elsindical.com.ar\/notas\/wp-json\/wp\/v2\/media?parent=116311"}],"wp:term":[{"taxonomy":"category","embeddable":true,"href":"https:\/\/www.elsindical.com.ar\/notas\/wp-json\/wp\/v2\/categories?post=116311"},{"taxonomy":"post_tag","embeddable":true,"href":"https:\/\/www.elsindical.com.ar\/notas\/wp-json\/wp\/v2\/tags?post=116311"}],"curies":[{"name":"wp","href":"https:\/\/api.w.org\/{rel}","templated":true}]}}