{"id":116308,"date":"2022-09-01T09:09:43","date_gmt":"2022-09-01T12:09:43","guid":{"rendered":"https:\/\/www.elsindical.com.ar\/notas\/?p=116308"},"modified":"2022-09-01T09:09:44","modified_gmt":"2022-09-01T12:09:44","slug":"la-mafia-judicial-macrista","status":"publish","type":"post","link":"https:\/\/www.elsindical.com.ar\/notas\/la-mafia-judicial-macrista\/","title":{"rendered":"La Mafia Judicial Macrista"},"content":{"rendered":"<div class=\"wp-block-image\">\n<figure class=\"aligncenter size-full\"><a href=\"https:\/\/www.elsindical.com.ar\/notas\/var\/www\/html\/notas\/wp-content\/uploads\/2022\/09\/Fiscal-Luciani-y-el-juez-Gimenez-Uriburu-.jpg\"><img loading=\"lazy\" decoding=\"async\" width=\"709\" height=\"399\" src=\"https:\/\/www.elsindical.com.ar\/notas\/var\/www\/html\/notas\/wp-content\/uploads\/2022\/09\/Fiscal-Luciani-y-el-juez-Gimenez-Uriburu-.jpg\" alt=\"\" class=\"wp-image-116309\" srcset=\"https:\/\/www.elsindical.com.ar\/notas\/var\/www\/html\/notas\/wp-content\/uploads\/2022\/09\/Fiscal-Luciani-y-el-juez-Gimenez-Uriburu-.jpg 709w, https:\/\/www.elsindical.com.ar\/notas\/var\/www\/html\/notas\/wp-content\/uploads\/2022\/09\/Fiscal-Luciani-y-el-juez-Gimenez-Uriburu--300x169.jpg 300w, https:\/\/www.elsindical.com.ar\/notas\/var\/www\/html\/notas\/wp-content\/uploads\/2022\/09\/Fiscal-Luciani-y-el-juez-Gimenez-Uriburu--500x281.jpg 500w, https:\/\/www.elsindical.com.ar\/notas\/var\/www\/html\/notas\/wp-content\/uploads\/2022\/09\/Fiscal-Luciani-y-el-juez-Gimenez-Uriburu--460x260.jpg 460w\" sizes=\"auto, (max-width: 709px) 100vw, 709px\" \/><\/a><\/figure>\n<\/div>\n\n\n<p>El Poder Judicial se presenta a s\u00ed mismo como uno de los \u201ctres poderes del Estado\u201d, independiente de los otros dos. Como estamos viendo cada vez m\u00e1s en la pol\u00edtica argentina, eso es mentira. El aparato judicial es parte del Estado, y como tal responde a los intereses de las clases dominantes. Aquello que inmortaliz\u00f3 el Viejo Vizcacha en el Mart\u00edn Fierro de \u201cHacete amigo del juez\u2026\u201d, hoy es \u201ctenemos que tener jueces amigos\u201d.<\/p>\n\n\n\n<p>Una parte de este aparato judicial, particularmente en la Corte Suprema, la Justicia Federal y las C\u00e1maras de Apelaciones est\u00e1 controlado o tiene fuertes v\u00ednculos con el macrismo, y viene en una ofensiva vinculada a los intereses de este sector por volver al gobierno, por las elecciones del 2023 o antes.<\/p>\n\n\n\n<p>Para este objetivo quieren sacar de las calles a las trabajadoras y trabajadores y al pueblo que luchan por sus intereses. Por eso han reactivado causas judiciales contra dirigentes sociales, sindicales y pol\u00edticos en todo el pa\u00eds.<\/p>\n\n\n\n<p>Por eso han armado causas truchas como la montada contra la CCC, con allanamientos a casas de compa\u00f1eras y compa\u00f1eros, y comedores populares.<\/p>\n\n\n\n<p>En ese contexto, los fiscales Diego Luciani y Sergio Mola, en una causa que investiga&nbsp; corrupci\u00f3n en la obra p\u00fablica durante el gobierno de Cristina Fern\u00e1ndez de Kirchner pidieron 12 a\u00f1os de prisi\u00f3n y la inhabilitaci\u00f3n perpetua para ocupar cargos p\u00fablicos para la vicepresidenta. Nuestro Partido ha expresado su rechazo a este pedido y la necesidad, pese a las diferencias que tenemos con la vicepresidenta, de golpear juntos contra el sector de derecha m\u00e1s recalcitrante que expresan el macrismo y sus socios.<\/p>\n\n\n\n<p>En este mismo sentido compa\u00f1eras y compa\u00f1eros de la CCC y el PTP-PCR, como parte del Frente de Todos, se manifestaron en estos d\u00edas en repudio a esta embestida judicial, en distintas provincias.<\/p>\n\n\n\n<p>Macri, durante su presidencia entre 2015 y 2019, design\u00f3 228 jueces, fiscales y defensores, entre ellos 166 jueces federales y nacionales. Intent\u00f3, adem\u00e1s, nombrar por decreto dos integrantes de la Corte Suprema apenas asumi\u00f3, lo que recibi\u00f3 amplio repudio popular y tuvo que ser suspendido. Es conocida la vinculaci\u00f3n del macrismo con muchos de los jueces federales de Comodoro Py en la Capital Federal.<\/p>\n\n\n\n<p>En los \u00faltimos tiempos Cristina Fern\u00e1ndez mostr\u00f3 como el fiscal Diego Luciani y el juez de la causa, Rodrigo Gim\u00e9nez Uriburu, juegan en el mismo equipo de f\u00fatbol, y como si esto fuera poco, en la quinta Los Abrojos, de Macri. Adem\u00e1s, en la foto aparecen abrazados al camarista Llorens, \u201cel que sobresey\u00f3 a Macri en la causa por espionaje a los familiares de las v\u00edctimas del ARA San Juan\u00bb.<\/p>\n\n\n\n<p>Porque la otra parte de esta ofensiva de los sectores judiciales afines al macrismo es el \u201cblindaje\u201d para sobreseer o directamente no juzgar a Macri, no s\u00f3lo por el espionaje a los familiares del ARA San Juan, sino tambi\u00e9n por la falta de pago del canon por la concesi\u00f3n del Correo Argentino, el contrabando de armas a Bolivia en el momento del golpe contra Evo Morales, y por la \u00abMesa judicial\u00bb que armaba juicios a sindicalistas durante el gobierno de Vidal en la provincia de Buenos Aires, causa por la que se fue a Uruguay Fabi\u00e1n \u00abPep\u00edn\u00bb Rodr\u00edguez Sim\u00f3n, el conocido \u201coperador\u201d judicial de Macri.<\/p>\n\n\n\n<p>El acuerdo del gobierno para renegociar el nefasto pr\u00e9stamo del FMI en tiempos del macrismo dej\u00f3 en el limbo la denuncia penal de Alberto Fern\u00e1ndez contra Macri por la fuga de capitales con los fondos de ese pr\u00e9stamo.<\/p>\n\n\n\n<p>Como parte de esta ofensiva macrista, en los \u00faltimos d\u00edas el bloque de diputados nacionales de Juntos por el Cambio (JxC) pidi\u00f3 que se inicie un juicio pol\u00edtico al presidente, por sus expresiones contra el fiscal Luciani. Este es un nuevo paso en su objetivo de llegar al gobierno, con o sin elecciones.<\/p>\n\n\n\n<p>Todo el aparato judicial est\u00e1 profundamente podrido, y, como dec\u00eda el escritor Eduardo Galeano, es como la serpiente \u201cque solo pica a los descalzos\u201d. Por eso, s\u00f3lo habr\u00e1 verdadera justicia en nuestra patria, cuando podamos imponer cambios profundos y que la clase obrera y el pueblo conquisten el poder pol\u00edtico para terminar con el latifundio, la dependencia, y este Estado olig\u00e1rquico- imperialista que los sostiene.<\/p>\n\n\n\n<p><strong>Escribe Germ\u00e1n Vidal<\/strong><\/p>\n","protected":false},"excerpt":{"rendered":"<p>El Poder Judicial se presenta a s\u00ed mismo como uno de los \u201ctres poderes del Estado\u201d, independiente de los otros dos. Como estamos viendo cada vez m\u00e1s en la pol\u00edtica argentina, eso es mentira. El aparato judicial es parte del Estado, y como tal responde a los intereses de las clases dominantes. Aquello que inmortaliz\u00f3&hellip;<\/p>\n","protected":false},"author":1,"featured_media":116309,"comment_status":"open","ping_status":"open","sticky":false,"template":"","format":"standard","meta":{"footnotes":""},"categories":[20,21,13],"tags":[12209,2450,379,38083,33995,22025,35688],"class_list":["post-116308","post","type-post","status-publish","format-standard","has-post-thumbnail","hentry","category-judiciales","category-opinion","category-politica","tag-ccc","tag-diario-el-sindical","tag-justicia-federal","tag-mafia-judicial-macrista","tag-pcr","tag-politica","tag-ptp"],"_links":{"self":[{"href":"https:\/\/www.elsindical.com.ar\/notas\/wp-json\/wp\/v2\/posts\/116308","targetHints":{"allow":["GET"]}}],"collection":[{"href":"https:\/\/www.elsindical.com.ar\/notas\/wp-json\/wp\/v2\/posts"}],"about":[{"href":"https:\/\/www.elsindical.com.ar\/notas\/wp-json\/wp\/v2\/types\/post"}],"author":[{"embeddable":true,"href":"https:\/\/www.elsindical.com.ar\/notas\/wp-json\/wp\/v2\/users\/1"}],"replies":[{"embeddable":true,"href":"https:\/\/www.elsindical.com.ar\/notas\/wp-json\/wp\/v2\/comments?post=116308"}],"version-history":[{"count":1,"href":"https:\/\/www.elsindical.com.ar\/notas\/wp-json\/wp\/v2\/posts\/116308\/revisions"}],"predecessor-version":[{"id":116310,"href":"https:\/\/www.elsindical.com.ar\/notas\/wp-json\/wp\/v2\/posts\/116308\/revisions\/116310"}],"wp:featuredmedia":[{"embeddable":true,"href":"https:\/\/www.elsindical.com.ar\/notas\/wp-json\/wp\/v2\/media\/116309"}],"wp:attachment":[{"href":"https:\/\/www.elsindical.com.ar\/notas\/wp-json\/wp\/v2\/media?parent=116308"}],"wp:term":[{"taxonomy":"category","embeddable":true,"href":"https:\/\/www.elsindical.com.ar\/notas\/wp-json\/wp\/v2\/categories?post=116308"},{"taxonomy":"post_tag","embeddable":true,"href":"https:\/\/www.elsindical.com.ar\/notas\/wp-json\/wp\/v2\/tags?post=116308"}],"curies":[{"name":"wp","href":"https:\/\/api.w.org\/{rel}","templated":true}]}}