{"id":116258,"date":"2022-08-30T00:54:30","date_gmt":"2022-08-30T03:54:30","guid":{"rendered":"https:\/\/www.elsindical.com.ar\/notas\/?p=116258"},"modified":"2022-08-30T00:54:31","modified_gmt":"2022-08-30T03:54:31","slug":"la-provincia-presento-un-registro-digital-de-organizaciones-sociales","status":"publish","type":"post","link":"https:\/\/www.elsindical.com.ar\/notas\/la-provincia-presento-un-registro-digital-de-organizaciones-sociales\/","title":{"rendered":"La Provincia present\u00f3 un registro digital de organizaciones sociales"},"content":{"rendered":"\n<figure class=\"wp-block-image size-large\"><a href=\"https:\/\/www.elsindical.com.ar\/notas\/var\/www\/html\/notas\/wp-content\/uploads\/2022\/08\/REPOC-digital.jpg\"><img loading=\"lazy\" decoding=\"async\" width=\"1024\" height=\"576\" src=\"https:\/\/www.elsindical.com.ar\/notas\/var\/www\/html\/notas\/wp-content\/uploads\/2022\/08\/REPOC-digital-1024x576.jpg\" alt=\"\" class=\"wp-image-116259\" srcset=\"https:\/\/www.elsindical.com.ar\/notas\/var\/www\/html\/notas\/wp-content\/uploads\/2022\/08\/REPOC-digital-1024x576.jpg 1024w, https:\/\/www.elsindical.com.ar\/notas\/var\/www\/html\/notas\/wp-content\/uploads\/2022\/08\/REPOC-digital-300x169.jpg 300w, https:\/\/www.elsindical.com.ar\/notas\/var\/www\/html\/notas\/wp-content\/uploads\/2022\/08\/REPOC-digital-768x432.jpg 768w, https:\/\/www.elsindical.com.ar\/notas\/var\/www\/html\/notas\/wp-content\/uploads\/2022\/08\/REPOC-digital-500x281.jpg 500w, https:\/\/www.elsindical.com.ar\/notas\/var\/www\/html\/notas\/wp-content\/uploads\/2022\/08\/REPOC-digital-460x260.jpg 460w, https:\/\/www.elsindical.com.ar\/notas\/var\/www\/html\/notas\/wp-content\/uploads\/2022\/08\/REPOC-digital.jpg 1280w\" sizes=\"auto, (max-width: 1024px) 100vw, 1024px\" \/><\/a><\/figure>\n\n\n\n<p>La provincia de Buenos Aires present\u00f3 hoy el <strong>sistema digital del Registro Provincial de las Organizaciones de la Comunidad <\/strong>(REPOC), que permitir\u00e1 inscribirse o actualizar tr\u00e1mites desde cualquier medio digital, sin tener que realizarlo de forma presencial.<\/p>\n\n\n\n<p>El REPOC sirve para <strong>acceder a subsidios de la Provincia; recibir informaci\u00f3n <\/strong>sobre capacitaciones y programas vigentes; y dar mayor visibilidad al trabajo de las organizaciones.<\/p>\n\n\n\n<p>\u201cEsta nueva herramienta permite lograr un gobierno m\u00e1s transparente, \u00e1gil y eficiente, acompa\u00f1ando a las organizaciones en su relaci\u00f3n con el Estado. Este es uno de los tantos sistemas de desarrollo que elaboramos desde la Subsecretar\u00eda de Gobierno Digital. <strong>Hoy todos los tr\u00e1mites que se realizan en la Provincia son digitales<\/strong>\u201d, precisaron desde la Jefatura de Gabinete bonaerense..<\/p>\n\n\n\n<p>La implementaci\u00f3n del REPOC digital <strong>permite simplificar la gesti\u00f3n del tr\u00e1mite<\/strong>, mejorar el acceso a la informaci\u00f3n p\u00fablica y fortalecer la comunicaci\u00f3n con el Estado.<\/p>\n\n\n\n<p>Para realizar el tr\u00e1mite se deber\u00e1 ingresar a <strong><a href=\"https:\/\/www.gba.gob.ar\/rrii\/repoc\">https:\/\/www.gba.gob.ar\/rrii\/repoc<\/a> <\/strong>en donde se podr\u00e1 consultar los requisitos y acceder a un tutorial.<\/p>\n\n\n\n<p>Adem\u00e1s, el personal del REPOC continuar\u00e1 asesorando de manera telef\u00f3nica en el <strong>0221 429-5797 o desde <a href=\"mailto:repoc@gba.gob.ar\">repoc@gba.gob.ar<\/a><\/strong>.<\/p>\n","protected":false},"excerpt":{"rendered":"<p>La provincia de Buenos Aires present\u00f3 hoy el sistema digital del Registro Provincial de las Organizaciones de la Comunidad (REPOC), que permitir\u00e1 inscribirse o actualizar tr\u00e1mites desde cualquier medio digital, sin tener que realizarlo de forma presencial. El REPOC sirve para acceder a subsidios de la Provincia; recibir informaci\u00f3n sobre capacitaciones y programas vigentes; y&hellip;<\/p>\n","protected":false},"author":1,"featured_media":116259,"comment_status":"open","ping_status":"open","sticky":false,"template":"","format":"standard","meta":{"footnotes":""},"categories":[13,25],"tags":[2450,38072,38071],"class_list":["post-116258","post","type-post","status-publish","format-standard","has-post-thumbnail","hentry","category-politica","category-sociedad","tag-diario-el-sindical","tag-organizaciones-de-la-comunidad","tag-repoc"],"_links":{"self":[{"href":"https:\/\/www.elsindical.com.ar\/notas\/wp-json\/wp\/v2\/posts\/116258","targetHints":{"allow":["GET"]}}],"collection":[{"href":"https:\/\/www.elsindical.com.ar\/notas\/wp-json\/wp\/v2\/posts"}],"about":[{"href":"https:\/\/www.elsindical.com.ar\/notas\/wp-json\/wp\/v2\/types\/post"}],"author":[{"embeddable":true,"href":"https:\/\/www.elsindical.com.ar\/notas\/wp-json\/wp\/v2\/users\/1"}],"replies":[{"embeddable":true,"href":"https:\/\/www.elsindical.com.ar\/notas\/wp-json\/wp\/v2\/comments?post=116258"}],"version-history":[{"count":1,"href":"https:\/\/www.elsindical.com.ar\/notas\/wp-json\/wp\/v2\/posts\/116258\/revisions"}],"predecessor-version":[{"id":116260,"href":"https:\/\/www.elsindical.com.ar\/notas\/wp-json\/wp\/v2\/posts\/116258\/revisions\/116260"}],"wp:featuredmedia":[{"embeddable":true,"href":"https:\/\/www.elsindical.com.ar\/notas\/wp-json\/wp\/v2\/media\/116259"}],"wp:attachment":[{"href":"https:\/\/www.elsindical.com.ar\/notas\/wp-json\/wp\/v2\/media?parent=116258"}],"wp:term":[{"taxonomy":"category","embeddable":true,"href":"https:\/\/www.elsindical.com.ar\/notas\/wp-json\/wp\/v2\/categories?post=116258"},{"taxonomy":"post_tag","embeddable":true,"href":"https:\/\/www.elsindical.com.ar\/notas\/wp-json\/wp\/v2\/tags?post=116258"}],"curies":[{"name":"wp","href":"https:\/\/api.w.org\/{rel}","templated":true}]}}