{"id":116239,"date":"2022-08-29T14:17:39","date_gmt":"2022-08-29T17:17:39","guid":{"rendered":"https:\/\/www.elsindical.com.ar\/notas\/?p=116239"},"modified":"2022-08-29T14:23:19","modified_gmt":"2022-08-29T17:23:19","slug":"roque-perez-en-un-impactante-accidente-de-transito-murio-la-bolivarense-stella-lautre-quien-habia-denunciado-por-abuso-al-macrista-mosca","status":"publish","type":"post","link":"https:\/\/www.elsindical.com.ar\/notas\/roque-perez-en-un-impactante-accidente-de-transito-murio-la-bolivarense-stella-lautre-quien-habia-denunciado-por-abuso-al-macrista-mosca\/","title":{"rendered":"Roque P\u00e9rez: En un impactante accidente de tr\u00e1nsito muri\u00f3 la bolivarense Stella Lautre quien hab\u00eda denunciado por abuso al macrista Mosca"},"content":{"rendered":"\n<figure class=\"wp-block-image size-large\"><a href=\"https:\/\/www.elsindical.com.ar\/notas\/var\/www\/html\/notas\/wp-content\/uploads\/2022\/08\/muerte-de-Stella-Lautre.jpg\"><img loading=\"lazy\" decoding=\"async\" width=\"1024\" height=\"575\" src=\"https:\/\/www.elsindical.com.ar\/notas\/var\/www\/html\/notas\/wp-content\/uploads\/2022\/08\/muerte-de-Stella-Lautre-1024x575.jpg\" alt=\"\" class=\"wp-image-116240\" srcset=\"https:\/\/www.elsindical.com.ar\/notas\/var\/www\/html\/notas\/wp-content\/uploads\/2022\/08\/muerte-de-Stella-Lautre-1024x575.jpg 1024w, https:\/\/www.elsindical.com.ar\/notas\/var\/www\/html\/notas\/wp-content\/uploads\/2022\/08\/muerte-de-Stella-Lautre-300x169.jpg 300w, https:\/\/www.elsindical.com.ar\/notas\/var\/www\/html\/notas\/wp-content\/uploads\/2022\/08\/muerte-de-Stella-Lautre-768x431.jpg 768w, https:\/\/www.elsindical.com.ar\/notas\/var\/www\/html\/notas\/wp-content\/uploads\/2022\/08\/muerte-de-Stella-Lautre-500x281.jpg 500w, https:\/\/www.elsindical.com.ar\/notas\/var\/www\/html\/notas\/wp-content\/uploads\/2022\/08\/muerte-de-Stella-Lautre.jpg 1280w\" sizes=\"auto, (max-width: 1024px) 100vw, 1024px\" \/><\/a><\/figure>\n\n\n\n<p>El tr\u00e1gico accidente se registr\u00f3 a la altura de Roque P\u00e9rez. La v\u00edctima cobr\u00f3 relevancia p\u00fablica luego de radicar una denuncia por abuso contra Manuel Mosca.<\/p>\n\n\n\n<p>Aproximadamente a las 22:45 horas, la conocida bolivarense <strong>Stella Lautre<\/strong> <strong>perdi\u00f3 la vida a los 60 a\u00f1os en un brutal accidente de tr\u00e1nsito<\/strong> ocurrido en la Ruta 205.<\/p>\n\n\n\n<p>Fue en el kil\u00f3metro 146, a la altura de Roque P\u00e9rez, donde el rodado Chevrolet Astra que conduc\u00eda en solitario choc\u00f3 con un Fiat Argo provoc\u00e1ndose el <strong>incendio de ambos veh\u00edculos<\/strong> en forma instant\u00e1nea.<\/p>\n\n\n\n<p>La v\u00edctima fatal circulaba en un autom\u00f3vil Chevrolet Astra e impact\u00f3 contra otro auto, un Fiat Argo, <strong>en el que viajaban un padre de 56 a\u00f1os y su hijo de 14, ambos oriundos de Lan\u00fas<\/strong>. Los ocupantes pudieron salir del rodado pero debieron ser intervenidos quir\u00fargicamente por presentar \u201cfluidos en el abdomen\u201d inform\u00f3 el sitio Roque P\u00e9rez Hoy.<\/p>\n\n\n\n<p>Tuvo una destacada trayectoria en el Banco Provincia. En los \u00faltimos tiempos, su nombre hab\u00eda tomado mayor relevancia a\u00fan con su denuncia contra el expresidente de la C\u00e1mara de Diputados de la Provincia de Buenos Aires, Manuel Mosca, entonces marido de la senadora del PRO Gladys Gonz\u00e1lez.<\/p>\n\n\n\n<figure class=\"wp-block-embed is-type-video is-provider-youtube wp-block-embed-youtube wp-embed-aspect-16-9 wp-has-aspect-ratio\"><div class=\"wp-block-embed__wrapper\">\n<iframe loading=\"lazy\" title=\"Muerte de Stella Lautre en ruta 205 denunciante del macrista Manuel Mosca por abuso sexual\" width=\"700\" height=\"394\" src=\"https:\/\/www.youtube.com\/embed\/J89ytRQYDGo?feature=oembed\" frameborder=\"0\" allow=\"accelerometer; autoplay; clipboard-write; encrypted-media; gyroscope; picture-in-picture\" allowfullscreen><\/iframe>\n<\/div><\/figure>\n","protected":false},"excerpt":{"rendered":"<p>El tr\u00e1gico accidente se registr\u00f3 a la altura de Roque P\u00e9rez. La v\u00edctima cobr\u00f3 relevancia p\u00fablica luego de radicar una denuncia por abuso contra Manuel Mosca. Aproximadamente a las 22:45 horas, la conocida bolivarense Stella Lautre perdi\u00f3 la vida a los 60 a\u00f1os en un brutal accidente de tr\u00e1nsito ocurrido en la Ruta 205. Fue&hellip;<\/p>\n","protected":false},"author":1,"featured_media":116240,"comment_status":"open","ping_status":"open","sticky":false,"template":"","format":"standard","meta":{"footnotes":""},"categories":[22],"tags":[783,1571,175,2450,884,27734,29432,25467,38062],"class_list":["post-116239","post","type-post","status-publish","format-standard","has-post-thumbnail","hentry","category-policiales","tag-abuso-sexual","tag-banco-provincia","tag-denuncia","tag-diario-el-sindical","tag-macrismo","tag-manuel-mosca","tag-roque-perez","tag-ruta-205","tag-stella-lautre"],"_links":{"self":[{"href":"https:\/\/www.elsindical.com.ar\/notas\/wp-json\/wp\/v2\/posts\/116239","targetHints":{"allow":["GET"]}}],"collection":[{"href":"https:\/\/www.elsindical.com.ar\/notas\/wp-json\/wp\/v2\/posts"}],"about":[{"href":"https:\/\/www.elsindical.com.ar\/notas\/wp-json\/wp\/v2\/types\/post"}],"author":[{"embeddable":true,"href":"https:\/\/www.elsindical.com.ar\/notas\/wp-json\/wp\/v2\/users\/1"}],"replies":[{"embeddable":true,"href":"https:\/\/www.elsindical.com.ar\/notas\/wp-json\/wp\/v2\/comments?post=116239"}],"version-history":[{"count":2,"href":"https:\/\/www.elsindical.com.ar\/notas\/wp-json\/wp\/v2\/posts\/116239\/revisions"}],"predecessor-version":[{"id":116242,"href":"https:\/\/www.elsindical.com.ar\/notas\/wp-json\/wp\/v2\/posts\/116239\/revisions\/116242"}],"wp:featuredmedia":[{"embeddable":true,"href":"https:\/\/www.elsindical.com.ar\/notas\/wp-json\/wp\/v2\/media\/116240"}],"wp:attachment":[{"href":"https:\/\/www.elsindical.com.ar\/notas\/wp-json\/wp\/v2\/media?parent=116239"}],"wp:term":[{"taxonomy":"category","embeddable":true,"href":"https:\/\/www.elsindical.com.ar\/notas\/wp-json\/wp\/v2\/categories?post=116239"},{"taxonomy":"post_tag","embeddable":true,"href":"https:\/\/www.elsindical.com.ar\/notas\/wp-json\/wp\/v2\/tags?post=116239"}],"curies":[{"name":"wp","href":"https:\/\/api.w.org\/{rel}","templated":true}]}}