{"id":116227,"date":"2022-08-29T00:49:15","date_gmt":"2022-08-29T03:49:15","guid":{"rendered":"https:\/\/www.elsindical.com.ar\/notas\/?p=116227"},"modified":"2022-08-29T00:49:16","modified_gmt":"2022-08-29T03:49:16","slug":"multas-de-18-millones-por-la-suspension-del-servicio-nocturno-de-colectivos","status":"publish","type":"post","link":"https:\/\/www.elsindical.com.ar\/notas\/multas-de-18-millones-por-la-suspension-del-servicio-nocturno-de-colectivos\/","title":{"rendered":"Multas de $18 millones por la suspensi\u00f3n del servicio nocturno de colectivos"},"content":{"rendered":"\n<figure class=\"wp-block-image size-large\"><a href=\"https:\/\/www.elsindical.com.ar\/notas\/var\/www\/html\/notas\/wp-content\/uploads\/2022\/08\/lineas-de-colectivos.jpg\"><img loading=\"lazy\" decoding=\"async\" width=\"1024\" height=\"576\" src=\"https:\/\/www.elsindical.com.ar\/notas\/var\/www\/html\/notas\/wp-content\/uploads\/2022\/08\/lineas-de-colectivos-1024x576.jpg\" alt=\"\" class=\"wp-image-116228\" srcset=\"https:\/\/www.elsindical.com.ar\/notas\/var\/www\/html\/notas\/wp-content\/uploads\/2022\/08\/lineas-de-colectivos-1024x576.jpg 1024w, https:\/\/www.elsindical.com.ar\/notas\/var\/www\/html\/notas\/wp-content\/uploads\/2022\/08\/lineas-de-colectivos-300x169.jpg 300w, https:\/\/www.elsindical.com.ar\/notas\/var\/www\/html\/notas\/wp-content\/uploads\/2022\/08\/lineas-de-colectivos-768x432.jpg 768w, https:\/\/www.elsindical.com.ar\/notas\/var\/www\/html\/notas\/wp-content\/uploads\/2022\/08\/lineas-de-colectivos-500x281.jpg 500w, https:\/\/www.elsindical.com.ar\/notas\/var\/www\/html\/notas\/wp-content\/uploads\/2022\/08\/lineas-de-colectivos-460x260.jpg 460w, https:\/\/www.elsindical.com.ar\/notas\/var\/www\/html\/notas\/wp-content\/uploads\/2022\/08\/lineas-de-colectivos.jpg 1200w\" sizes=\"auto, (max-width: 1024px) 100vw, 1024px\" \/><\/a><\/figure>\n\n\n\n<p class=\"wp-block-paragraph\">Tras una semana de la paralizaci\u00f3n de los trayectos de colectivos nocturnos en el \u00e1rea metropolitana de Buenos Aires (AMBA), la Comisi\u00f3n Nacional de Regulaci\u00f3n del Transporte (CNRT) <strong>labr\u00f3 106 actas de infracci\u00f3n <\/strong>de hasta m\u00e1s de 18 millones de peso por incumplimiento servicios y frecuencias.<\/p>\n\n\n\n<p class=\"wp-block-paragraph\">La mayor\u00eda de las l\u00edneas urbanas, a partir del 19 de agosto pasado decidieron <strong>suspender los servicios de 22 a 5, adem\u00e1s de reducir las frecuencias diurnas<\/strong>, en reclamo por la deuda que mantiene en subsidios el Estado nacional con las empresas de transporte de pasajeros.<\/p>\n\n\n\n<p class=\"wp-block-paragraph\">Ante esta medida, la CNRT comunic\u00f3 que <strong>reforz\u00f3 los controles y hab\u00eda anticipado <\/strong>que \u201cde cumplirse la interrupci\u00f3n por un lapso de cinco d\u00edas consecutivos, o diez d\u00edas alternados por a\u00f1o calendario, se elevar\u00e1n las actas correspondientes al Ministerio de Transporte quien a trav\u00e9s de su Secretar\u00eda podr\u00e1 evaluar la posible caducidad del permiso\u201d.<\/p>\n\n\n\n<p class=\"wp-block-paragraph\">En ese sentido, se se\u00f1al\u00f3 en un comunicado que el organismo \u201cse rige por el \u00b4Art\u00edculo 83 del Decreto N\u00ba 1395\/1998\u00b4 donde la <strong>violaci\u00f3n del r\u00e9gimen diario de frecuencias diurnas y nocturnas<\/strong> en los servicios p\u00fablicos de transporte urbano de pasajeros y es sancionada en cada caso, con <strong>multas de entre 500 y 15.000 boletos m\u00ednimos<\/strong>\u201c.<\/p>\n\n\n\n<p class=\"wp-block-paragraph\">En ese marco, se indic\u00f3 que la CNRT, organismo del Ministerio de Transporte, \u201crealiz\u00f3 106 actas de infracci\u00f3n que pueden alcanzar los <strong>$18.030.600 pesos por incumplimiento de los servicios y frecuencias<\/strong>\u201c.<\/p>\n\n\n\n<p class=\"wp-block-paragraph\">El jueves el Ministerio de <strong>Transporte gir\u00f3 $ 3.900 millones <\/strong>a las empresas de transporte, monto que consideraron insuficiente y en consecuencia mantuvieron las protestas.<\/p>\n\n\n\n<p class=\"wp-block-paragraph\">Adem\u00e1s, el desembolso de Naci\u00f3n <strong>excluy\u00f3 a las l\u00edneas de colectivos de la Ciudad de Buenos Aires<\/strong>. Desde Transporte indican que el distrito capital les adeuda m\u00e1s de $ 2.000 millones del porcentaje subvenci\u00f3n que le corresponde, un monto que desde la administraci\u00f3n porte\u00f1a niegan que est\u00e9n en falta porque sostienen que est\u00e1 en discusi\u00f3n.<\/p>\n\n\n\n<p class=\"wp-block-paragraph\">Asimismo, la cartera que dirige Alexis Guerrera provoc\u00f3 la sorpresa de los transportistas por su posici\u00f3n respecto a las lineas que circulan exclusivamente por las calles porte\u00f1as porque <strong>la provincia de Buenos Aires \u201cdebe $ 5.500 millones y no se plantea la misma postura\u201d.<\/strong><\/p>\n\n\n\n<p class=\"wp-block-paragraph\">La deuda total que el Estado Nacional tiene con las empresas de colectivos es <strong>del orden de los $ 11.600 millones<\/strong>.<\/p>\n\n\n\n<p class=\"wp-block-paragraph\">Desde el sector empresario supeditan cualquier soluci\u00f3n a un <strong>fuerte recorte de lo adeudado<\/strong>.<\/p>\n\n\n\n<h5 class=\"wp-block-heading\">L\u00cdNEAS CON SERVICIOS REDUCIDOS<\/h5>\n\n\n\n<p class=\"wp-block-paragraph\">La protesta afecta a las siguientes l\u00edneas:<\/p>\n\n\n\n<ul class=\"wp-block-list\"><li>2, 4, 15, 29, 33, 37, 39, 45, 46, 47, 49, 53, 59, 61, 62, 64, 70, 80, 86, 88, 93, 95, 96, 97<\/li><li>102, 105, 114, 118, 123, 124, 126, 129, 143, 154, 160, 166, 179, 180, 181, 185, 193<\/li><li>203 205, 218, 228 F, 236, 244, 248 C, 269, 284, 288, 291, 295<\/li><li>302, 303, 306, 311, 312, 313, 315, 318, 320, 328, 329, 325, 333, 338, 350, 351, 355, 378, 382, 390, 395<\/li><li>406, 407, 422, 437, 440, 441, 443, 461, 462, 463, 464.<\/li><li>500, 501, 502, 503, 504, 506 A, 509, 511, 518, 520, 522, 524, 527, 541, 543, 544, 549, 561, 562.<\/li><li>620, 622, 621, 628, 630, 634<\/li><li>707, 721, 740.<\/li><li>910, 911, 912, 914, y 915<\/li><\/ul>\n\n\n\n<p class=\"wp-block-paragraph\">Estas l\u00edneas que est\u00e1n agrupadas en la C\u00e1mara Empresaria de Autotransporte de Pasajeros (CEAP), la C\u00e1mara Empresaria del Transporte Urbano de Buenos Aires (CETUBA) y la C\u00e1mara del Transporte de la Provincia de Buenos Aires (C.T.P.B.A.)<\/p>\n","protected":false},"excerpt":{"rendered":"<p>Tras una semana de la paralizaci\u00f3n de los trayectos de colectivos nocturnos en el \u00e1rea metropolitana de Buenos Aires (AMBA), la Comisi\u00f3n Nacional de Regulaci\u00f3n del Transporte (CNRT) labr\u00f3 106 actas de infracci\u00f3n de hasta m\u00e1s de 18 millones de peso por incumplimiento servicios y frecuencias. La mayor\u00eda de las l\u00edneas urbanas, a partir del&hellip;<\/p>\n","protected":false},"author":1,"featured_media":116228,"comment_status":"open","ping_status":"open","sticky":false,"template":"","format":"standard","meta":{"footnotes":""},"categories":[13],"tags":[35223,3468,154,5249,2450,1537,38056],"class_list":["post-116227","post","type-post","status-publish","format-standard","has-post-thumbnail","hentry","category-politica","tag-alexis-guerrera","tag-amba","tag-buenos-aires","tag-cnrt","tag-diario-el-sindical","tag-multas","tag-paro-nocturno-de-colectivos"],"_links":{"self":[{"href":"https:\/\/www.elsindical.com.ar\/notas\/wp-json\/wp\/v2\/posts\/116227","targetHints":{"allow":["GET"]}}],"collection":[{"href":"https:\/\/www.elsindical.com.ar\/notas\/wp-json\/wp\/v2\/posts"}],"about":[{"href":"https:\/\/www.elsindical.com.ar\/notas\/wp-json\/wp\/v2\/types\/post"}],"author":[{"embeddable":true,"href":"https:\/\/www.elsindical.com.ar\/notas\/wp-json\/wp\/v2\/users\/1"}],"replies":[{"embeddable":true,"href":"https:\/\/www.elsindical.com.ar\/notas\/wp-json\/wp\/v2\/comments?post=116227"}],"version-history":[{"count":1,"href":"https:\/\/www.elsindical.com.ar\/notas\/wp-json\/wp\/v2\/posts\/116227\/revisions"}],"predecessor-version":[{"id":116229,"href":"https:\/\/www.elsindical.com.ar\/notas\/wp-json\/wp\/v2\/posts\/116227\/revisions\/116229"}],"wp:featuredmedia":[{"embeddable":true,"href":"https:\/\/www.elsindical.com.ar\/notas\/wp-json\/wp\/v2\/media\/116228"}],"wp:attachment":[{"href":"https:\/\/www.elsindical.com.ar\/notas\/wp-json\/wp\/v2\/media?parent=116227"}],"wp:term":[{"taxonomy":"category","embeddable":true,"href":"https:\/\/www.elsindical.com.ar\/notas\/wp-json\/wp\/v2\/categories?post=116227"},{"taxonomy":"post_tag","embeddable":true,"href":"https:\/\/www.elsindical.com.ar\/notas\/wp-json\/wp\/v2\/tags?post=116227"}],"curies":[{"name":"wp","href":"https:\/\/api.w.org\/{rel}","templated":true}]}}