{"id":116206,"date":"2022-08-27T11:36:24","date_gmt":"2022-08-27T14:36:24","guid":{"rendered":"https:\/\/www.elsindical.com.ar\/notas\/?p=116206"},"modified":"2022-08-27T11:36:31","modified_gmt":"2022-08-27T14:36:31","slug":"caba-fuerte-rechazo-al-vallado-perimetral-en-la-casa-de-cristina-fernandez","status":"publish","type":"post","link":"https:\/\/www.elsindical.com.ar\/notas\/caba-fuerte-rechazo-al-vallado-perimetral-en-la-casa-de-cristina-fernandez\/","title":{"rendered":"CABA: Fuerte rechazo al vallado perimetral en la casa de Cristina Fern\u00e1ndez"},"content":{"rendered":"<div class=\"wp-block-image\">\n<figure class=\"aligncenter size-full\"><a href=\"https:\/\/www.elsindical.com.ar\/notas\/var\/www\/html\/notas\/wp-content\/uploads\/2022\/08\/Recoleta-vallado-depto-Cristina.jpg\"><img loading=\"lazy\" decoding=\"async\" width=\"720\" height=\"399\" src=\"https:\/\/www.elsindical.com.ar\/notas\/var\/www\/html\/notas\/wp-content\/uploads\/2022\/08\/Recoleta-vallado-depto-Cristina.jpg\" alt=\"\" class=\"wp-image-116207\" srcset=\"https:\/\/www.elsindical.com.ar\/notas\/var\/www\/html\/notas\/wp-content\/uploads\/2022\/08\/Recoleta-vallado-depto-Cristina.jpg 720w, https:\/\/www.elsindical.com.ar\/notas\/var\/www\/html\/notas\/wp-content\/uploads\/2022\/08\/Recoleta-vallado-depto-Cristina-300x166.jpg 300w, https:\/\/www.elsindical.com.ar\/notas\/var\/www\/html\/notas\/wp-content\/uploads\/2022\/08\/Recoleta-vallado-depto-Cristina-500x277.jpg 500w\" sizes=\"auto, (max-width: 720px) 100vw, 720px\" \/><\/a><\/figure>\n<\/div>\n\n\n<p class=\"wp-block-paragraph\">El gobierno porte\u00f1o dispuso este s\u00e1bado un vallado perimetral en las calles Juncal entre Paran\u00e1 y Talcahuano; y Uruguay entre Montevideo y Arenales.<\/p>\n\n\n\n<p class=\"wp-block-paragraph\">Fuerte rechazo al<strong> vallado perimetral<\/strong> que el gobierno porte\u00f1o dispuso este s\u00e1bado en la casa de la vicepresidenta, <strong>Cristina Fern\u00e1ndez<\/strong>, a ra\u00edz de las vigilias y manifestaciones en la zona en apoyo a ella.<\/p>\n\n\n\n<p class=\"wp-block-paragraph\">\u00abQu\u00e9 te pasa @horaciorlarreta !? Est\u00e1s nervioso!?\u00bb, public\u00f3 en su cuenta de Twitter&nbsp;<strong>Andr\u00e9s Larroque<\/strong>, ministro de Desarrollo boanerense, junto a fotos de los vallados dispuesto por el Gobierno porte\u00f1o.<\/p>\n\n\n\n<p class=\"wp-block-paragraph\">En tanto,&nbsp;<strong>Nahuel Beibe<\/strong>, secretario general de la Corriente Mart\u00edn Fierro -una de las organizaciones que manten\u00eda la vigilia- dijo que \u00abllenar de vallas y polic\u00edas la casa de Cristina es una nueva provocaci\u00f3n de Horacio Rodr\u00edguez Larreta\u00bb.<\/p>\n\n\n\n<figure class=\"wp-block-image size-full\"><a href=\"https:\/\/www.elsindical.com.ar\/notas\/var\/www\/html\/notas\/wp-content\/uploads\/2022\/08\/Recoleta-vallado-depto-Cristina-2.jpg\"><img loading=\"lazy\" decoding=\"async\" width=\"900\" height=\"506\" src=\"https:\/\/www.elsindical.com.ar\/notas\/var\/www\/html\/notas\/wp-content\/uploads\/2022\/08\/Recoleta-vallado-depto-Cristina-2.jpg\" alt=\"\" class=\"wp-image-116208\" srcset=\"https:\/\/www.elsindical.com.ar\/notas\/var\/www\/html\/notas\/wp-content\/uploads\/2022\/08\/Recoleta-vallado-depto-Cristina-2.jpg 900w, https:\/\/www.elsindical.com.ar\/notas\/var\/www\/html\/notas\/wp-content\/uploads\/2022\/08\/Recoleta-vallado-depto-Cristina-2-300x169.jpg 300w, https:\/\/www.elsindical.com.ar\/notas\/var\/www\/html\/notas\/wp-content\/uploads\/2022\/08\/Recoleta-vallado-depto-Cristina-2-768x432.jpg 768w, https:\/\/www.elsindical.com.ar\/notas\/var\/www\/html\/notas\/wp-content\/uploads\/2022\/08\/Recoleta-vallado-depto-Cristina-2-500x281.jpg 500w, https:\/\/www.elsindical.com.ar\/notas\/var\/www\/html\/notas\/wp-content\/uploads\/2022\/08\/Recoleta-vallado-depto-Cristina-2-460x260.jpg 460w\" sizes=\"auto, (max-width: 900px) 100vw, 900px\" \/><\/a><\/figure>\n","protected":false},"excerpt":{"rendered":"<p>El gobierno porte\u00f1o dispuso este s\u00e1bado un vallado perimetral en las calles Juncal entre Paran\u00e1 y Talcahuano; y Uruguay entre Montevideo y Arenales. Fuerte rechazo al vallado perimetral que el gobierno porte\u00f1o dispuso este s\u00e1bado en la casa de la vicepresidenta, Cristina Fern\u00e1ndez, a ra\u00edz de las vigilias y manifestaciones en la zona en apoyo&hellip;<\/p>\n","protected":false},"author":1,"featured_media":116207,"comment_status":"open","ping_status":"open","sticky":false,"template":"","format":"standard","meta":{"footnotes":""},"categories":[13],"tags":[13423,4284,1205,2450,1943,24537,38053],"class_list":["post-116206","post","type-post","status-publish","format-standard","has-post-thumbnail","hentry","category-politica","tag-andres-larroque","tag-caba","tag-cristina-fernandez-de-kirchner","tag-diario-el-sindical","tag-horacio-rodriguez-larreta","tag-policia-de-la-ciudad","tag-vallado-perimetral"],"_links":{"self":[{"href":"https:\/\/www.elsindical.com.ar\/notas\/wp-json\/wp\/v2\/posts\/116206","targetHints":{"allow":["GET"]}}],"collection":[{"href":"https:\/\/www.elsindical.com.ar\/notas\/wp-json\/wp\/v2\/posts"}],"about":[{"href":"https:\/\/www.elsindical.com.ar\/notas\/wp-json\/wp\/v2\/types\/post"}],"author":[{"embeddable":true,"href":"https:\/\/www.elsindical.com.ar\/notas\/wp-json\/wp\/v2\/users\/1"}],"replies":[{"embeddable":true,"href":"https:\/\/www.elsindical.com.ar\/notas\/wp-json\/wp\/v2\/comments?post=116206"}],"version-history":[{"count":1,"href":"https:\/\/www.elsindical.com.ar\/notas\/wp-json\/wp\/v2\/posts\/116206\/revisions"}],"predecessor-version":[{"id":116209,"href":"https:\/\/www.elsindical.com.ar\/notas\/wp-json\/wp\/v2\/posts\/116206\/revisions\/116209"}],"wp:featuredmedia":[{"embeddable":true,"href":"https:\/\/www.elsindical.com.ar\/notas\/wp-json\/wp\/v2\/media\/116207"}],"wp:attachment":[{"href":"https:\/\/www.elsindical.com.ar\/notas\/wp-json\/wp\/v2\/media?parent=116206"}],"wp:term":[{"taxonomy":"category","embeddable":true,"href":"https:\/\/www.elsindical.com.ar\/notas\/wp-json\/wp\/v2\/categories?post=116206"},{"taxonomy":"post_tag","embeddable":true,"href":"https:\/\/www.elsindical.com.ar\/notas\/wp-json\/wp\/v2\/tags?post=116206"}],"curies":[{"name":"wp","href":"https:\/\/api.w.org\/{rel}","templated":true}]}}