{"id":116192,"date":"2022-08-26T17:07:56","date_gmt":"2022-08-26T20:07:56","guid":{"rendered":"https:\/\/www.elsindical.com.ar\/notas\/?p=116192"},"modified":"2022-08-26T17:07:59","modified_gmt":"2022-08-26T20:07:59","slug":"profunda-preocupacion-por-falta-de-respuesta-del-congreso","status":"publish","type":"post","link":"https:\/\/www.elsindical.com.ar\/notas\/profunda-preocupacion-por-falta-de-respuesta-del-congreso\/","title":{"rendered":"Profunda preocupaci\u00f3n por falta de respuesta del Congreso"},"content":{"rendered":"\n<figure class=\"wp-block-image size-full\"><a href=\"https:\/\/www.elsindical.com.ar\/notas\/var\/www\/html\/notas\/wp-content\/uploads\/2022\/08\/CN-frente.jpg\"><img loading=\"lazy\" decoding=\"async\" width=\"960\" height=\"540\" src=\"https:\/\/www.elsindical.com.ar\/notas\/var\/www\/html\/notas\/wp-content\/uploads\/2022\/08\/CN-frente.jpg\" alt=\"\" class=\"wp-image-116193\" srcset=\"https:\/\/www.elsindical.com.ar\/notas\/var\/www\/html\/notas\/wp-content\/uploads\/2022\/08\/CN-frente.jpg 960w, https:\/\/www.elsindical.com.ar\/notas\/var\/www\/html\/notas\/wp-content\/uploads\/2022\/08\/CN-frente-300x169.jpg 300w, https:\/\/www.elsindical.com.ar\/notas\/var\/www\/html\/notas\/wp-content\/uploads\/2022\/08\/CN-frente-768x432.jpg 768w, https:\/\/www.elsindical.com.ar\/notas\/var\/www\/html\/notas\/wp-content\/uploads\/2022\/08\/CN-frente-500x281.jpg 500w, https:\/\/www.elsindical.com.ar\/notas\/var\/www\/html\/notas\/wp-content\/uploads\/2022\/08\/CN-frente-460x260.jpg 460w\" sizes=\"auto, (max-width: 960px) 100vw, 960px\" \/><\/a><\/figure>\n\n\n\n<p><strong>El Espacio Audiovisual Nacional, integrado por APIMA, ARGENTORES, DAC y PCI, expresa su profunda preocupaci\u00f3n por la demora del Senado en el tratamiento del proyecto de ley que evita el colapso de las actividades e industrias culturales<\/strong>.<\/p>\n\n\n\n<p>Este proyecto cuenta desde hace ya m\u00e1s de dos meses con la media sanci\u00f3n de la C\u00e1mara de Diputados y con Dictamen favorable de la Comisi\u00f3n de Cultura del Senado. En ambas instancias se aprob\u00f3 la pr\u00f3rroga de las \u201casignaciones espec\u00edficas\u201d de los recursos generados por la Cultura y que se destinan a ella.<\/p>\n\n\n\n<p>Su tratamiento y sanci\u00f3n evitar\u00e1 que el 31 de diciembre de este a\u00f1o se produzca la par\u00e1lisis de las industrias culturales, entre las cuales se encuentra comprendido el cine y el audiovisual.<\/p>\n\n\n\n<p>A pesar de esta inminente amenaza a la existencia de la actividad, y a los empleos y la recaudaci\u00f3n que la misma genera, el proyecto sigue sin ser tratado por la C\u00e1mara Alta.<\/p>\n\n\n\n<p><strong>Que nuestra cultura no caduque! Exigimos su tratamiento con car\u00e1cter de urgencia.<\/strong><\/p>\n","protected":false},"excerpt":{"rendered":"<p>El Espacio Audiovisual Nacional, integrado por APIMA, ARGENTORES, DAC y PCI, expresa su profunda preocupaci\u00f3n por la demora del Senado en el tratamiento del proyecto de ley que evita el colapso de las actividades e industrias culturales. Este proyecto cuenta desde hace ya m\u00e1s de dos meses con la media sanci\u00f3n de la C\u00e1mara de&hellip;<\/p>\n","protected":false},"author":1,"featured_media":116193,"comment_status":"open","ping_status":"open","sticky":false,"template":"","format":"standard","meta":{"footnotes":""},"categories":[15,13],"tags":[37441,25200,3234,23821],"class_list":["post-116192","post","type-post","status-publish","format-standard","has-post-thumbnail","hentry","category-espectaculos","category-politica","tag-apima","tag-argentores","tag-congreso-nacional","tag-dac"],"_links":{"self":[{"href":"https:\/\/www.elsindical.com.ar\/notas\/wp-json\/wp\/v2\/posts\/116192","targetHints":{"allow":["GET"]}}],"collection":[{"href":"https:\/\/www.elsindical.com.ar\/notas\/wp-json\/wp\/v2\/posts"}],"about":[{"href":"https:\/\/www.elsindical.com.ar\/notas\/wp-json\/wp\/v2\/types\/post"}],"author":[{"embeddable":true,"href":"https:\/\/www.elsindical.com.ar\/notas\/wp-json\/wp\/v2\/users\/1"}],"replies":[{"embeddable":true,"href":"https:\/\/www.elsindical.com.ar\/notas\/wp-json\/wp\/v2\/comments?post=116192"}],"version-history":[{"count":1,"href":"https:\/\/www.elsindical.com.ar\/notas\/wp-json\/wp\/v2\/posts\/116192\/revisions"}],"predecessor-version":[{"id":116194,"href":"https:\/\/www.elsindical.com.ar\/notas\/wp-json\/wp\/v2\/posts\/116192\/revisions\/116194"}],"wp:featuredmedia":[{"embeddable":true,"href":"https:\/\/www.elsindical.com.ar\/notas\/wp-json\/wp\/v2\/media\/116193"}],"wp:attachment":[{"href":"https:\/\/www.elsindical.com.ar\/notas\/wp-json\/wp\/v2\/media?parent=116192"}],"wp:term":[{"taxonomy":"category","embeddable":true,"href":"https:\/\/www.elsindical.com.ar\/notas\/wp-json\/wp\/v2\/categories?post=116192"},{"taxonomy":"post_tag","embeddable":true,"href":"https:\/\/www.elsindical.com.ar\/notas\/wp-json\/wp\/v2\/tags?post=116192"}],"curies":[{"name":"wp","href":"https:\/\/api.w.org\/{rel}","templated":true}]}}