{"id":116160,"date":"2022-08-26T00:08:43","date_gmt":"2022-08-26T03:08:43","guid":{"rendered":"https:\/\/www.elsindical.com.ar\/notas\/?p=116160"},"modified":"2022-08-26T00:08:49","modified_gmt":"2022-08-26T03:08:49","slug":"el-impacto-de-la-reduccion-presupuestaria-en-los-derechos-sociales","status":"publish","type":"post","link":"https:\/\/www.elsindical.com.ar\/notas\/el-impacto-de-la-reduccion-presupuestaria-en-los-derechos-sociales\/","title":{"rendered":"El impacto de la reducci\u00f3n presupuestaria en los derechos sociales"},"content":{"rendered":"<div class=\"wp-block-image\">\n<figure class=\"aligncenter size-full is-resized\"><a href=\"https:\/\/www.elsindical.com.ar\/notas\/var\/www\/html\/notas\/wp-content\/uploads\/2022\/08\/Massa-firmas.jpg\"><img loading=\"lazy\" decoding=\"async\" src=\"https:\/\/www.elsindical.com.ar\/notas\/var\/www\/html\/notas\/wp-content\/uploads\/2022\/08\/Massa-firmas.jpg\" alt=\"\" class=\"wp-image-116161\" width=\"701\" height=\"417\" srcset=\"https:\/\/www.elsindical.com.ar\/notas\/var\/www\/html\/notas\/wp-content\/uploads\/2022\/08\/Massa-firmas.jpg 595w, https:\/\/www.elsindical.com.ar\/notas\/var\/www\/html\/notas\/wp-content\/uploads\/2022\/08\/Massa-firmas-300x178.jpg 300w, https:\/\/www.elsindical.com.ar\/notas\/var\/www\/html\/notas\/wp-content\/uploads\/2022\/08\/Massa-firmas-500x297.jpg 500w\" sizes=\"auto, (max-width: 701px) 100vw, 701px\" \/><\/a><\/figure>\n<\/div>\n\n\n<figure class=\"wp-block-table\"><table><tbody><tr><td>En las \u00faltimas semanas, el Poder Ejecutivo dispuso la<strong> disminuci\u00f3n de 100 mil millones de pesos en programas clave en materia educativa y habitacional.<\/strong> La medida viola el principio de intangibilidad de los recursos que establece la Ley 26.061 respecto de las pol\u00edticas destinadas a garantizar los derechos sociales de ni\u00f1as, ni\u00f1os, adolescentes. <strong>Esta decisi\u00f3n, as\u00ed como las sistem\u00e1ticas pr\u00e1cticas de subejecuci\u00f3n y disminuci\u00f3n de partidas educativas, son ilegales.\u00a0<\/strong><br><br>Compartimos el <strong>informe <\/strong><a rel=\"noreferrer noopener\" href=\"https:\/\/acij.musvc3.net\/e\/t?q=6%3dAX5aEX%26m%3dT%26x%3dZ5Z%26y%3dY3bJX%26v%3dA4OqL_2vTs_C6_stcu_39_2vTs_BAb6sE.pKq.6s_KaxQ_UpRq-6yIu8xO_stcu_395KmHk9t_KaxQ_UpWAUB_MRvZ_WgcH_MRvZ_WglxApKw0-FE-sHq4mOp-7o-Gb-Ko9v6mDpG-zMfL5Kv83ObKs6-fG-vJt-7oMf6rJt-Ly8j4v0t.InA_stcu_495On_LyPs6o_MRvZ_XeFkDmNz_MRvZ_W7N4H_n8nDvF_2vTs_C9fFkDm_KaxQ_UFPuF_m6nIkDhG_2vTs_C9h8x0s4v%269%3d4k6bnN3QdV.x0u%26B3%3dW9VJ&amp;mupckp=mupAtu4m8OiX0wt\" target=\"_blank\"><strong><em>\u00abRecorte fiscal: el impacto de la reducci\u00f3n presupuestaria en los derechos sociales\u00bb<\/em><\/strong><\/a> en el que presentamos una serie de gr\u00e1ficos y tablas, y sus respectivos an\u00e1lisis, que muestran los principales impactos de los recortes en los derechos sociales de ni\u00f1as, ni\u00f1os y adolescentes, as\u00ed como en los programas destinados a revertir el acceso deficitario a la vivienda.<br>Las principales consecuencias de las reducciones presupuestarias son:<br><br>Este a\u00f1o, al menos <strong>840.000 chicos y chicas no recibir\u00e1n sus computadoras<\/strong> en el marco del programa Conectar Igualdad.Las sostenidas disminuciones y subejecuciones para la construcci\u00f3n de jardines de infantes causaron que en los \u00faltimos 5 a\u00f1os <strong>solamente se hicieran 927 aulas<\/strong> <strong>de las 7.343 proyectadas<\/strong>. A pesar del <strong>d\u00e9ficit habitacional que alcanza a 3,5 millones de viviendas, se recort\u00f3 en un 23% el presupuesto<\/strong> destinado a programas que apuntan a facilitar el acceso al h\u00e1bitat. A su vez, respecto a su ejecuci\u00f3n, la \u00faltima informaci\u00f3n disponible (correspondiente al primer trimestre del a\u00f1o) indica que tan <strong>s\u00f3lo se entregaron 430 lotes con servicios de los 9.205 previstos<\/strong> y se realizaron 32 obras de infraestructura y equipamiento urbano de las 228 planificadas. La decisi\u00f3n de recortar partidas educativas, vulnera tambi\u00e9n la normativa espec\u00edfica que protege los derechos de ni\u00f1as, ni\u00f1os y adolescentes.<br><br>La Ley 26.061 obliga a asegurar una asignaci\u00f3n privilegiada de los recursos (art. 5) y dispone la \u00abintangibilidad\u00a0 de los fondos destinados a la infancia, adolescencia y familia establecidos en el presupuesto nacional.\u00bb (art. 72). Adem\u00e1s, la Convenci\u00f3n sobre los Derechos del Ni\u00f1o, obliga al Estado a asignar el m\u00e1ximo de los recursos disponibles para asegurar los derechos de este grupo (art. 4).\u00a0 \u00a0Por ello, llamamos al Poder Ejecutivo a que revierta esta decisi\u00f3n, y asigne y ejecute de forma prioritaria los fondos previstos para garantizar estos derechos sociales.<\/td><\/tr><\/tbody><\/table><\/figure>\n\n\n\n<figure class=\"wp-block-table aligncenter\"><table><tbody><tr><td><a href=\"https:\/\/acij.musvc3.net\/e\/t?q=9%3dOX9dSX%26q%3dW%26B%3dZ9c%26C%3dY7eXX%26z%3dDHOuO_FvXv_Q6_wwqu_7B_FvXv_PAf97E.tN5.6w_NoxU_X4Ru-9CIyABO_wwqu_7BIKqKy9x_NoxU_X4WEXP_MVyn_WkfV_MVyn_WkoBAtNA0-JH-7Hu71Ot-03-Gf-N39z91DtJ-DMjOIKzAGOfN76-jJ-0Jx-03Mj96Jx-OC8n700x.L2A_wwqu_8BIOr_OCPw93_MVyn_XiIyDqQD_MVyn_WAQHH_rA2DzI_FvXv_Q9jIyDq_NoxU_XTPyI_16rLyDlJ_FvXv_Q9lAB0w70%269%3d7y6frQGQhY.B0y%26EG%3dWCYX&amp;mupckp=mupAtu4m8OiX0wt\" target=\"_blank\" rel=\"noreferrer noopener\">Acced\u00e9 al informe<\/a><\/td><\/tr><\/tbody><\/table><\/figure>\n","protected":false},"excerpt":{"rendered":"<p>En las \u00faltimas semanas, el Poder Ejecutivo dispuso la disminuci\u00f3n de 100 mil millones de pesos en programas clave en materia educativa y habitacional. La medida viola el principio de intangibilidad de los recursos que establece la Ley 26.061 respecto de las pol\u00edticas destinadas a garantizar los derechos sociales de ni\u00f1as, ni\u00f1os, adolescentes. Esta decisi\u00f3n,&hellip;<\/p>\n","protected":false},"author":1,"featured_media":116161,"comment_status":"open","ping_status":"open","sticky":false,"template":"","format":"standard","meta":{"footnotes":""},"categories":[9,13],"tags":[38041,2450,5561,671,23440,22031,3918],"class_list":["post-116160","post","type-post","status-publish","format-standard","has-post-thumbnail","hentry","category-economia","category-politica","tag-derechos-sociales","tag-diario-el-sindical","tag-educacion","tag-presupuesto","tag-recortes","tag-salud","tag-sergio-massa"],"_links":{"self":[{"href":"https:\/\/www.elsindical.com.ar\/notas\/wp-json\/wp\/v2\/posts\/116160","targetHints":{"allow":["GET"]}}],"collection":[{"href":"https:\/\/www.elsindical.com.ar\/notas\/wp-json\/wp\/v2\/posts"}],"about":[{"href":"https:\/\/www.elsindical.com.ar\/notas\/wp-json\/wp\/v2\/types\/post"}],"author":[{"embeddable":true,"href":"https:\/\/www.elsindical.com.ar\/notas\/wp-json\/wp\/v2\/users\/1"}],"replies":[{"embeddable":true,"href":"https:\/\/www.elsindical.com.ar\/notas\/wp-json\/wp\/v2\/comments?post=116160"}],"version-history":[{"count":1,"href":"https:\/\/www.elsindical.com.ar\/notas\/wp-json\/wp\/v2\/posts\/116160\/revisions"}],"predecessor-version":[{"id":116162,"href":"https:\/\/www.elsindical.com.ar\/notas\/wp-json\/wp\/v2\/posts\/116160\/revisions\/116162"}],"wp:featuredmedia":[{"embeddable":true,"href":"https:\/\/www.elsindical.com.ar\/notas\/wp-json\/wp\/v2\/media\/116161"}],"wp:attachment":[{"href":"https:\/\/www.elsindical.com.ar\/notas\/wp-json\/wp\/v2\/media?parent=116160"}],"wp:term":[{"taxonomy":"category","embeddable":true,"href":"https:\/\/www.elsindical.com.ar\/notas\/wp-json\/wp\/v2\/categories?post=116160"},{"taxonomy":"post_tag","embeddable":true,"href":"https:\/\/www.elsindical.com.ar\/notas\/wp-json\/wp\/v2\/tags?post=116160"}],"curies":[{"name":"wp","href":"https:\/\/api.w.org\/{rel}","templated":true}]}}