{"id":116141,"date":"2022-08-25T11:54:47","date_gmt":"2022-08-25T14:54:47","guid":{"rendered":"https:\/\/www.elsindical.com.ar\/notas\/?p=116141"},"modified":"2022-08-25T12:34:16","modified_gmt":"2022-08-25T15:34:16","slug":"la-pfa-desbarato-la-banda-de-alvarado-peligrosos-delincuentes-dedicados-al-robo","status":"publish","type":"post","link":"https:\/\/www.elsindical.com.ar\/notas\/la-pfa-desbarato-la-banda-de-alvarado-peligrosos-delincuentes-dedicados-al-robo\/","title":{"rendered":"La PFA desbarat\u00f3 la \u00abBanda de Alvarado\u00bb, peligrosos delincuentes dedicados al robo"},"content":{"rendered":"\n<figure class=\"wp-block-image size-large\"><a href=\"https:\/\/www.elsindical.com.ar\/notas\/var\/www\/html\/notas\/wp-content\/uploads\/2022\/08\/detencion-Banda-los-Alvarados-1.jpeg\"><img loading=\"lazy\" decoding=\"async\" width=\"1024\" height=\"532\" src=\"https:\/\/www.elsindical.com.ar\/notas\/var\/www\/html\/notas\/wp-content\/uploads\/2022\/08\/detencion-Banda-los-Alvarados-1-1024x532.jpeg\" alt=\"\" class=\"wp-image-116142\" srcset=\"https:\/\/www.elsindical.com.ar\/notas\/var\/www\/html\/notas\/wp-content\/uploads\/2022\/08\/detencion-Banda-los-Alvarados-1-1024x532.jpeg 1024w, https:\/\/www.elsindical.com.ar\/notas\/var\/www\/html\/notas\/wp-content\/uploads\/2022\/08\/detencion-Banda-los-Alvarados-1-300x156.jpeg 300w, https:\/\/www.elsindical.com.ar\/notas\/var\/www\/html\/notas\/wp-content\/uploads\/2022\/08\/detencion-Banda-los-Alvarados-1-768x399.jpeg 768w, https:\/\/www.elsindical.com.ar\/notas\/var\/www\/html\/notas\/wp-content\/uploads\/2022\/08\/detencion-Banda-los-Alvarados-1-500x260.jpeg 500w, https:\/\/www.elsindical.com.ar\/notas\/var\/www\/html\/notas\/wp-content\/uploads\/2022\/08\/detencion-Banda-los-Alvarados-1.jpeg 1280w\" sizes=\"auto, (max-width: 1024px) 100vw, 1024px\" \/><\/a><\/figure>\n\n\n\n<p>Agentes federales de la Divisi\u00f3n Homicidios desbarataron una organizaci\u00f3n criminal con frondoso prontuario, acusados por el robo de varios veh\u00edculos y personas en la v\u00eda p\u00fablica a mano armada, en la ciudad de Buenos Aires. Esta organizaci\u00f3n criminal estaba conformada por j\u00f3venes los cuales robaban rodados para utilizarlos en posteriores raides delictivos.<\/p>\n\n\n\n<p>Conocidos como \u201cLos pibes de Alvarado\u201d, establec\u00edan un orden jer\u00e1rquico en el que \u201cascend\u00edan\u201d al miembro que llegue a la cantidad de quince veh\u00edculos robados. Adem\u00e1s, colocaban fotograf\u00edas de cada uno de ellos, tanto de sus rostros como de los autom\u00f3viles, en murales pertenecientes a sus cuentas en las redes sociales, para ganar el reconocimiento y respeto dentro del mundo del hampa.<\/p>\n\n\n\n<p>La investigaci\u00f3n se inici\u00f3 en abril del corriente a\u00f1o por orden del Juzgado Nacional en lo Criminal y Correccional N\u00ba50, a cargo del Dr. Carlos Manuel Bruniard, Secretar\u00eda N\u00ba51 a cargo de la Dra. Stella Maris Fern\u00e1ndez, a ra\u00edz de un enfrentamiento armado de dicha banda con efectivos de la Polic\u00eda de la Ciudad, por varios robos a transe\u00fantes en el barrio de La Boca, los cuales se movilizaban a bordo de un veh\u00edculo particular tambi\u00e9n robado en la localidad de Avellaneda.<\/p>\n\n\n\n<p>Luego de este hecho, los involucrados intentaron prender fuego al coche en un play\u00f3n ubicado en la Villa 21-24, conocida como Villa Zavaleta ubicada en el barrio de Barracas. Sin embargo, uno de ellos herido de bala, fue abandonado por los asaltantes en el Hospital General de Agudos Jos\u00e9 Mar\u00eda Penna, donde falleci\u00f3 momentos despu\u00e9s. Posteriormente, los m\u00f3viles de las Unidades de Prevenci\u00f3n Barrial de la Polic\u00eda de la Ciudad divisaron al veh\u00edculo y a sus miembros en su regreso a la Villa Zavaleta, inici\u00e1ndose sin \u00e9xito una breve persecuci\u00f3n por sus pasajes. D\u00edas despu\u00e9s y luego de amplias pesquisas, personal policial de dicha divisi\u00f3n detuvo a dos miembros de la banda.<\/p>\n\n\n\n<p>En estas circunstancias, los efectivos federales iniciaron una concisa y discreta investigaci\u00f3n de campo durante varios d\u00edas, para establecer la identidad y el paradero de los restantes implicados, medida solicitada por la Fiscal\u00eda del Distrito de La Boca.<\/p>\n\n\n\n<p>En consecuencia y por orden del magistrado interventor, fueron detenidos dos hombres argentinos de 18 y 22 a\u00f1os en dos operativos realizados en la intersecci\u00f3n de las calles Lamadrid y Mart\u00edn Rodr\u00edguez y en Pedro de Mendoza y Magallanes. Asimismo se secuestraron dos tel\u00e9fonos celulares.<\/p>\n\n\n\n<p>Los aprehendidos, junto con los elementos secuestrados, quedaron a disposici\u00f3n del magistrado por el delito de \u201cRobo con armas en poblado y en banda\u201d.<\/p>\n\n\n\n<figure class=\"wp-block-gallery has-nested-images columns-1 is-cropped wp-block-gallery-1 is-layout-flex wp-block-gallery-is-layout-flex\">\n<figure class=\"wp-block-image size-large\"><a href=\"https:\/\/www.elsindical.com.ar\/notas\/var\/www\/html\/notas\/wp-content\/uploads\/2022\/08\/detencion-Banda-los-Alvarados-2.jpeg\"><img loading=\"lazy\" decoding=\"async\" width=\"542\" height=\"768\" data-id=\"116145\" src=\"https:\/\/www.elsindical.com.ar\/notas\/var\/www\/html\/notas\/wp-content\/uploads\/2022\/08\/detencion-Banda-los-Alvarados-2.jpeg\" alt=\"\" class=\"wp-image-116145\" srcset=\"https:\/\/www.elsindical.com.ar\/notas\/var\/www\/html\/notas\/wp-content\/uploads\/2022\/08\/detencion-Banda-los-Alvarados-2.jpeg 542w, https:\/\/www.elsindical.com.ar\/notas\/var\/www\/html\/notas\/wp-content\/uploads\/2022\/08\/detencion-Banda-los-Alvarados-2-212x300.jpeg 212w\" sizes=\"auto, (max-width: 542px) 100vw, 542px\" \/><\/a><\/figure>\n\n\n\n<figure class=\"wp-block-image size-large\"><a href=\"https:\/\/www.elsindical.com.ar\/notas\/var\/www\/html\/notas\/wp-content\/uploads\/2022\/08\/detencion-Banda-los-Alvarados-3.jpeg\"><img loading=\"lazy\" decoding=\"async\" width=\"584\" height=\"584\" data-id=\"116148\" src=\"https:\/\/www.elsindical.com.ar\/notas\/var\/www\/html\/notas\/wp-content\/uploads\/2022\/08\/detencion-Banda-los-Alvarados-3.jpeg\" alt=\"\" class=\"wp-image-116148\" srcset=\"https:\/\/www.elsindical.com.ar\/notas\/var\/www\/html\/notas\/wp-content\/uploads\/2022\/08\/detencion-Banda-los-Alvarados-3.jpeg 584w, https:\/\/www.elsindical.com.ar\/notas\/var\/www\/html\/notas\/wp-content\/uploads\/2022\/08\/detencion-Banda-los-Alvarados-3-300x300.jpeg 300w, https:\/\/www.elsindical.com.ar\/notas\/var\/www\/html\/notas\/wp-content\/uploads\/2022\/08\/detencion-Banda-los-Alvarados-3-150x150.jpeg 150w, https:\/\/www.elsindical.com.ar\/notas\/var\/www\/html\/notas\/wp-content\/uploads\/2022\/08\/detencion-Banda-los-Alvarados-3-50x50.jpeg 50w\" sizes=\"auto, (max-width: 584px) 100vw, 584px\" \/><\/a><\/figure>\n\n\n\n<figure class=\"wp-block-image size-large\"><a href=\"https:\/\/www.elsindical.com.ar\/notas\/var\/www\/html\/notas\/wp-content\/uploads\/2022\/08\/detencion-Banda-los-Alvarados-4.jpeg\"><img loading=\"lazy\" decoding=\"async\" width=\"565\" height=\"768\" data-id=\"116143\" src=\"https:\/\/www.elsindical.com.ar\/notas\/var\/www\/html\/notas\/wp-content\/uploads\/2022\/08\/detencion-Banda-los-Alvarados-4.jpeg\" alt=\"\" class=\"wp-image-116143\" srcset=\"https:\/\/www.elsindical.com.ar\/notas\/var\/www\/html\/notas\/wp-content\/uploads\/2022\/08\/detencion-Banda-los-Alvarados-4.jpeg 565w, https:\/\/www.elsindical.com.ar\/notas\/var\/www\/html\/notas\/wp-content\/uploads\/2022\/08\/detencion-Banda-los-Alvarados-4-221x300.jpeg 221w\" sizes=\"auto, (max-width: 565px) 100vw, 565px\" \/><\/a><\/figure>\n\n\n\n<figure class=\"wp-block-image size-large\"><a href=\"https:\/\/www.elsindical.com.ar\/notas\/var\/www\/html\/notas\/wp-content\/uploads\/2022\/08\/detencion-Banda-los-Alvarados-5.jpeg\"><img loading=\"lazy\" decoding=\"async\" width=\"576\" height=\"745\" data-id=\"116147\" src=\"https:\/\/www.elsindical.com.ar\/notas\/var\/www\/html\/notas\/wp-content\/uploads\/2022\/08\/detencion-Banda-los-Alvarados-5.jpeg\" alt=\"\" class=\"wp-image-116147\" srcset=\"https:\/\/www.elsindical.com.ar\/notas\/var\/www\/html\/notas\/wp-content\/uploads\/2022\/08\/detencion-Banda-los-Alvarados-5.jpeg 576w, https:\/\/www.elsindical.com.ar\/notas\/var\/www\/html\/notas\/wp-content\/uploads\/2022\/08\/detencion-Banda-los-Alvarados-5-232x300.jpeg 232w\" sizes=\"auto, (max-width: 576px) 100vw, 576px\" \/><\/a><\/figure>\n\n\n\n<figure class=\"wp-block-image size-large\"><a href=\"https:\/\/www.elsindical.com.ar\/notas\/var\/www\/html\/notas\/wp-content\/uploads\/2022\/08\/detencion-Banda-los-Alvarados-6.jpeg\"><img loading=\"lazy\" decoding=\"async\" width=\"613\" height=\"603\" data-id=\"116144\" src=\"https:\/\/www.elsindical.com.ar\/notas\/var\/www\/html\/notas\/wp-content\/uploads\/2022\/08\/detencion-Banda-los-Alvarados-6.jpeg\" alt=\"\" class=\"wp-image-116144\" srcset=\"https:\/\/www.elsindical.com.ar\/notas\/var\/www\/html\/notas\/wp-content\/uploads\/2022\/08\/detencion-Banda-los-Alvarados-6.jpeg 613w, https:\/\/www.elsindical.com.ar\/notas\/var\/www\/html\/notas\/wp-content\/uploads\/2022\/08\/detencion-Banda-los-Alvarados-6-300x295.jpeg 300w, https:\/\/www.elsindical.com.ar\/notas\/var\/www\/html\/notas\/wp-content\/uploads\/2022\/08\/detencion-Banda-los-Alvarados-6-305x300.jpeg 305w, https:\/\/www.elsindical.com.ar\/notas\/var\/www\/html\/notas\/wp-content\/uploads\/2022\/08\/detencion-Banda-los-Alvarados-6-50x50.jpeg 50w\" sizes=\"auto, (max-width: 613px) 100vw, 613px\" \/><\/a><\/figure>\n\n\n\n<figure class=\"wp-block-image size-large\"><a href=\"https:\/\/www.elsindical.com.ar\/notas\/var\/www\/html\/notas\/wp-content\/uploads\/2022\/08\/detencion-Banda-los-Alvarados-7.jpeg\"><img loading=\"lazy\" decoding=\"async\" width=\"768\" height=\"1024\" data-id=\"116146\" src=\"https:\/\/www.elsindical.com.ar\/notas\/var\/www\/html\/notas\/wp-content\/uploads\/2022\/08\/detencion-Banda-los-Alvarados-7-768x1024.jpeg\" alt=\"\" class=\"wp-image-116146\" srcset=\"https:\/\/www.elsindical.com.ar\/notas\/var\/www\/html\/notas\/wp-content\/uploads\/2022\/08\/detencion-Banda-los-Alvarados-7-768x1024.jpeg 768w, https:\/\/www.elsindical.com.ar\/notas\/var\/www\/html\/notas\/wp-content\/uploads\/2022\/08\/detencion-Banda-los-Alvarados-7-225x300.jpeg 225w, https:\/\/www.elsindical.com.ar\/notas\/var\/www\/html\/notas\/wp-content\/uploads\/2022\/08\/detencion-Banda-los-Alvarados-7-1152x1536.jpeg 1152w, https:\/\/www.elsindical.com.ar\/notas\/var\/www\/html\/notas\/wp-content\/uploads\/2022\/08\/detencion-Banda-los-Alvarados-7.jpeg 1200w\" sizes=\"auto, (max-width: 768px) 100vw, 768px\" \/><\/a><\/figure>\n\n\n\n<figure class=\"wp-block-image size-large\"><a href=\"https:\/\/www.elsindical.com.ar\/notas\/var\/www\/html\/notas\/wp-content\/uploads\/2022\/08\/detencion-Banda-los-Alvarados-8.jpeg\"><img loading=\"lazy\" decoding=\"async\" width=\"1024\" height=\"547\" data-id=\"116149\" src=\"https:\/\/www.elsindical.com.ar\/notas\/var\/www\/html\/notas\/wp-content\/uploads\/2022\/08\/detencion-Banda-los-Alvarados-8-1024x547.jpeg\" alt=\"\" class=\"wp-image-116149\" srcset=\"https:\/\/www.elsindical.com.ar\/notas\/var\/www\/html\/notas\/wp-content\/uploads\/2022\/08\/detencion-Banda-los-Alvarados-8-1024x547.jpeg 1024w, https:\/\/www.elsindical.com.ar\/notas\/var\/www\/html\/notas\/wp-content\/uploads\/2022\/08\/detencion-Banda-los-Alvarados-8-300x160.jpeg 300w, https:\/\/www.elsindical.com.ar\/notas\/var\/www\/html\/notas\/wp-content\/uploads\/2022\/08\/detencion-Banda-los-Alvarados-8-768x410.jpeg 768w, https:\/\/www.elsindical.com.ar\/notas\/var\/www\/html\/notas\/wp-content\/uploads\/2022\/08\/detencion-Banda-los-Alvarados-8-500x267.jpeg 500w, https:\/\/www.elsindical.com.ar\/notas\/var\/www\/html\/notas\/wp-content\/uploads\/2022\/08\/detencion-Banda-los-Alvarados-8.jpeg 1280w\" sizes=\"auto, (max-width: 1024px) 100vw, 1024px\" \/><\/a><\/figure>\n<\/figure>\n\n\n\n<figure class=\"wp-block-embed is-type-video is-provider-youtube wp-block-embed-youtube wp-embed-aspect-16-9 wp-has-aspect-ratio\"><div class=\"wp-block-embed__wrapper\">\n<iframe loading=\"lazy\" title=\"Allanamientos y detenci\u00f3n de la Banda Los Alvarados\" width=\"700\" height=\"394\" src=\"https:\/\/www.youtube.com\/embed\/B2sFRxwqh84?feature=oembed\" frameborder=\"0\" allow=\"accelerometer; autoplay; clipboard-write; encrypted-media; gyroscope; picture-in-picture\" allowfullscreen><\/iframe>\n<\/div><\/figure>\n","protected":false},"excerpt":{"rendered":"<p>Agentes federales de la Divisi\u00f3n Homicidios desbarataron una organizaci\u00f3n criminal con frondoso prontuario, acusados por el robo de varios veh\u00edculos y personas en la v\u00eda p\u00fablica a mano armada, en la ciudad de Buenos Aires. Esta organizaci\u00f3n criminal estaba conformada por j\u00f3venes los cuales robaban rodados para utilizarlos en posteriores raides delictivos. Conocidos como \u201cLos&hellip;<\/p>\n","protected":false},"author":1,"featured_media":116142,"comment_status":"open","ping_status":"open","sticky":false,"template":"","format":"standard","meta":{"footnotes":""},"categories":[22],"tags":[2450,984,38038,698,1174,318],"class_list":["post-116141","post","type-post","status-publish","format-standard","has-post-thumbnail","hentry","category-policiales","tag-diario-el-sindical","tag-inseguridad","tag-la-banda-de-alvarado","tag-pfa","tag-robos","tag-violencia"],"_links":{"self":[{"href":"https:\/\/www.elsindical.com.ar\/notas\/wp-json\/wp\/v2\/posts\/116141","targetHints":{"allow":["GET"]}}],"collection":[{"href":"https:\/\/www.elsindical.com.ar\/notas\/wp-json\/wp\/v2\/posts"}],"about":[{"href":"https:\/\/www.elsindical.com.ar\/notas\/wp-json\/wp\/v2\/types\/post"}],"author":[{"embeddable":true,"href":"https:\/\/www.elsindical.com.ar\/notas\/wp-json\/wp\/v2\/users\/1"}],"replies":[{"embeddable":true,"href":"https:\/\/www.elsindical.com.ar\/notas\/wp-json\/wp\/v2\/comments?post=116141"}],"version-history":[{"count":2,"href":"https:\/\/www.elsindical.com.ar\/notas\/wp-json\/wp\/v2\/posts\/116141\/revisions"}],"predecessor-version":[{"id":116151,"href":"https:\/\/www.elsindical.com.ar\/notas\/wp-json\/wp\/v2\/posts\/116141\/revisions\/116151"}],"wp:featuredmedia":[{"embeddable":true,"href":"https:\/\/www.elsindical.com.ar\/notas\/wp-json\/wp\/v2\/media\/116142"}],"wp:attachment":[{"href":"https:\/\/www.elsindical.com.ar\/notas\/wp-json\/wp\/v2\/media?parent=116141"}],"wp:term":[{"taxonomy":"category","embeddable":true,"href":"https:\/\/www.elsindical.com.ar\/notas\/wp-json\/wp\/v2\/categories?post=116141"},{"taxonomy":"post_tag","embeddable":true,"href":"https:\/\/www.elsindical.com.ar\/notas\/wp-json\/wp\/v2\/tags?post=116141"}],"curies":[{"name":"wp","href":"https:\/\/api.w.org\/{rel}","templated":true}]}}