{"id":116057,"date":"2022-08-22T13:45:26","date_gmt":"2022-08-22T16:45:26","guid":{"rendered":"https:\/\/www.elsindical.com.ar\/notas\/?p=116057"},"modified":"2022-08-22T13:52:19","modified_gmt":"2022-08-22T16:52:19","slug":"lanus-robo-y-destrozos-en-escuela-publica","status":"publish","type":"post","link":"https:\/\/www.elsindical.com.ar\/notas\/lanus-robo-y-destrozos-en-escuela-publica\/","title":{"rendered":"Lan\u00fas: Robo y destrozos en escuela p\u00fablica"},"content":{"rendered":"<div class=\"wp-block-image\">\n<figure class=\"aligncenter size-full\"><a href=\"https:\/\/www.elsindical.com.ar\/notas\/var\/www\/html\/notas\/wp-content\/uploads\/2022\/08\/Escuela-27-de-Lanus.jpg\"><img loading=\"lazy\" decoding=\"async\" width=\"546\" height=\"471\" src=\"https:\/\/www.elsindical.com.ar\/notas\/var\/www\/html\/notas\/wp-content\/uploads\/2022\/08\/Escuela-27-de-Lanus.jpg\" alt=\"\" class=\"wp-image-116058\" srcset=\"https:\/\/www.elsindical.com.ar\/notas\/var\/www\/html\/notas\/wp-content\/uploads\/2022\/08\/Escuela-27-de-Lanus.jpg 546w, https:\/\/www.elsindical.com.ar\/notas\/var\/www\/html\/notas\/wp-content\/uploads\/2022\/08\/Escuela-27-de-Lanus-300x259.jpg 300w, https:\/\/www.elsindical.com.ar\/notas\/var\/www\/html\/notas\/wp-content\/uploads\/2022\/08\/Escuela-27-de-Lanus-348x300.jpg 348w\" sizes=\"auto, (max-width: 546px) 100vw, 546px\" \/><\/a><\/figure>\n<\/div>\n\n\n<p class=\"wp-block-paragraph\">En un nuevo hecho de inseguridad, en el partido de Lan\u00fas,  esta ma\u00f1ana la comunidad educativa de la Escuela 27 se encontr\u00f3 con una triste sorpresa.<\/p>\n\n\n\n<p class=\"wp-block-paragraph\">Durante el fin de semana el establecimiento fue violentado y sufrieron el robo de una cantidad de elementos indispensables para el normal funcionamiento. La escuela est\u00e1 ubicada en la calle Gral. Ferre 2180, a metros de Las Piedras. <\/p>\n\n\n\n<p class=\"wp-block-paragraph\">De acuerdo al comentario de los padres, se necesitan todo tipo de elementos de librer\u00eda, limpieza y otros utencillos. <\/p>\n\n\n\n<p class=\"wp-block-paragraph\">Denuncian muchas roturas y tambi\u00e9n la falta de unos micr\u00f3fonos que hab\u00edan sido adquiridos con el esfuerzo de los padres. Las autoridades ya realizaron la denuncia policial y aportaron fotos del sospechoso que qued\u00f3 registrado en las c\u00e1maras como uno de los que ingres\u00f3 en la escuela.<\/p>\n\n\n\n<p class=\"wp-block-paragraph\">A pesar del reconocimiento p\u00fablico de Diergo Kravetz de que \u00abno se puede vivir as\u00ed en Lan\u00fas\u00bb, por los hechos de inseguridad, parece que el intendente N\u00e9stor Grindetti no se va a ocupar del tema y sigue de campa\u00f1a muy divertido mientras Lan\u00fas es noticia policial<\/p>\n\n\n<div class=\"wp-block-image\">\n<figure class=\"aligncenter size-full\"><a href=\"https:\/\/www.elsindical.com.ar\/notas\/var\/www\/html\/notas\/wp-content\/uploads\/2022\/08\/ladron-escuela-27-deLanus.jpg\"><img loading=\"lazy\" decoding=\"async\" width=\"787\" height=\"593\" src=\"https:\/\/www.elsindical.com.ar\/notas\/var\/www\/html\/notas\/wp-content\/uploads\/2022\/08\/ladron-escuela-27-deLanus.jpg\" alt=\"\" class=\"wp-image-116059\" srcset=\"https:\/\/www.elsindical.com.ar\/notas\/var\/www\/html\/notas\/wp-content\/uploads\/2022\/08\/ladron-escuela-27-deLanus.jpg 787w, https:\/\/www.elsindical.com.ar\/notas\/var\/www\/html\/notas\/wp-content\/uploads\/2022\/08\/ladron-escuela-27-deLanus-300x226.jpg 300w, https:\/\/www.elsindical.com.ar\/notas\/var\/www\/html\/notas\/wp-content\/uploads\/2022\/08\/ladron-escuela-27-deLanus-768x579.jpg 768w, https:\/\/www.elsindical.com.ar\/notas\/var\/www\/html\/notas\/wp-content\/uploads\/2022\/08\/ladron-escuela-27-deLanus-398x300.jpg 398w\" sizes=\"auto, (max-width: 787px) 100vw, 787px\" \/><\/a><\/figure>\n<\/div>","protected":false},"excerpt":{"rendered":"<p>En un nuevo hecho de inseguridad, en el partido de Lan\u00fas, esta ma\u00f1ana la comunidad educativa de la Escuela 27 se encontr\u00f3 con una triste sorpresa. Durante el fin de semana el establecimiento fue violentado y sufrieron el robo de una cantidad de elementos indispensables para el normal funcionamiento. La escuela est\u00e1 ubicada en la&hellip;<\/p>\n","protected":false},"author":1,"featured_media":116058,"comment_status":"open","ping_status":"open","sticky":false,"template":"","format":"standard","meta":{"footnotes":""},"categories":[6,22],"tags":[2450,23470,38016,984,209,5025,1174],"class_list":["post-116057","post","type-post","status-publish","format-standard","has-post-thumbnail","hentry","category-denuncias","category-policiales","tag-diario-el-sindical","tag-diego-kravetz","tag-escuela-27","tag-inseguridad","tag-lanus","tag-nestor-grindetti","tag-robos"],"_links":{"self":[{"href":"https:\/\/www.elsindical.com.ar\/notas\/wp-json\/wp\/v2\/posts\/116057","targetHints":{"allow":["GET"]}}],"collection":[{"href":"https:\/\/www.elsindical.com.ar\/notas\/wp-json\/wp\/v2\/posts"}],"about":[{"href":"https:\/\/www.elsindical.com.ar\/notas\/wp-json\/wp\/v2\/types\/post"}],"author":[{"embeddable":true,"href":"https:\/\/www.elsindical.com.ar\/notas\/wp-json\/wp\/v2\/users\/1"}],"replies":[{"embeddable":true,"href":"https:\/\/www.elsindical.com.ar\/notas\/wp-json\/wp\/v2\/comments?post=116057"}],"version-history":[{"count":1,"href":"https:\/\/www.elsindical.com.ar\/notas\/wp-json\/wp\/v2\/posts\/116057\/revisions"}],"predecessor-version":[{"id":116060,"href":"https:\/\/www.elsindical.com.ar\/notas\/wp-json\/wp\/v2\/posts\/116057\/revisions\/116060"}],"wp:featuredmedia":[{"embeddable":true,"href":"https:\/\/www.elsindical.com.ar\/notas\/wp-json\/wp\/v2\/media\/116058"}],"wp:attachment":[{"href":"https:\/\/www.elsindical.com.ar\/notas\/wp-json\/wp\/v2\/media?parent=116057"}],"wp:term":[{"taxonomy":"category","embeddable":true,"href":"https:\/\/www.elsindical.com.ar\/notas\/wp-json\/wp\/v2\/categories?post=116057"},{"taxonomy":"post_tag","embeddable":true,"href":"https:\/\/www.elsindical.com.ar\/notas\/wp-json\/wp\/v2\/tags?post=116057"}],"curies":[{"name":"wp","href":"https:\/\/api.w.org\/{rel}","templated":true}]}}