{"id":115898,"date":"2022-08-16T23:48:51","date_gmt":"2022-08-17T02:48:51","guid":{"rendered":"https:\/\/www.elsindical.com.ar\/notas\/?p=115898"},"modified":"2022-08-16T23:48:58","modified_gmt":"2022-08-17T02:48:58","slug":"carlos-ortega-los-formadores-de-precios-le-estan-haciendo-la-vida-imposible-al-gobierno","status":"publish","type":"post","link":"https:\/\/www.elsindical.com.ar\/notas\/carlos-ortega-los-formadores-de-precios-le-estan-haciendo-la-vida-imposible-al-gobierno\/","title":{"rendered":"Carlos Ortega: \u201cLos formadores de precios le est\u00e1n haciendo la vida imposible al gobierno\u201d"},"content":{"rendered":"\n<figure class=\"wp-block-image size-large\"><a href=\"https:\/\/www.elsindical.com.ar\/notas\/var\/www\/html\/notas\/wp-content\/uploads\/2022\/08\/Carlos-Ortega.jpg\"><img loading=\"lazy\" decoding=\"async\" width=\"1024\" height=\"683\" src=\"https:\/\/www.elsindical.com.ar\/notas\/var\/www\/html\/notas\/wp-content\/uploads\/2022\/08\/Carlos-Ortega-1024x683.jpg\" alt=\"\" class=\"wp-image-115899\" srcset=\"https:\/\/www.elsindical.com.ar\/notas\/var\/www\/html\/notas\/wp-content\/uploads\/2022\/08\/Carlos-Ortega-1024x683.jpg 1024w, https:\/\/www.elsindical.com.ar\/notas\/var\/www\/html\/notas\/wp-content\/uploads\/2022\/08\/Carlos-Ortega-300x200.jpg 300w, https:\/\/www.elsindical.com.ar\/notas\/var\/www\/html\/notas\/wp-content\/uploads\/2022\/08\/Carlos-Ortega-768x512.jpg 768w, https:\/\/www.elsindical.com.ar\/notas\/var\/www\/html\/notas\/wp-content\/uploads\/2022\/08\/Carlos-Ortega-450x300.jpg 450w, https:\/\/www.elsindical.com.ar\/notas\/var\/www\/html\/notas\/wp-content\/uploads\/2022\/08\/Carlos-Ortega.jpg 1280w\" sizes=\"auto, (max-width: 1024px) 100vw, 1024px\" \/><\/a><\/figure>\n\n\n\n<p>Carlos Ortega: \u201cLos formadores de precios le est\u00e1n haciendo la vida imposible al gobierno\u201d<strong><\/strong><\/p>\n\n\n\n<p>El Secretario General del Sindicato de los Trabajadores y Trabajadoras de la Administraci\u00f3n Nacional de la Seguridad Social (SECASFPI), Carlos Ortega se refiri\u00f3 a la marcha al Congreso de la Naci\u00f3n convocada por la Confederaci\u00f3n General del Trabajo (CGT) ma\u00f1ana 17 de agosto desde las 12 horas. \u201cEs una marcha fundamentalmente en contra de los formadores de precio, de los especuladores y de los que la fugaron\u201d, afirm\u00f3 Ortega.<\/p>\n\n\n\n<p>Adem\u00e1s, el sindicalista que representa a los trabajadores de ANSES y que coincidentemente ma\u00f1ana asumir\u00e1 su nuevo mandato hasta el 2026 dijo que \u201clos grupos concentrados, formadores de precios le est\u00e1n haciendo la vida imposible al gobierno\u201d. Y agreg\u00f3: \u201ccomo Corriente Federal y como trabajadores algo tenemos que hacer frente al conflicto y la crisis. No podemos mirar para otro lado. Hay una inmovilidad total dentro de la sociedad cuando en realidad los grupos de derecha nos est\u00e1n matando con las corridas cambiarias, la suba de precios y la inflaci\u00f3n\u201d.<\/p>\n\n\n\n<p>Por \u00faltimo, Ortega asegur\u00f3 que ma\u00f1ana no habr\u00e1 oradores, sino que se dar\u00e1 a conocer un documento donde se expondr\u00e1n los motivos de la marcha. \u201cLa inflaci\u00f3n la promueven los grupos formadores de precios, por eso nosotros tenemos que darle pelea. Marchamos porque algo hay que hacer frente a la realidad que nos plantean\u201d, cerr\u00f3.<\/p>\n","protected":false},"excerpt":{"rendered":"<p>Carlos Ortega: \u201cLos formadores de precios le est\u00e1n haciendo la vida imposible al gobierno\u201d El Secretario General del Sindicato de los Trabajadores y Trabajadoras de la Administraci\u00f3n Nacional de la Seguridad Social (SECASFPI), Carlos Ortega se refiri\u00f3 a la marcha al Congreso de la Naci\u00f3n convocada por la Confederaci\u00f3n General del Trabajo (CGT) ma\u00f1ana 17&hellip;<\/p>\n","protected":false},"author":1,"featured_media":115899,"comment_status":"open","ping_status":"open","sticky":false,"template":"","format":"standard","meta":{"footnotes":""},"categories":[16],"tags":[80,22755,910,2450,37969,22754],"class_list":["post-115898","post","type-post","status-publish","format-standard","has-post-thumbnail","hentry","category-gremiales","tag-anses","tag-carlos-ortega","tag-cgt","tag-diario-el-sindical","tag-formadores-de-precios","tag-secasfpi"],"_links":{"self":[{"href":"https:\/\/www.elsindical.com.ar\/notas\/wp-json\/wp\/v2\/posts\/115898","targetHints":{"allow":["GET"]}}],"collection":[{"href":"https:\/\/www.elsindical.com.ar\/notas\/wp-json\/wp\/v2\/posts"}],"about":[{"href":"https:\/\/www.elsindical.com.ar\/notas\/wp-json\/wp\/v2\/types\/post"}],"author":[{"embeddable":true,"href":"https:\/\/www.elsindical.com.ar\/notas\/wp-json\/wp\/v2\/users\/1"}],"replies":[{"embeddable":true,"href":"https:\/\/www.elsindical.com.ar\/notas\/wp-json\/wp\/v2\/comments?post=115898"}],"version-history":[{"count":1,"href":"https:\/\/www.elsindical.com.ar\/notas\/wp-json\/wp\/v2\/posts\/115898\/revisions"}],"predecessor-version":[{"id":115900,"href":"https:\/\/www.elsindical.com.ar\/notas\/wp-json\/wp\/v2\/posts\/115898\/revisions\/115900"}],"wp:featuredmedia":[{"embeddable":true,"href":"https:\/\/www.elsindical.com.ar\/notas\/wp-json\/wp\/v2\/media\/115899"}],"wp:attachment":[{"href":"https:\/\/www.elsindical.com.ar\/notas\/wp-json\/wp\/v2\/media?parent=115898"}],"wp:term":[{"taxonomy":"category","embeddable":true,"href":"https:\/\/www.elsindical.com.ar\/notas\/wp-json\/wp\/v2\/categories?post=115898"},{"taxonomy":"post_tag","embeddable":true,"href":"https:\/\/www.elsindical.com.ar\/notas\/wp-json\/wp\/v2\/tags?post=115898"}],"curies":[{"name":"wp","href":"https:\/\/api.w.org\/{rel}","templated":true}]}}