{"id":115873,"date":"2022-08-16T10:46:15","date_gmt":"2022-08-16T13:46:15","guid":{"rendered":"https:\/\/www.elsindical.com.ar\/notas\/?p=115873"},"modified":"2022-08-16T10:46:16","modified_gmt":"2022-08-16T13:46:16","slug":"discapacidad-donde-se-puede-solicitar-medicamentos-protesis-y-prestaciones","status":"publish","type":"post","link":"https:\/\/www.elsindical.com.ar\/notas\/discapacidad-donde-se-puede-solicitar-medicamentos-protesis-y-prestaciones\/","title":{"rendered":"Discapacidad: \u00bfD\u00f3nde se puede solicitar medicamentos, pr\u00f3tesis y prestaciones?"},"content":{"rendered":"<div class=\"wp-block-image\">\n<figure class=\"aligncenter size-full is-resized\"><a href=\"https:\/\/www.elsindical.com.ar\/notas\/var\/www\/html\/notas\/wp-content\/uploads\/2013\/02\/logo-discapacidad.jpg\"><img loading=\"lazy\" decoding=\"async\" src=\"https:\/\/www.elsindical.com.ar\/notas\/var\/www\/html\/notas\/wp-content\/uploads\/2013\/02\/logo-discapacidad.jpg\" alt=\"\" class=\"wp-image-32579\" width=\"336\" height=\"336\" srcset=\"https:\/\/www.elsindical.com.ar\/notas\/var\/www\/html\/notas\/wp-content\/uploads\/2013\/02\/logo-discapacidad.jpg 220w, https:\/\/www.elsindical.com.ar\/notas\/var\/www\/html\/notas\/wp-content\/uploads\/2013\/02\/logo-discapacidad-150x150.jpg 150w\" sizes=\"auto, (max-width: 336px) 100vw, 336px\" \/><\/a><\/figure>\n<\/div>\n\n\n<p>La Provincia de Buenos Aires dispone en su territorio de una red de <strong>74 Oficinas de Acceso y Derecho a la Salud (OADS)<\/strong> creadas para garantizar derechos y facilitar el derecho a la pol\u00edtica p\u00fablica en salud, a las personas con discapacidad y por las que ya pasaron m\u00e1s de 80 mil bonaerenses para realizar diferentes tr\u00e1mites.<\/p>\n\n\n\n<p>Creadas en 2020 cuando cuando se conform\u00f3 en la \u00f3rbita del ministerio de Salud bonaerense; la Direcci\u00f3n Provincial de Acceso e Inclusi\u00f3n en Salud, est\u00e1n dise\u00f1adas para <strong>atender demandas que van desde la solicitud de medicamentos, suplementos nutricionales y pr\u00f3tesis; como as\u00ed tambi\u00e9n prestaciones espec\u00edficas como la gesti\u00f3n de acompa\u00f1antes terap\u00e9uticos e internaci\u00f3n domiciliaria; <\/strong>entre otras.<\/p>\n\n\n\n<p>A las 74 dependencias provinciales hay que sumar otras 43 que dependen de sus municipios con quienes se articula de manera permanente para <strong>conformar los 117 nodos de la red<\/strong>.<\/p>\n\n\n\n<p>El horario de atenci\u00f3n de las OADS es de <strong>lunes a viernes de 8 a 13, y cada oficina tiene su correo electr\u00f3nico <\/strong>para atender demandas sin que las personas se tengan que acercar personalmente.<\/p>\n\n\n\n<p>Los interesados en obtener mayor informaci\u00f3n pueden acercarse de lunes a viernes de 7.30 a 17 a la Mesa de Entradas de la Direcci\u00f3n de Acceso e Inclusi\u00f3n a la Salud, ubicada en la sede del Ministerio de Salud, de <strong>calle 51 y 18 de La Plata.<\/strong><\/p>\n\n\n\n<p>\u201cTeniendo en cuenta que en <strong>la provincia de Buenos Aires hay 800.000 personas con Certificado \u00danico de Discapacidad (CUD), <\/strong>el ministerio de Salud trabaja para poder abrir nuevas oficinas en otros distritos; con el objetivo de acercar la salud a todos los vecinos para mejorar su calidad de vida; priorizando el acceso universal con idearios de promoci\u00f3n de vida independiente, autonom\u00eda e inclusi\u00f3n social\u201d, subray\u00f3 la cartera sanitaria.<\/p>\n\n\n\n<p>En este listado se encuentran disponibles los datos de contacto de cada oficina en el <strong>conurbano sur<\/strong>.<\/p>\n\n\n\n<h3 class=\"wp-block-heading\">Almirante Brown<\/h3>\n\n\n\n<p><strong>Hospital Dr. Arturo O\u00f1ativia <\/strong>\u2013 Ram\u00f3n Carrillo 1339. Rafael Calzada.<br><a href=\"mailto:hospitalonativia2018@gmail.com\">hospitalonativia2018@gmail.com<\/a><\/p>\n\n\n\n<h3 class=\"wp-block-heading\">Avellaneda<\/h3>\n\n\n\n<p><strong>Hospital Pedro Fiorito <\/strong>\u2013 Av. Manuel Belgrano N\u00ba 827.<br><a href=\"mailto:oadsavellaneda@gmail.com\">oadsavellaneda@gmail.com<\/a><\/p>\n\n\n\n<h3 class=\"wp-block-heading\">Ezeiza<\/h3>\n\n\n\n<p><strong>Hospital Dr. Alberto Antranik Eurnekian<\/strong> \u2013 Alem N\u00ba 349.<br><a href=\"mailto:oadsezeiza@gmail.com\">oadsezeiza@gmail.com<\/a><\/p>\n\n\n\n<h3 class=\"wp-block-heading\">Lan\u00fas<\/h3>\n\n\n\n<p><strong>Hospital Narciso L\u00f3pez<\/strong> \u2013 General Guido N\u00ba 1824.<br><a href=\"mailto:oadslanus@gmail.com\">oadslanus@gmail.com<\/a><\/p>\n\n\n\n<h3 class=\"wp-block-heading\">Lomas de Zamora<\/h3>\n\n\n\n<p><strong>Sede Regi\u00f3n Sanitaria VI<\/strong> \u2013 Alem N\u00ba 339.<br><a href=\"mailto:regionlomasprofeba@gmail.com\">regionlomasprofeba@gmail.com<\/a><br><br><strong>Hospital Luisa C. de Gandulfo <\/strong>\u2013 Balcarce N\u00ba 351.<br><a href=\"mailto:oadsgandulfolomas@gmail.com\">oadsgandulfolomas@gmail.com<\/a><\/p>\n\n\n\n<h3 class=\"wp-block-heading\">San Vicente<\/h3>\n\n\n\n<p><strong>Oficina Municipal de Discapacidad<\/strong> \u2013 Carola Lorenzini N\u00ba 254.<br><a href=\"mailto:oads.sanvicente@gmail.com\">oads.sanvicente@gmail.com<\/a><\/p>\n","protected":false},"excerpt":{"rendered":"<p>La Provincia de Buenos Aires dispone en su territorio de una red de 74 Oficinas de Acceso y Derecho a la Salud (OADS) creadas para garantizar derechos y facilitar el derecho a la pol\u00edtica p\u00fablica en salud, a las personas con discapacidad y por las que ya pasaron m\u00e1s de 80 mil bonaerenses para realizar&hellip;<\/p>\n","protected":false},"author":1,"featured_media":32579,"comment_status":"open","ping_status":"open","sticky":false,"template":"","format":"standard","meta":{"footnotes":""},"categories":[13,23],"tags":[2450,272,44,37961,37960,12440],"class_list":["post-115873","post","type-post","status-publish","format-standard","has-post-thumbnail","hentry","category-politica","category-salud","tag-diario-el-sindical","tag-discapacidad","tag-medicamentos","tag-oads","tag-prestaciones","tag-protesis"],"_links":{"self":[{"href":"https:\/\/www.elsindical.com.ar\/notas\/wp-json\/wp\/v2\/posts\/115873","targetHints":{"allow":["GET"]}}],"collection":[{"href":"https:\/\/www.elsindical.com.ar\/notas\/wp-json\/wp\/v2\/posts"}],"about":[{"href":"https:\/\/www.elsindical.com.ar\/notas\/wp-json\/wp\/v2\/types\/post"}],"author":[{"embeddable":true,"href":"https:\/\/www.elsindical.com.ar\/notas\/wp-json\/wp\/v2\/users\/1"}],"replies":[{"embeddable":true,"href":"https:\/\/www.elsindical.com.ar\/notas\/wp-json\/wp\/v2\/comments?post=115873"}],"version-history":[{"count":1,"href":"https:\/\/www.elsindical.com.ar\/notas\/wp-json\/wp\/v2\/posts\/115873\/revisions"}],"predecessor-version":[{"id":115874,"href":"https:\/\/www.elsindical.com.ar\/notas\/wp-json\/wp\/v2\/posts\/115873\/revisions\/115874"}],"wp:featuredmedia":[{"embeddable":true,"href":"https:\/\/www.elsindical.com.ar\/notas\/wp-json\/wp\/v2\/media\/32579"}],"wp:attachment":[{"href":"https:\/\/www.elsindical.com.ar\/notas\/wp-json\/wp\/v2\/media?parent=115873"}],"wp:term":[{"taxonomy":"category","embeddable":true,"href":"https:\/\/www.elsindical.com.ar\/notas\/wp-json\/wp\/v2\/categories?post=115873"},{"taxonomy":"post_tag","embeddable":true,"href":"https:\/\/www.elsindical.com.ar\/notas\/wp-json\/wp\/v2\/tags?post=115873"}],"curies":[{"name":"wp","href":"https:\/\/api.w.org\/{rel}","templated":true}]}}