{"id":115871,"date":"2022-08-16T10:42:50","date_gmt":"2022-08-16T13:42:50","guid":{"rendered":"https:\/\/www.elsindical.com.ar\/notas\/?p=115871"},"modified":"2022-08-16T10:42:51","modified_gmt":"2022-08-16T13:42:51","slug":"aysa-elimina-los-subsidios-del-agua-potable","status":"publish","type":"post","link":"https:\/\/www.elsindical.com.ar\/notas\/aysa-elimina-los-subsidios-del-agua-potable\/","title":{"rendered":"AySA elimina los subsidios del agua potable"},"content":{"rendered":"<div class=\"wp-block-image\">\n<figure class=\"aligncenter size-full\"><a href=\"https:\/\/www.elsindical.com.ar\/notas\/var\/www\/html\/notas\/wp-content\/uploads\/2022\/02\/Aysa-logo.jpg\"><img loading=\"lazy\" decoding=\"async\" width=\"670\" height=\"251\" src=\"https:\/\/www.elsindical.com.ar\/notas\/var\/www\/html\/notas\/wp-content\/uploads\/2022\/02\/Aysa-logo.jpg\" alt=\"\" class=\"wp-image-111409\" srcset=\"https:\/\/www.elsindical.com.ar\/notas\/var\/www\/html\/notas\/wp-content\/uploads\/2022\/02\/Aysa-logo.jpg 670w, https:\/\/www.elsindical.com.ar\/notas\/var\/www\/html\/notas\/wp-content\/uploads\/2022\/02\/Aysa-logo-300x112.jpg 300w, https:\/\/www.elsindical.com.ar\/notas\/var\/www\/html\/notas\/wp-content\/uploads\/2022\/02\/Aysa-logo-500x187.jpg 500w\" sizes=\"auto, (max-width: 670px) 100vw, 670px\" \/><\/a><\/figure>\n<\/div>\n\n\n<p>El Gobierno nacional anunciar\u00e1 este martes un aumento en las facturas de agua que se dar\u00e1 en tres etapas y ser\u00e1 segmetado basado en zonas geogr\u00e1ficas con el que <strong>eliminar\u00e1 gradualmente los subsidios a trav\u00e9s de un sendero que comenzar\u00e1 a implementarse en noviembre pr\u00f3ximo <\/strong>y terminar\u00e1 en marzo de 2023.<\/p>\n\n\n\n<p>Esta iniciativa adelantada por el ministro de Econom\u00eda, Sergio Massa, prev\u00e9 la apertura de un registro para quienes consideren que deben mantener el subsidio, mientras que <strong>las personas que recibian una tarifa social o comunitaria no estar\u00e1n incluidas <\/strong>en los aumentos que se presentar\u00e1n.<\/p>\n\n\n\n<p>Conducida por Malena Galmarini, la esposa de Sergio Massa, <strong>AySA ya tuvo un aumento de tarifas en dos etapas<\/strong>: un 20% desde el 1\u00b0 de julio y desde el 1\u00b0 de octubre una suba del 10%, para totalizar un incremento final del 32%.<\/p>\n\n\n\n<p>La quita de subsidios se har\u00eda mediante una <strong>segmentaci\u00f3n tarifaria basada en zonas geogr\u00e1ficas <\/strong>demarcadas por el Ente Regulador de Agua y Saneamiento (ERAS).<\/p>\n\n\n\n<p>De este modo, las zonas residenciales se dividir\u00e1n en alta, media y baja. La zona alta que hoy tiene un subsidio de un 60% de la factura no tendr\u00e1 ninguno para noviembre por lo cual <strong>una factura promedio de $841, se elevar\u00e1 a $1258<\/strong>.<\/p>\n\n\n\n<p>En el caso de la <strong>zona media<\/strong>, una factura promedio mensual en octubre de $754 subsidiada en un 60%, <strong>recibir\u00e1 tres subas <\/strong>de $376 en noviembre; $377, en enero; y $376 en marzo.<\/p>\n\n\n\n<p>Finalmente, la <strong>zona baja<\/strong>, con un promedio de factura mensual de $707, recibir\u00e1 alzas de $264 en noviembre; $265 en enero; y $265 en marzo. Este ser\u00e1 el \u00fanico sector que <strong>mantendr\u00e1 un 15% de subsidio <\/strong>en la factura final despu\u00e9s del tercer mes de 2023.<\/p>\n\n\n\n<p>Los usuarios residenciales ubicados en las \u00e1reas calificadas como altas o medias que, sin cumplir los requisitos de acceso al programa de tarifa social, requieran mantener una parte de su factura por servicios de agua o saneamiento con subsidio del Estado podr\u00e1n acceder a <strong>un Registro para el mantenimiento del subsidio <\/strong>y, si se les confirma, se les dar\u00e1 el mismo nivel de subsidios que tendr\u00e1 la zona considerada baja.<\/p>\n\n\n\n<p>Los <strong>requisitos ser\u00e1n tener ingresos netos menores a un valor equivalente a dos Canasta B\u00e1sica Total (CBT); <\/strong>integrante del hogar con Certificado de Vivienda (ReNaBaP); domicilio donde funcione un comedor o merendero comunitario; al menos un integrante del hogar posea Pensi\u00f3n Vitalicia a Veteranos de Guerra del Atl\u00e1ntico Sur; al menos un integrante posea certificado de discapacidad y, considerando a los integrantes del hogar en conjunto, tengan un ingreso neto menor a un valor equivalente a tres CBT para un hogar Tipo 2 seg\u00fan el INDEC.<\/p>\n","protected":false},"excerpt":{"rendered":"<p>El Gobierno nacional anunciar\u00e1 este martes un aumento en las facturas de agua que se dar\u00e1 en tres etapas y ser\u00e1 segmetado basado en zonas geogr\u00e1ficas con el que eliminar\u00e1 gradualmente los subsidios a trav\u00e9s de un sendero que comenzar\u00e1 a implementarse en noviembre pr\u00f3ximo y terminar\u00e1 en marzo de 2023. Esta iniciativa adelantada por&hellip;<\/p>\n","protected":false},"author":1,"featured_media":111409,"comment_status":"open","ping_status":"open","sticky":false,"template":"","format":"standard","meta":{"footnotes":""},"categories":[9,13],"tags":[17708,1754,12912,2450,4016,373],"class_list":["post-115871","post","type-post","status-publish","format-standard","has-post-thumbnail","hentry","category-economia","category-politica","tag-agua-potable","tag-aumentos","tag-aysa","tag-diario-el-sindical","tag-subsidios","tag-tarifas"],"_links":{"self":[{"href":"https:\/\/www.elsindical.com.ar\/notas\/wp-json\/wp\/v2\/posts\/115871","targetHints":{"allow":["GET"]}}],"collection":[{"href":"https:\/\/www.elsindical.com.ar\/notas\/wp-json\/wp\/v2\/posts"}],"about":[{"href":"https:\/\/www.elsindical.com.ar\/notas\/wp-json\/wp\/v2\/types\/post"}],"author":[{"embeddable":true,"href":"https:\/\/www.elsindical.com.ar\/notas\/wp-json\/wp\/v2\/users\/1"}],"replies":[{"embeddable":true,"href":"https:\/\/www.elsindical.com.ar\/notas\/wp-json\/wp\/v2\/comments?post=115871"}],"version-history":[{"count":1,"href":"https:\/\/www.elsindical.com.ar\/notas\/wp-json\/wp\/v2\/posts\/115871\/revisions"}],"predecessor-version":[{"id":115872,"href":"https:\/\/www.elsindical.com.ar\/notas\/wp-json\/wp\/v2\/posts\/115871\/revisions\/115872"}],"wp:featuredmedia":[{"embeddable":true,"href":"https:\/\/www.elsindical.com.ar\/notas\/wp-json\/wp\/v2\/media\/111409"}],"wp:attachment":[{"href":"https:\/\/www.elsindical.com.ar\/notas\/wp-json\/wp\/v2\/media?parent=115871"}],"wp:term":[{"taxonomy":"category","embeddable":true,"href":"https:\/\/www.elsindical.com.ar\/notas\/wp-json\/wp\/v2\/categories?post=115871"},{"taxonomy":"post_tag","embeddable":true,"href":"https:\/\/www.elsindical.com.ar\/notas\/wp-json\/wp\/v2\/tags?post=115871"}],"curies":[{"name":"wp","href":"https:\/\/api.w.org\/{rel}","templated":true}]}}