{"id":115828,"date":"2022-08-14T09:29:00","date_gmt":"2022-08-14T12:29:00","guid":{"rendered":"https:\/\/www.elsindical.com.ar\/notas\/?p=115828"},"modified":"2022-08-14T09:29:01","modified_gmt":"2022-08-14T12:29:01","slug":"nuevo-sistema-de-turnos-para-tramitar-el-dni-y-el-pasaporte","status":"publish","type":"post","link":"https:\/\/www.elsindical.com.ar\/notas\/nuevo-sistema-de-turnos-para-tramitar-el-dni-y-el-pasaporte\/","title":{"rendered":"Nuevo sistema de turnos para tramitar el DNI y el pasaporte"},"content":{"rendered":"\n<figure class=\"wp-block-image size-full\"><a href=\"https:\/\/www.elsindical.com.ar\/notas\/var\/www\/html\/notas\/wp-content\/uploads\/2022\/08\/nuevos-tramites-RENAPER.jpg\"><img loading=\"lazy\" decoding=\"async\" width=\"761\" height=\"478\" src=\"https:\/\/www.elsindical.com.ar\/notas\/var\/www\/html\/notas\/wp-content\/uploads\/2022\/08\/nuevos-tramites-RENAPER.jpg\" alt=\"\" class=\"wp-image-115829\" srcset=\"https:\/\/www.elsindical.com.ar\/notas\/var\/www\/html\/notas\/wp-content\/uploads\/2022\/08\/nuevos-tramites-RENAPER.jpg 761w, https:\/\/www.elsindical.com.ar\/notas\/var\/www\/html\/notas\/wp-content\/uploads\/2022\/08\/nuevos-tramites-RENAPER-300x188.jpg 300w, https:\/\/www.elsindical.com.ar\/notas\/var\/www\/html\/notas\/wp-content\/uploads\/2022\/08\/nuevos-tramites-RENAPER-478x300.jpg 478w\" sizes=\"auto, (max-width: 761px) 100vw, 761px\" \/><\/a><\/figure>\n\n\n\n<p>El Registro Nacional de las Personas (Renaper) actualiz\u00f3 el sistema de turnos para tramitar ambos documentos de manera \u00abm\u00e1s f\u00e1cil\u00bb.<\/p>\n\n\n\n<p>El <strong>Registro Nacional de las Personas (Renaper)<\/strong>, dependiente del Ministerio del Interior, anunci\u00f3 este s\u00e1bado la puesta en marcha un nuevo sistema de turnos para tramitar el <strong>Documento Nacional de Identidad (DNI)<\/strong> y el <strong>pasaporte<\/strong> de manera <em>\u00abm\u00e1s f\u00e1cil\u00bb<\/em>, ya que se podr\u00e1 <em>\u00abadelantar el tr\u00e1mite y el pago de forma digital\u00bb.<\/em><\/p>\n\n\n\n<p>As\u00ed lo indic\u00f3 el organismo a trav\u00e9s de un comunicado en el que precis\u00f3 que el un <strong>nuevo sistema<\/strong> de turnos para tramitar ambos documentos es <em>\u00abm\u00e1s r\u00e1pido y sencillo\u00bb<\/em>, ya que <em>\u00abincorpora el pago anticipado a trav\u00e9s de la aplicaci\u00f3n Mi Argentina\u00bb.<\/em><\/p>\n\n\n\n<p><em>\u00abEste nuevo sistema permite ganar tiempo, incorporando mejoras al sistema, simplificando y acelerando el proceso al momento de la toma y pago del tr\u00e1mite\u00bb<\/em>, se\u00f1al\u00f3 el <strong>Renaper.<\/strong><\/p>\n\n\n\n<p>Adem\u00e1s, puntualiz\u00f3 que<em> \u00abcon la implementaci\u00f3n del pago anticipado, a partir de agosto, no ser\u00e1 necesario gestionar el cobro en los puntos de atenci\u00f3n\u00bb.<\/em><\/p>\n\n\n\n<p><em>\u00abTodas las personas que necesiten tramitar un DNI y\/o pasaporte deber\u00e1n abonar el pago previamente al momento de confirmar su turno en la aplicaci\u00f3n Mi Argentina, excepto para tr\u00e1mites de DNI regular, que ser\u00e1 optativo. Es decir, tr\u00e1mites de DNI que no sean expr\u00e9s o 24 horas\u00bb,<\/em> explic\u00f3 el <strong>organismo<\/strong>.<\/p>\n\n\n\n<p>Y complet\u00f3: <em>\u00abLuego de haber abonado, el ciudadano recibir\u00e1 por mail un c\u00f3digo de comprobante de pago que deber\u00e1 ser presentado el d\u00eda del tr\u00e1mite. Ese c\u00f3digo se encontrar\u00e1 disponible en tres lugares: en el mail de confirmaci\u00f3n de turno de Mi Argentina, en el mail (se\u00f1alado como ID operaci\u00f3n) y en la App Mi Argentina (dentro de Mis Turnos)\u00bb.<\/em><\/p>\n\n\n\n<h2 class=\"wp-block-heading\">Renaper&nbsp;y el nuevo sistema<\/h2>\n\n\n\n<p>Por su parte, el<strong> director del Renaper, Santiago Rodr\u00edguez<\/strong>, consider\u00f3 que <em>\u00abeste nuevo sistema es un paso m\u00e1s para fortalecer las premisas que marc\u00f3 el ministro (del Interior Eduardo) Wado de Pedro, en el sentido de simplificarle la vida a los argentinos mediante el uso de nuevas herramientas tecnol\u00f3gicas, brindando un servicio de calidad y eficiente\u00bb.<\/em><\/p>\n\n\n\n<p>En tanto, el organismo aclar\u00f3 que <em>\u00absi por alg\u00fan motivo el ciudadano debe cancelar el turno, podr\u00e1 solicitar uno nuevo, utilizando el n\u00famero de comprobante de pago ya realizado para gestionar el mismo tr\u00e1mite\u00bb.<\/em><\/p>\n","protected":false},"excerpt":{"rendered":"<p>El Registro Nacional de las Personas (Renaper) actualiz\u00f3 el sistema de turnos para tramitar ambos documentos de manera \u00abm\u00e1s f\u00e1cil\u00bb. El Registro Nacional de las Personas (Renaper), dependiente del Ministerio del Interior, anunci\u00f3 este s\u00e1bado la puesta en marcha un nuevo sistema de turnos para tramitar el Documento Nacional de Identidad (DNI) y el pasaporte&hellip;<\/p>\n","protected":false},"author":1,"featured_media":115829,"comment_status":"open","ping_status":"open","sticky":false,"template":"","format":"standard","meta":{"footnotes":""},"categories":[25],"tags":[37953,2450,4799,4500,935,27993],"class_list":["post-115828","post","type-post","status-publish","format-standard","has-post-thumbnail","hentry","category-sociedad","tag-app-mi-argentina","tag-diario-el-sindical","tag-dni","tag-ministerio-del-interior","tag-pasaporte","tag-renaper"],"_links":{"self":[{"href":"https:\/\/www.elsindical.com.ar\/notas\/wp-json\/wp\/v2\/posts\/115828","targetHints":{"allow":["GET"]}}],"collection":[{"href":"https:\/\/www.elsindical.com.ar\/notas\/wp-json\/wp\/v2\/posts"}],"about":[{"href":"https:\/\/www.elsindical.com.ar\/notas\/wp-json\/wp\/v2\/types\/post"}],"author":[{"embeddable":true,"href":"https:\/\/www.elsindical.com.ar\/notas\/wp-json\/wp\/v2\/users\/1"}],"replies":[{"embeddable":true,"href":"https:\/\/www.elsindical.com.ar\/notas\/wp-json\/wp\/v2\/comments?post=115828"}],"version-history":[{"count":1,"href":"https:\/\/www.elsindical.com.ar\/notas\/wp-json\/wp\/v2\/posts\/115828\/revisions"}],"predecessor-version":[{"id":115830,"href":"https:\/\/www.elsindical.com.ar\/notas\/wp-json\/wp\/v2\/posts\/115828\/revisions\/115830"}],"wp:featuredmedia":[{"embeddable":true,"href":"https:\/\/www.elsindical.com.ar\/notas\/wp-json\/wp\/v2\/media\/115829"}],"wp:attachment":[{"href":"https:\/\/www.elsindical.com.ar\/notas\/wp-json\/wp\/v2\/media?parent=115828"}],"wp:term":[{"taxonomy":"category","embeddable":true,"href":"https:\/\/www.elsindical.com.ar\/notas\/wp-json\/wp\/v2\/categories?post=115828"},{"taxonomy":"post_tag","embeddable":true,"href":"https:\/\/www.elsindical.com.ar\/notas\/wp-json\/wp\/v2\/tags?post=115828"}],"curies":[{"name":"wp","href":"https:\/\/api.w.org\/{rel}","templated":true}]}}