{"id":115674,"date":"2022-08-08T13:36:21","date_gmt":"2022-08-08T16:36:21","guid":{"rendered":"https:\/\/www.elsindical.com.ar\/notas\/?p=115674"},"modified":"2022-08-08T13:36:21","modified_gmt":"2022-08-08T16:36:21","slug":"festival-1000-gritos-cine-fantastico-y-de-terror-con-presencia-del-idac","status":"publish","type":"post","link":"https:\/\/www.elsindical.com.ar\/notas\/festival-1000-gritos-cine-fantastico-y-de-terror-con-presencia-del-idac\/","title":{"rendered":"Festival 1000 gritos cine fant\u00e1stico y de terror con presencia del IDAC"},"content":{"rendered":"<div class=\"wp-block-image\">\n<figure class=\"aligncenter size-full\"><a href=\"https:\/\/www.elsindical.com.ar\/notas\/var\/www\/html\/notas\/wp-content\/uploads\/2022\/08\/Festival-de-cine-1000-gritos.jpg\"><img loading=\"lazy\" decoding=\"async\" width=\"600\" height=\"600\" src=\"https:\/\/www.elsindical.com.ar\/notas\/var\/www\/html\/notas\/wp-content\/uploads\/2022\/08\/Festival-de-cine-1000-gritos.jpg\" alt=\"\" class=\"wp-image-115675\" srcset=\"https:\/\/www.elsindical.com.ar\/notas\/var\/www\/html\/notas\/wp-content\/uploads\/2022\/08\/Festival-de-cine-1000-gritos.jpg 600w, https:\/\/www.elsindical.com.ar\/notas\/var\/www\/html\/notas\/wp-content\/uploads\/2022\/08\/Festival-de-cine-1000-gritos-300x300.jpg 300w, https:\/\/www.elsindical.com.ar\/notas\/var\/www\/html\/notas\/wp-content\/uploads\/2022\/08\/Festival-de-cine-1000-gritos-150x150.jpg 150w, https:\/\/www.elsindical.com.ar\/notas\/var\/www\/html\/notas\/wp-content\/uploads\/2022\/08\/Festival-de-cine-1000-gritos-50x50.jpg 50w\" sizes=\"auto, (max-width: 600px) 100vw, 600px\" \/><\/a><\/figure>\n<\/div>\n\n\n<p class=\"wp-block-paragraph\">Se informa a la comunidad educativa del IDAC que el pr\u00f3ximo s\u00e1bado 13 de agosto, en el marco del FESTIVAL DE CINE FANT\u00c1STICO Y DE TERROR 1000 GRITOS, se realizar\u00e1 una retrospectiva de cortos producidos por estudiantes de nuestro instituto.&nbsp;<\/p>\n\n\n\n<p class=\"wp-block-paragraph\">La proyecci\u00f3n se realizar\u00e1 en el Auditorio de la Biblioteca Juan Bautista Alberdi de Punta Alta, Provincia de Buenos Aires, sede del Festival.&nbsp;&nbsp;<\/p>\n\n\n\n<p class=\"wp-block-paragraph\">Esperamos que este evento sea el primero de muchos y continuar presentando los materiales que forman parte de nuestra historia en las distintas pantallas y festivales que forman parte del diverso y rico ambiente cinematogr\u00e1fico nacional.&nbsp;&nbsp;<\/p>\n\n\n\n<p class=\"wp-block-paragraph\">En representaci\u00f3n del IDAC, concurrir\u00e1 el profesor Juan Pablo Mazzini por su cuenta y cargo.&nbsp;<\/p>\n\n\n\n<p class=\"wp-block-paragraph\">Los cortometrajes que formar\u00e1n parte de la retrospectiva son:&nbsp;<\/p>\n\n\n\n<ul class=\"wp-block-list\"><li><em>DURAZNO &#8211; <\/em>Direcci\u00f3n: Francisco R\u00edos Flores. A\u00f1o: 2015. Duraci\u00f3n: 16:30 min<\/li><li><em>ALGO EN EL ARMARIO &#8211; <\/em>Direcci\u00f3n: Nahuel Soria. A\u00f1o: 2014. Duraci\u00f3n: 5.50 min<\/li><li><em>CAMPO ADENTRO &#8211; <\/em>Direcci\u00f3n: Ivan Djeredjian. A\u00f1o: 2017. Duraci\u00f3n: 17:00 min.&nbsp;<\/li><li><em>EL ORDEN SIMB\u00d3LICO &#8211; <\/em>Direcci\u00f3n: Roc\u00edo Ba\u00f1a. A\u00f1o 2018. Duraci\u00f3n: 12:30min<\/li><li><em>SCHIZEIN &#8211; <\/em>Direcci\u00f3n: Sacha Bebchuk \/ Cecilia la Rosa \/ Jer\u00f3nimo Tovar. A\u00f1o 2019. Duraci\u00f3n 2:36min. (ANIMACI\u00d3N)&nbsp;<\/li><li><em>ROCKZTAR &#8211; <\/em>Direcci\u00f3n: Bruno Gradaschi. A\u00f1o 2014. Duraci\u00f3n: 11:35min.&nbsp;<\/li><li><em>V\u00cdCTIMAS &#8211; <\/em>Direcci\u00f3n: Marcelo Gil. A\u00f1o: 2002. Duraci\u00f3n: 01:43 min.<\/li><\/ul>\n\n\n\n<p class=\"wp-block-paragraph\">Atte.-<\/p>\n","protected":false},"excerpt":{"rendered":"<p>Se informa a la comunidad educativa del IDAC que el pr\u00f3ximo s\u00e1bado 13 de agosto, en el marco del FESTIVAL DE CINE FANT\u00c1STICO Y DE TERROR 1000 GRITOS, se realizar\u00e1 una retrospectiva de cortos producidos por estudiantes de nuestro instituto.&nbsp; La proyecci\u00f3n se realizar\u00e1 en el Auditorio de la Biblioteca Juan Bautista Alberdi de Punta&hellip;<\/p>\n","protected":false},"author":1,"featured_media":115675,"comment_status":"open","ping_status":"open","sticky":false,"template":"","format":"standard","meta":{"footnotes":""},"categories":[1],"tags":[37914,37913,2450,37911,37912,10485],"class_list":["post-115674","post","type-post","status-publish","format-standard","has-post-thumbnail","hentry","category-destacadas","tag-biblioteca-juan-bautista-alberdi","tag-cortos","tag-diario-el-sindical","tag-festival-1000-gritos","tag-festival-de-cine-fantastico-y-de-terror","tag-punta-alta"],"_links":{"self":[{"href":"https:\/\/www.elsindical.com.ar\/notas\/wp-json\/wp\/v2\/posts\/115674","targetHints":{"allow":["GET"]}}],"collection":[{"href":"https:\/\/www.elsindical.com.ar\/notas\/wp-json\/wp\/v2\/posts"}],"about":[{"href":"https:\/\/www.elsindical.com.ar\/notas\/wp-json\/wp\/v2\/types\/post"}],"author":[{"embeddable":true,"href":"https:\/\/www.elsindical.com.ar\/notas\/wp-json\/wp\/v2\/users\/1"}],"replies":[{"embeddable":true,"href":"https:\/\/www.elsindical.com.ar\/notas\/wp-json\/wp\/v2\/comments?post=115674"}],"version-history":[{"count":1,"href":"https:\/\/www.elsindical.com.ar\/notas\/wp-json\/wp\/v2\/posts\/115674\/revisions"}],"predecessor-version":[{"id":115676,"href":"https:\/\/www.elsindical.com.ar\/notas\/wp-json\/wp\/v2\/posts\/115674\/revisions\/115676"}],"wp:featuredmedia":[{"embeddable":true,"href":"https:\/\/www.elsindical.com.ar\/notas\/wp-json\/wp\/v2\/media\/115675"}],"wp:attachment":[{"href":"https:\/\/www.elsindical.com.ar\/notas\/wp-json\/wp\/v2\/media?parent=115674"}],"wp:term":[{"taxonomy":"category","embeddable":true,"href":"https:\/\/www.elsindical.com.ar\/notas\/wp-json\/wp\/v2\/categories?post=115674"},{"taxonomy":"post_tag","embeddable":true,"href":"https:\/\/www.elsindical.com.ar\/notas\/wp-json\/wp\/v2\/tags?post=115674"}],"curies":[{"name":"wp","href":"https:\/\/api.w.org\/{rel}","templated":true}]}}