{"id":115671,"date":"2022-08-08T12:07:54","date_gmt":"2022-08-08T15:07:54","guid":{"rendered":"https:\/\/www.elsindical.com.ar\/notas\/?p=115671"},"modified":"2022-08-08T12:07:55","modified_gmt":"2022-08-08T15:07:55","slug":"ajb-nuevo-pedido-de-paritarias","status":"publish","type":"post","link":"https:\/\/www.elsindical.com.ar\/notas\/ajb-nuevo-pedido-de-paritarias\/","title":{"rendered":"AJB: Nuevo pedido de paritarias"},"content":{"rendered":"<div class=\"wp-block-image\">\n<figure class=\"aligncenter size-full\"><a href=\"https:\/\/www.elsindical.com.ar\/notas\/var\/www\/html\/notas\/wp-content\/uploads\/2022\/08\/RUSSO-Y-GIMENEZ.jpg\"><img loading=\"lazy\" decoding=\"async\" width=\"709\" height=\"469\" src=\"https:\/\/www.elsindical.com.ar\/notas\/var\/www\/html\/notas\/wp-content\/uploads\/2022\/08\/RUSSO-Y-GIMENEZ.jpg\" alt=\"\" class=\"wp-image-115672\" srcset=\"https:\/\/www.elsindical.com.ar\/notas\/var\/www\/html\/notas\/wp-content\/uploads\/2022\/08\/RUSSO-Y-GIMENEZ.jpg 709w, https:\/\/www.elsindical.com.ar\/notas\/var\/www\/html\/notas\/wp-content\/uploads\/2022\/08\/RUSSO-Y-GIMENEZ-300x198.jpg 300w, https:\/\/www.elsindical.com.ar\/notas\/var\/www\/html\/notas\/wp-content\/uploads\/2022\/08\/RUSSO-Y-GIMENEZ-454x300.jpg 454w\" sizes=\"auto, (max-width: 709px) 100vw, 709px\" \/><\/a><\/figure>\n<\/div>\n\n\n<p class=\"wp-block-paragraph\"><strong>La AJB hoy reiter\u00f3 al Ministerio de Trabajo el pedido de convocatoria a paritarias. Adem\u00e1s, el 10 y 11 de agosto se realizar\u00e1n asambleas departamentales.<\/strong><\/p>\n\n\n\n<p class=\"wp-block-paragraph\">Esta ma\u00f1ana la AJB realiz\u00f3 nueva presentaci\u00f3n ante el Ministerio de Trabajo reiterando la nota presentada el pasado 13 de julio de reclamo de urgente convocatoria a paritarias. En la misma se expresa la profunda preocupaci\u00f3n por la grave situaci\u00f3n de p\u00e9rdida del salario de las y los judiciales producto de la escalada inflacionaria.<\/p>\n\n\n\n<p class=\"wp-block-paragraph\">Al mismo tiempo, desde la conducci\u00f3n provincial del gremio y en sinton\u00eda con lo resuelto en el \u00faltimo congreso realizado el pasado 14 de julio, se convoca a realizar asambleas los d\u00edas 10 y 11 de agosto, con modalidad a definir por las conducciones locales, para debatir la situaci\u00f3n con compa\u00f1eros y compa\u00f1eras de las 20 departamentales.<\/p>\n\n\n\n<p class=\"wp-block-paragraph\">Asimismo, con posterioridad se convocar\u00e1 a reuni\u00f3n de Comisi\u00f3n Directiva Provincial para el martes 16 de agosto a los fines de analizar la situaci\u00f3n de la paritaria y evaluar los pasos a seguir.<\/p>\n\n\n\n<p class=\"wp-block-paragraph\">Al respecto el Secretario General de la AJB Hugo Russo expres\u00f3 \u201chay una profunda preocupaci\u00f3n en las y los judiciales por la erosi\u00f3n que est\u00e1 generando la inflaci\u00f3n en los salarios, por lo cual pedimos al Ejecutivo que en forma urgente convoque a la AJB a rediscutir salarios y poder frenar la ca\u00edda del poder adquisitivo\u201d.<\/p>\n\n\n\n<p class=\"wp-block-paragraph\">Asimismo destac\u00f3 que \u201ccomplementariamente a este reclamo estaremos desarrollando asambleas en las 20 departamentales para abordar colectivamente esta problem\u00e1tica y analizar en reuni\u00f3n de Comisi\u00f3n Directiva Provincial la situaci\u00f3n y los eventuales pasos a seguir\u201d.<\/p>\n","protected":false},"excerpt":{"rendered":"<p>La AJB hoy reiter\u00f3 al Ministerio de Trabajo el pedido de convocatoria a paritarias. Adem\u00e1s, el 10 y 11 de agosto se realizar\u00e1n asambleas departamentales. Esta ma\u00f1ana la AJB realiz\u00f3 nueva presentaci\u00f3n ante el Ministerio de Trabajo reiterando la nota presentada el pasado 13 de julio de reclamo de urgente convocatoria a paritarias. En la&hellip;<\/p>\n","protected":false},"author":1,"featured_media":115672,"comment_status":"open","ping_status":"open","sticky":false,"template":"","format":"standard","meta":{"footnotes":""},"categories":[16],"tags":[4626,2450,37771,257,2107],"class_list":["post-115671","post","type-post","status-publish","format-standard","has-post-thumbnail","hentry","category-gremiales","tag-ajb","tag-diario-el-sindical","tag-hugo-russo","tag-ministerio-de-trabajo","tag-paritarias"],"_links":{"self":[{"href":"https:\/\/www.elsindical.com.ar\/notas\/wp-json\/wp\/v2\/posts\/115671","targetHints":{"allow":["GET"]}}],"collection":[{"href":"https:\/\/www.elsindical.com.ar\/notas\/wp-json\/wp\/v2\/posts"}],"about":[{"href":"https:\/\/www.elsindical.com.ar\/notas\/wp-json\/wp\/v2\/types\/post"}],"author":[{"embeddable":true,"href":"https:\/\/www.elsindical.com.ar\/notas\/wp-json\/wp\/v2\/users\/1"}],"replies":[{"embeddable":true,"href":"https:\/\/www.elsindical.com.ar\/notas\/wp-json\/wp\/v2\/comments?post=115671"}],"version-history":[{"count":1,"href":"https:\/\/www.elsindical.com.ar\/notas\/wp-json\/wp\/v2\/posts\/115671\/revisions"}],"predecessor-version":[{"id":115673,"href":"https:\/\/www.elsindical.com.ar\/notas\/wp-json\/wp\/v2\/posts\/115671\/revisions\/115673"}],"wp:featuredmedia":[{"embeddable":true,"href":"https:\/\/www.elsindical.com.ar\/notas\/wp-json\/wp\/v2\/media\/115672"}],"wp:attachment":[{"href":"https:\/\/www.elsindical.com.ar\/notas\/wp-json\/wp\/v2\/media?parent=115671"}],"wp:term":[{"taxonomy":"category","embeddable":true,"href":"https:\/\/www.elsindical.com.ar\/notas\/wp-json\/wp\/v2\/categories?post=115671"},{"taxonomy":"post_tag","embeddable":true,"href":"https:\/\/www.elsindical.com.ar\/notas\/wp-json\/wp\/v2\/tags?post=115671"}],"curies":[{"name":"wp","href":"https:\/\/api.w.org\/{rel}","templated":true}]}}