{"id":115595,"date":"2022-08-05T07:43:57","date_gmt":"2022-08-05T10:43:57","guid":{"rendered":"https:\/\/www.elsindical.com.ar\/notas\/?p=115595"},"modified":"2022-08-05T07:43:58","modified_gmt":"2022-08-05T10:43:58","slug":"el-cholo-garcia-es-el-nuevo-ofendidito","status":"publish","type":"post","link":"https:\/\/www.elsindical.com.ar\/notas\/el-cholo-garcia-es-el-nuevo-ofendidito\/","title":{"rendered":"El Cholo Garc\u00eda es &#8230; el nuevo ofendidito"},"content":{"rendered":"<div class=\"wp-block-image\">\n<figure class=\"aligncenter size-full\"><a href=\"https:\/\/www.elsindical.com.ar\/notas\/var\/www\/html\/notas\/wp-content\/uploads\/2022\/08\/Cholo-Garcia-verso.jpg\"><img loading=\"lazy\" decoding=\"async\" width=\"880\" height=\"512\" src=\"https:\/\/www.elsindical.com.ar\/notas\/var\/www\/html\/notas\/wp-content\/uploads\/2022\/08\/Cholo-Garcia-verso.jpg\" alt=\"\" class=\"wp-image-115596\" srcset=\"https:\/\/www.elsindical.com.ar\/notas\/var\/www\/html\/notas\/wp-content\/uploads\/2022\/08\/Cholo-Garcia-verso.jpg 880w, https:\/\/www.elsindical.com.ar\/notas\/var\/www\/html\/notas\/wp-content\/uploads\/2022\/08\/Cholo-Garcia-verso-300x175.jpg 300w, https:\/\/www.elsindical.com.ar\/notas\/var\/www\/html\/notas\/wp-content\/uploads\/2022\/08\/Cholo-Garcia-verso-768x447.jpg 768w, https:\/\/www.elsindical.com.ar\/notas\/var\/www\/html\/notas\/wp-content\/uploads\/2022\/08\/Cholo-Garcia-verso-500x291.jpg 500w\" sizes=\"auto, (max-width: 880px) 100vw, 880px\" \/><\/a><\/figure>\n<\/div>\n\n\n<p>   Rub\u00e9n \u00abCholo\u00bb Garc\u00eda, es el nuevo \u00abofendido\u00bb de la pol\u00edtica y el sindicalismo, s\u00ed, as\u00ed como postean los macristas sus memes identificados con la leyenda \u00abofendidos\u00bb ahora el personaje que preside la FESIMUBO, dice estar ENOJADO y OFENDIDO.<\/p>\n\n\n\n<p>Algunas de sus \u00faltimas bolu frases:<\/p>\n\n\n\n<p>Cholo Garc\u00eda a Kicillof: <strong><em>\u201cVamos a marchar porque no nos atiende y eso nos enoja\u00bb<\/em><\/strong><\/p>\n\n\n\n<p>Digo, un representante serio y capacitado, sabe muy bien que existen otros canales y si estos se agotan, siempre est\u00e1 la justicia, pero parece que en la cabecita de Garc\u00eda, asesorado por un par de ignorantes, creen que es mejor el circo, as\u00ed de paso se justifican las gastos de la movilizaci\u00f3n.<\/p>\n\n\n\n<p>Adem\u00e1s, \u00bfse puede tomar en serio a un hombre mayor adulto que dice estar enojado con un pol\u00edtico?<\/p>\n\n\n\n<p><strong><em>\u201cEstamos sorprendidos que un gobierno de trabajadores no nos atienda\u201d, critic\u00f3.<\/em><\/strong><\/p>\n\n\n\n<p><strong><em>\u201cEl problema es que el Gobernador (Axel Kicillof) ni siquiera nos atiende para escucharnos y eso nos enoja. A veces los intendentes anuncian porcentajes rimbombantes y yo les pregunto: \u2018\u00bfEso lo aplican?\u2019 Les da m\u00e1s rendimiento poner la plata en plazo fijo\u00bb<\/em><\/strong><\/p>\n\n\n\n<p>La sorpresa es que Garc\u00eda no se haya interesado en crecer con tantos a\u00f1os en lo que es la capacitaci\u00f3n para ser tomada en serio, no lo atienden porque saben los jefes comunales y el gobernador que lo \u00fanico que busca es beneficiarse \u00e9l y su s\u00e9quito de aduladores. O alguien puede pensar que no saben la vida de lujos a costa de los aportes de los trabajadores que viven Garc\u00eda, Doval, Ferro y compa\u00f1\u00eda.<\/p>\n\n\n\n<p>Los aumentos de sueldo generan un mayor ingreso de dinero a los sindicatos que controla Garc\u00eda, es simple, no quiere que el trabajador viva mejor, quiere que le ingrese m\u00e1s dinero. Por eso los trabajadores que piensan, deber\u00edan desafiliarse de donde est\u00e1n estos personajes que te arrean a marchar, pero no te invitan a comer con ellos en los restaurantes, cosa que hacen con tu plata.<\/p>\n\n\n\n<p><strong><em>\u201cEstamos cansados del maltrato, por eso nos vamos a movilizar, para que nos escuche el Gobernador porque esto no se puede resolver con una sola reuni\u00f3n, debemos hacer una mesa de di\u00e1logo. Le hemos enviado una carta\u00bb<\/em><\/strong><\/p>\n\n\n\n<p>Tantas pavadas que publican, podr\u00edan publicar siempre sus cartas a los gobernadores e intendentes, adem\u00e1s, si en los comunicados de prensa no dicen nada claro, es obvio que el problema de no haber una soluci\u00f3n posible es por la incomprensi\u00f3n de sus reclamos o traducido, porque no los quieren escuchar negociando en beneficio de ellos mientras movilizan afiliados con mentiras y promesas.<\/p>\n\n\n\n<p><strong><em>Garc\u00eda caracteriz\u00f3 a los integrantes de Fe.Si.Mu.Bo como \u201cdialoguistas\u201d y lament\u00f3 que Kicillof mantiene una \u201csordera\u201d, la cual \u201cviene desde las elecciones\u201d. \u201cQue un gobierno peronista no se ponga en favor de los trabajadores, a m\u00ed me pone en demas\u00eda\u201d, advirti\u00f3.<\/em><\/strong><\/p>\n\n\n\n<p>Por encubrir sus verdaderas intenciones, Garc\u00eda apela a recursos que lo dejan enredado y expuesto, cuando habla de que los integrantes de la FESIMUBO son dialoguistas miente, para serlo primero deber\u00edan tener honestidad sindical y no la tienen, son negociadores y punto.<\/p>\n\n\n\n<p>Luego decir que un gobierno peronista no se ponga en favor de los trabajadores, es digamos proyectar su propia forma de hacer gremialismo, es decir, priorizar su bienestar antes que el de los trabajadores.<\/p>\n\n\n\n<p>Lo de usar el t\u00e9rmino demas\u00eda, es el \u00abtoque\u00bb que revela al impostor, a\u00fan cuando quiera definirse con un eufemismo, solo confirma que es un impostor como dirigente sindical.<\/p>\n\n\n\n<p>La conclusi\u00f3n de todo esto es que los afiliados piensen si vale la pena seguir manteniendo a estos estafadores de la lucha sindical y a los que no se han afiliado que sepan quienes son estos personajes.<\/p>\n\n\n\n<p><\/p>\n\n\n\n<p>Por Marcelo Ricardo Hawrylciw<\/p>\n","protected":false},"excerpt":{"rendered":"<p>Rub\u00e9n \u00abCholo\u00bb Garc\u00eda, es el nuevo \u00abofendido\u00bb de la pol\u00edtica y el sindicalismo, s\u00ed, as\u00ed como postean los macristas sus memes identificados con la leyenda \u00abofendidos\u00bb ahora el personaje que preside la FESIMUBO, dice estar ENOJADO y OFENDIDO. Algunas de sus \u00faltimas bolu frases: Cholo Garc\u00eda a Kicillof: \u201cVamos a marchar porque no nos atiende&hellip;<\/p>\n","protected":false},"author":1,"featured_media":115596,"comment_status":"open","ping_status":"open","sticky":false,"template":"","format":"standard","meta":{"footnotes":""},"categories":[10,16,13],"tags":[13798,23792,2450,2111,17286,156,18141,27907],"class_list":["post-115595","post","type-post","status-publish","format-standard","has-post-thumbnail","hentry","category-editorial","category-gremiales","category-politica","tag-axel-kicillof","tag-daniel-ferro","tag-diario-el-sindical","tag-fesimubo","tag-hernan-doval","tag-marcha","tag-ruben-cholo-garcia","tag-trabajdores"],"_links":{"self":[{"href":"https:\/\/www.elsindical.com.ar\/notas\/wp-json\/wp\/v2\/posts\/115595","targetHints":{"allow":["GET"]}}],"collection":[{"href":"https:\/\/www.elsindical.com.ar\/notas\/wp-json\/wp\/v2\/posts"}],"about":[{"href":"https:\/\/www.elsindical.com.ar\/notas\/wp-json\/wp\/v2\/types\/post"}],"author":[{"embeddable":true,"href":"https:\/\/www.elsindical.com.ar\/notas\/wp-json\/wp\/v2\/users\/1"}],"replies":[{"embeddable":true,"href":"https:\/\/www.elsindical.com.ar\/notas\/wp-json\/wp\/v2\/comments?post=115595"}],"version-history":[{"count":1,"href":"https:\/\/www.elsindical.com.ar\/notas\/wp-json\/wp\/v2\/posts\/115595\/revisions"}],"predecessor-version":[{"id":115597,"href":"https:\/\/www.elsindical.com.ar\/notas\/wp-json\/wp\/v2\/posts\/115595\/revisions\/115597"}],"wp:featuredmedia":[{"embeddable":true,"href":"https:\/\/www.elsindical.com.ar\/notas\/wp-json\/wp\/v2\/media\/115596"}],"wp:attachment":[{"href":"https:\/\/www.elsindical.com.ar\/notas\/wp-json\/wp\/v2\/media?parent=115595"}],"wp:term":[{"taxonomy":"category","embeddable":true,"href":"https:\/\/www.elsindical.com.ar\/notas\/wp-json\/wp\/v2\/categories?post=115595"},{"taxonomy":"post_tag","embeddable":true,"href":"https:\/\/www.elsindical.com.ar\/notas\/wp-json\/wp\/v2\/tags?post=115595"}],"curies":[{"name":"wp","href":"https:\/\/api.w.org\/{rel}","templated":true}]}}