{"id":115590,"date":"2022-08-04T16:07:07","date_gmt":"2022-08-04T19:07:07","guid":{"rendered":"https:\/\/www.elsindical.com.ar\/notas\/?p=115590"},"modified":"2022-08-04T16:07:10","modified_gmt":"2022-08-04T19:07:10","slug":"talleres-de-runasimi-y-pueblos-originarios-en-el-una-folklore","status":"publish","type":"post","link":"https:\/\/www.elsindical.com.ar\/notas\/talleres-de-runasimi-y-pueblos-originarios-en-el-una-folklore\/","title":{"rendered":"Talleres de Runasimi y Pueblos Originarios en el UNA Folklore"},"content":{"rendered":"<div class=\"wp-block-image\">\n<figure class=\"aligncenter size-full\"><a href=\"https:\/\/www.elsindical.com.ar\/notas\/var\/www\/html\/notas\/wp-content\/uploads\/2022\/08\/2022-una-cursos-extension-runasimi.jpg\"><img loading=\"lazy\" decoding=\"async\" width=\"709\" height=\"709\" src=\"https:\/\/www.elsindical.com.ar\/notas\/var\/www\/html\/notas\/wp-content\/uploads\/2022\/08\/2022-una-cursos-extension-runasimi.jpg\" alt=\"\" class=\"wp-image-115591\" srcset=\"https:\/\/www.elsindical.com.ar\/notas\/var\/www\/html\/notas\/wp-content\/uploads\/2022\/08\/2022-una-cursos-extension-runasimi.jpg 709w, https:\/\/www.elsindical.com.ar\/notas\/var\/www\/html\/notas\/wp-content\/uploads\/2022\/08\/2022-una-cursos-extension-runasimi-300x300.jpg 300w, https:\/\/www.elsindical.com.ar\/notas\/var\/www\/html\/notas\/wp-content\/uploads\/2022\/08\/2022-una-cursos-extension-runasimi-150x150.jpg 150w, https:\/\/www.elsindical.com.ar\/notas\/var\/www\/html\/notas\/wp-content\/uploads\/2022\/08\/2022-una-cursos-extension-runasimi-50x50.jpg 50w\" sizes=\"auto, (max-width: 709px) 100vw, 709px\" \/><\/a><\/figure>\n<\/div>\n\n\n<p class=\"wp-block-paragraph\">La Secretar\u00eda de Extensi\u00f3n del Departamento de Folklore de la UNA ofrece dos talleres relacionados con el estudio de pueblos originarios de nuestro pa\u00eds y el continente latinoamericano. Los mismos son de inscripci\u00f3n permanente y est\u00e1n dirigidos a toda la comunidad.<\/p>\n\n\n\n<p class=\"wp-block-paragraph\">Uno de los cursos es \u201cRunasimi. Lengua y Cultura Qheshwa\u201d cuyos docentes son (Kusi \u00d1awi) Mariana Emilia Gamajo, (Suyana) Magal\u00ed Gingins y Mat\u00edas Ledesma. Las clases son de modalidad virtual y se dictan los jueves de 18.30 a 20 h para nivel intermedio y para el nivel inicial de 20.30 a 22 h. En este taller el aprendizaje de la lengua Runasimi, hablada por millones de personas en Sudam\u00e9rica, se aborda de manera integral como expresi\u00f3n de una cosmovisi\u00f3n ancestral milenaria.<\/p>\n\n\n\n<p class=\"wp-block-paragraph\">Por su parte la docente Amalia Vargas est\u00e1 a cargo del taller \u201cPueblos originarios. Arte, salud e identidad.\u201d El mismo se dicta de forma presencial los s\u00e1bados de 14 a 15.30 h en la sede del Departamento de Folklore, en S\u00e1nchez de Loria 443. Tambi\u00e9n con un abordaje integral, en las clases se analizan temas como la identidad, salud, cultura, comunidad, arte y espiritualidad de los pueblos que constituyen las sociedades multiculturales de Argentina y Latinoam\u00e9rica.<\/p>\n\n\n\n<p class=\"wp-block-paragraph\">Las personas interesadas deber\u00e1n inscribirse por mail a <a href=\"mailto:folklore.rp@una.edu.ar\">folklore.rp@una.edu.ar<\/a><\/p>\n\n\n\n<p class=\"wp-block-paragraph\">Para m\u00e1s informaci\u00f3n: <a href=\"https:\/\/folklore.una.edu.ar\/cursos\/\">https:\/\/folklore.una.edu.ar\/cursos\/<\/a><\/p>\n\n\n\n<p class=\"wp-block-paragraph\">Aranceles y promociones: <a href=\"https:\/\/folklore.una.edu.ar\/contenidos\/aranceles-y-promociones-2022_12623\">https:\/\/folklore.una.edu.ar\/contenidos\/aranceles-y-promociones-2022_12623<\/a><\/p>\n\n\n\n<p class=\"wp-block-paragraph\">Redes: @folklore.extension.una (Instagram) \/ Talleres de Extensi\u00f3n Folklore (Facebook)<\/p>\n","protected":false},"excerpt":{"rendered":"<p>La Secretar\u00eda de Extensi\u00f3n del Departamento de Folklore de la UNA ofrece dos talleres relacionados con el estudio de pueblos originarios de nuestro pa\u00eds y el continente latinoamericano. Los mismos son de inscripci\u00f3n permanente y est\u00e1n dirigidos a toda la comunidad. Uno de los cursos es \u201cRunasimi. Lengua y Cultura Qheshwa\u201d cuyos docentes son (Kusi&hellip;<\/p>\n","protected":false},"author":1,"featured_media":115591,"comment_status":"open","ping_status":"open","sticky":false,"template":"","format":"standard","meta":{"footnotes":""},"categories":[5],"tags":[2450,27339,37879,36245],"class_list":["post-115590","post","type-post","status-publish","format-standard","has-post-thumbnail","hentry","category-cultura","tag-diario-el-sindical","tag-pueblos-originarios","tag-talleres-de-runasimi","tag-una-folklore"],"_links":{"self":[{"href":"https:\/\/www.elsindical.com.ar\/notas\/wp-json\/wp\/v2\/posts\/115590","targetHints":{"allow":["GET"]}}],"collection":[{"href":"https:\/\/www.elsindical.com.ar\/notas\/wp-json\/wp\/v2\/posts"}],"about":[{"href":"https:\/\/www.elsindical.com.ar\/notas\/wp-json\/wp\/v2\/types\/post"}],"author":[{"embeddable":true,"href":"https:\/\/www.elsindical.com.ar\/notas\/wp-json\/wp\/v2\/users\/1"}],"replies":[{"embeddable":true,"href":"https:\/\/www.elsindical.com.ar\/notas\/wp-json\/wp\/v2\/comments?post=115590"}],"version-history":[{"count":1,"href":"https:\/\/www.elsindical.com.ar\/notas\/wp-json\/wp\/v2\/posts\/115590\/revisions"}],"predecessor-version":[{"id":115592,"href":"https:\/\/www.elsindical.com.ar\/notas\/wp-json\/wp\/v2\/posts\/115590\/revisions\/115592"}],"wp:featuredmedia":[{"embeddable":true,"href":"https:\/\/www.elsindical.com.ar\/notas\/wp-json\/wp\/v2\/media\/115591"}],"wp:attachment":[{"href":"https:\/\/www.elsindical.com.ar\/notas\/wp-json\/wp\/v2\/media?parent=115590"}],"wp:term":[{"taxonomy":"category","embeddable":true,"href":"https:\/\/www.elsindical.com.ar\/notas\/wp-json\/wp\/v2\/categories?post=115590"},{"taxonomy":"post_tag","embeddable":true,"href":"https:\/\/www.elsindical.com.ar\/notas\/wp-json\/wp\/v2\/tags?post=115590"}],"curies":[{"name":"wp","href":"https:\/\/api.w.org\/{rel}","templated":true}]}}