{"id":115584,"date":"2022-08-04T01:22:27","date_gmt":"2022-08-04T04:22:27","guid":{"rendered":"https:\/\/www.elsindical.com.ar\/notas\/?p=115584"},"modified":"2022-08-04T01:22:32","modified_gmt":"2022-08-04T04:22:32","slug":"el-agresor-de-la-arbitra-sigue-detenido-y-fue-expulsado-de-por-vida-de-espectaculos-deportivos","status":"publish","type":"post","link":"https:\/\/www.elsindical.com.ar\/notas\/el-agresor-de-la-arbitra-sigue-detenido-y-fue-expulsado-de-por-vida-de-espectaculos-deportivos\/","title":{"rendered":"El agresor de la arbitra sigue detenido y fue expulsado de por vida de espect\u00e1culos deportivos"},"content":{"rendered":"<div class=\"wp-block-image\">\n<figure class=\"aligncenter size-full\"><a href=\"https:\/\/www.elsindical.com.ar\/notas\/var\/www\/html\/notas\/wp-content\/uploads\/2022\/08\/Cristian-Tirone.jpg\"><img loading=\"lazy\" decoding=\"async\" width=\"709\" height=\"422\" src=\"https:\/\/www.elsindical.com.ar\/notas\/var\/www\/html\/notas\/wp-content\/uploads\/2022\/08\/Cristian-Tirone.jpg\" alt=\"\" class=\"wp-image-115585\" srcset=\"https:\/\/www.elsindical.com.ar\/notas\/var\/www\/html\/notas\/wp-content\/uploads\/2022\/08\/Cristian-Tirone.jpg 709w, https:\/\/www.elsindical.com.ar\/notas\/var\/www\/html\/notas\/wp-content\/uploads\/2022\/08\/Cristian-Tirone-300x179.jpg 300w, https:\/\/www.elsindical.com.ar\/notas\/var\/www\/html\/notas\/wp-content\/uploads\/2022\/08\/Cristian-Tirone-500x298.jpg 500w\" sizes=\"auto, (max-width: 709px) 100vw, 709px\" \/><\/a><\/figure>\n<\/div>\n\n\n<p>Desde la APREVIDE confirmaron que no puede jugar ni se espectador. Se encuentra detenido, acusado de lesiones triplemente agravadas.<\/p>\n\n\n\n<p><strong>Eduardo Aparicio, el responsable de la Agencia de Prevenci\u00f3n de Violencia en el Deporte (APreViDe),<\/strong> confirm\u00f3 hoy que el futbolista que el \u00faltimo fin de semana golpe\u00f3 a una \u00e1rbitra durante un encuentro de una Liga Regional fue \u201cexpulsado de por vida de los espect\u00e1culos deportivos\u201d.<\/p>\n\n\n\n<p>\u201cNosotros, con la Liga de Tres Arroyos y el club <strong>lo expulsamos de por vida, para que no pueda jugar ni tampoco acceder a un espect\u00e1culo deportivo<\/strong>\u201c, subray\u00f3 Aparicio en una entrevista que concedi\u00f3 a T\u00e9lam Radio.<\/p>\n\n\n\n<p>El suceso que sacudi\u00f3 al ambiente deportivo el domingo \u00faltimo ocurri\u00f3 durante el partido de tercera divisi\u00f3n entre el Club Garmense ante Independencia, en la localidad de Adolfo Gonz\u00e1lez Chaves, en el partido bonaerense de Tres Arroyos.<\/p>\n\n\n\n<p>El jugador de Garmense <strong>Cristian Tirone, de 34 a\u00f1os, le aplic\u00f3 un golpe de pu\u00f1o desde atr\u00e1s a la \u00e1rbitra Dalma Cortaldi<\/strong>, de 30 a\u00f1os, quien debi\u00f3 ser atendida en un centro asistencial.<\/p>\n\n\n<div class=\"wp-block-image\">\n<figure class=\"aligncenter size-large\"><a href=\"https:\/\/www.elsindical.com.ar\/notas\/var\/www\/html\/notas\/wp-content\/uploads\/2022\/08\/Dalma-Cortaldi.jpg\"><img loading=\"lazy\" decoding=\"async\" width=\"1024\" height=\"683\" src=\"https:\/\/www.elsindical.com.ar\/notas\/var\/www\/html\/notas\/wp-content\/uploads\/2022\/08\/Dalma-Cortaldi-1024x683.jpg\" alt=\"\" class=\"wp-image-115586\" srcset=\"https:\/\/www.elsindical.com.ar\/notas\/var\/www\/html\/notas\/wp-content\/uploads\/2022\/08\/Dalma-Cortaldi-1024x683.jpg 1024w, https:\/\/www.elsindical.com.ar\/notas\/var\/www\/html\/notas\/wp-content\/uploads\/2022\/08\/Dalma-Cortaldi-300x200.jpg 300w, https:\/\/www.elsindical.com.ar\/notas\/var\/www\/html\/notas\/wp-content\/uploads\/2022\/08\/Dalma-Cortaldi-768x512.jpg 768w, https:\/\/www.elsindical.com.ar\/notas\/var\/www\/html\/notas\/wp-content\/uploads\/2022\/08\/Dalma-Cortaldi-450x300.jpg 450w, https:\/\/www.elsindical.com.ar\/notas\/var\/www\/html\/notas\/wp-content\/uploads\/2022\/08\/Dalma-Cortaldi.jpg 1200w\" sizes=\"auto, (max-width: 1024px) 100vw, 1024px\" \/><\/a><\/figure>\n<\/div>\n\n\n<p>\u201cDecirle jugador no le cabe a este individuo, lo tomo como un delincuente, que se anima a levantarla la mano a una mujer, no resiste calificativo\u201d, a\u00f1adi\u00f3 Aparicio en la charla con T\u00e9lam Radio.<\/p>\n\n\n\n<p>Adem\u00e1s de la expulsi\u00f3n definitiva de los espect\u00e1culos deportivos, Tirone qued\u00f3 comprometido judicialmente puesto que <strong>ayer el fiscal de Tres Arroyos Gabriel Lopazzo solicit\u00f3 al Juzgado de Garant\u00edas la conversi\u00f3n en detenci\u00f3n de la aprehensi\u00f3n que cumple Tirone luego de su agresi\u00f3n.<\/strong><\/p>\n\n\n\n<p>El ahora exjugador se encontraba aprehendido en una seccional acusado de haber agredido a Dalma Magali Cortaldi e imputado por el delito de <strong>\u201clesiones triplemente agravadas, por alevos\u00eda, por la condici\u00f3n de mujer de la v\u00edctima y por haberse cometido durante la realizaci\u00f3n de un espect\u00e1culo deportivo en concurso ideal\u201d<\/strong>.<\/p>\n\n\n\n<p>Como consecuencia de ese accionar, Cortadi sufri\u00f3 escoriaciones en regi\u00f3n cervical y en articulaci\u00f3n de rodilla derecha, lesiones calificadas por el m\u00e9dico de Polic\u00eda actuante como de \u201ccar\u00e1cter leve\u201d.<\/p>\n","protected":false},"excerpt":{"rendered":"<p>Desde la APREVIDE confirmaron que no puede jugar ni se espectador. Se encuentra detenido, acusado de lesiones triplemente agravadas. Eduardo Aparicio, el responsable de la Agencia de Prevenci\u00f3n de Violencia en el Deporte (APreViDe), confirm\u00f3 hoy que el futbolista que el \u00faltimo fin de semana golpe\u00f3 a una \u00e1rbitra durante un encuentro de una Liga&hellip;<\/p>\n","protected":false},"author":1,"featured_media":115585,"comment_status":"open","ping_status":"open","sticky":false,"template":"","format":"standard","meta":{"footnotes":""},"categories":[7,20,22],"tags":[1195,13789,37875,37876,2450],"class_list":["post-115584","post","type-post","status-publish","format-standard","has-post-thumbnail","hentry","category-deportes","category-judiciales","category-policiales","tag-agresion","tag-aprevide","tag-cristian-tirone","tag-dalma-cortaldi","tag-diario-el-sindical"],"_links":{"self":[{"href":"https:\/\/www.elsindical.com.ar\/notas\/wp-json\/wp\/v2\/posts\/115584","targetHints":{"allow":["GET"]}}],"collection":[{"href":"https:\/\/www.elsindical.com.ar\/notas\/wp-json\/wp\/v2\/posts"}],"about":[{"href":"https:\/\/www.elsindical.com.ar\/notas\/wp-json\/wp\/v2\/types\/post"}],"author":[{"embeddable":true,"href":"https:\/\/www.elsindical.com.ar\/notas\/wp-json\/wp\/v2\/users\/1"}],"replies":[{"embeddable":true,"href":"https:\/\/www.elsindical.com.ar\/notas\/wp-json\/wp\/v2\/comments?post=115584"}],"version-history":[{"count":1,"href":"https:\/\/www.elsindical.com.ar\/notas\/wp-json\/wp\/v2\/posts\/115584\/revisions"}],"predecessor-version":[{"id":115587,"href":"https:\/\/www.elsindical.com.ar\/notas\/wp-json\/wp\/v2\/posts\/115584\/revisions\/115587"}],"wp:featuredmedia":[{"embeddable":true,"href":"https:\/\/www.elsindical.com.ar\/notas\/wp-json\/wp\/v2\/media\/115585"}],"wp:attachment":[{"href":"https:\/\/www.elsindical.com.ar\/notas\/wp-json\/wp\/v2\/media?parent=115584"}],"wp:term":[{"taxonomy":"category","embeddable":true,"href":"https:\/\/www.elsindical.com.ar\/notas\/wp-json\/wp\/v2\/categories?post=115584"},{"taxonomy":"post_tag","embeddable":true,"href":"https:\/\/www.elsindical.com.ar\/notas\/wp-json\/wp\/v2\/tags?post=115584"}],"curies":[{"name":"wp","href":"https:\/\/api.w.org\/{rel}","templated":true}]}}