{"id":115581,"date":"2022-08-04T01:13:29","date_gmt":"2022-08-04T04:13:29","guid":{"rendered":"https:\/\/www.elsindical.com.ar\/notas\/?p=115581"},"modified":"2022-08-04T01:13:30","modified_gmt":"2022-08-04T04:13:30","slug":"lomas-de-zamora-una-ceremonia-milenaria-se-realizara-en-llavallol","status":"publish","type":"post","link":"https:\/\/www.elsindical.com.ar\/notas\/lomas-de-zamora-una-ceremonia-milenaria-se-realizara-en-llavallol\/","title":{"rendered":"Lomas de Zamora: Una ceremonia milenaria se realizar\u00e1 en Llavallol"},"content":{"rendered":"<div class=\"wp-block-image\">\n<figure class=\"aligncenter size-full is-resized\"><a href=\"https:\/\/www.elsindical.com.ar\/notas\/var\/www\/html\/notas\/wp-content\/uploads\/2022\/08\/Corpachada.png\"><img loading=\"lazy\" decoding=\"async\" src=\"https:\/\/www.elsindical.com.ar\/notas\/var\/www\/html\/notas\/wp-content\/uploads\/2022\/08\/Corpachada.png\" alt=\"\" class=\"wp-image-115582\" width=\"674\" height=\"389\" srcset=\"https:\/\/www.elsindical.com.ar\/notas\/var\/www\/html\/notas\/wp-content\/uploads\/2022\/08\/Corpachada.png 555w, https:\/\/www.elsindical.com.ar\/notas\/var\/www\/html\/notas\/wp-content\/uploads\/2022\/08\/Corpachada-300x173.png 300w, https:\/\/www.elsindical.com.ar\/notas\/var\/www\/html\/notas\/wp-content\/uploads\/2022\/08\/Corpachada-500x288.png 500w, https:\/\/www.elsindical.com.ar\/notas\/var\/www\/html\/notas\/wp-content\/uploads\/2022\/08\/Corpachada-220x126.png 220w\" sizes=\"auto, (max-width: 674px) 100vw, 674px\" \/><\/a><\/figure>\n<\/div>\n\n\n<p>Se trata de la Corpachada y la cita es el s\u00e1bado en la reserva Santa Catalina de Lomas de Zamora.<\/p>\n\n\n\n<p>El 1 de agosto es la fecha en la que se realiza, pero en este caso la convocatoria es para el fin de semana. <strong>Una ceremonia milenaria, de agradecimiento a la Madre Tierra, se llevar\u00e1 a cabo el s\u00e1bado en Llavallol<\/strong>, partido de Lomas de Zamora.<\/p>\n\n\n\n<p>El&nbsp;<strong>1 de agosto es el d\u00eda<\/strong>&nbsp;elegido&nbsp;por&nbsp;los pueblos originarios de Am\u00e9rica Latina para celebrar el&nbsp;<strong>D\u00eda de la Pachamama<\/strong> y es \u00e9ste el d\u00eda en el que se celebra y se agradece a la Madre Tierra. \u00bfDe qu\u00e9 se trata? Se ofrendan alimentos, hojas de coca y m\u00e1s.<\/p>\n\n\n\n<p>El fin de semana, se realizar\u00e1 la <strong>Corpachada <\/strong>en la reserva <strong>Santa Catalina<\/strong>, cuyo ingreso es por la calle Garibaldi. La convocatoria es para el s\u00e1bado a las 12, frente a la estaci\u00f3n ferroviaria ubicada dentro de la reserva. Tambi\u00e9n hay puntos de encuentro en las inmediaciones: a las 11 en Euskadi y Juan XXIII, mientras que a las 11.45 la cita es en Madrid y Merlo.<\/p>\n\n\n\n<p>La indicaci\u00f3n para aquellos que van por primera vez es que utilicen el sendero municipal y que acudan con intenciones de <strong>ofrendar, agradecer, renovar el compromiso por las reservas y fortalecer la participaci\u00f3n para un cambio de paradigma en materia ambiental.<\/strong> \u00bfQu\u00e9 se debe llevar? Alimentos cocidos por la propia persona que har\u00e1 la ofrenda, frutas, mate y bebidas.<\/p>\n","protected":false},"excerpt":{"rendered":"<p>Se trata de la Corpachada y la cita es el s\u00e1bado en la reserva Santa Catalina de Lomas de Zamora. El 1 de agosto es la fecha en la que se realiza, pero en este caso la convocatoria es para el fin de semana. Una ceremonia milenaria, de agradecimiento a la Madre Tierra, se llevar\u00e1&hellip;<\/p>\n","protected":false},"author":1,"featured_media":115582,"comment_status":"open","ping_status":"open","sticky":false,"template":"","format":"standard","meta":{"footnotes":""},"categories":[25],"tags":[37874,2450,21017,744,37873,28332],"class_list":["post-115581","post","type-post","status-publish","format-standard","has-post-thumbnail","hentry","category-sociedad","tag-corpachada","tag-diario-el-sindical","tag-llavallol","tag-lomas-de-zamora","tag-madre-tierra","tag-reserva-santa-catalina"],"_links":{"self":[{"href":"https:\/\/www.elsindical.com.ar\/notas\/wp-json\/wp\/v2\/posts\/115581","targetHints":{"allow":["GET"]}}],"collection":[{"href":"https:\/\/www.elsindical.com.ar\/notas\/wp-json\/wp\/v2\/posts"}],"about":[{"href":"https:\/\/www.elsindical.com.ar\/notas\/wp-json\/wp\/v2\/types\/post"}],"author":[{"embeddable":true,"href":"https:\/\/www.elsindical.com.ar\/notas\/wp-json\/wp\/v2\/users\/1"}],"replies":[{"embeddable":true,"href":"https:\/\/www.elsindical.com.ar\/notas\/wp-json\/wp\/v2\/comments?post=115581"}],"version-history":[{"count":1,"href":"https:\/\/www.elsindical.com.ar\/notas\/wp-json\/wp\/v2\/posts\/115581\/revisions"}],"predecessor-version":[{"id":115583,"href":"https:\/\/www.elsindical.com.ar\/notas\/wp-json\/wp\/v2\/posts\/115581\/revisions\/115583"}],"wp:featuredmedia":[{"embeddable":true,"href":"https:\/\/www.elsindical.com.ar\/notas\/wp-json\/wp\/v2\/media\/115582"}],"wp:attachment":[{"href":"https:\/\/www.elsindical.com.ar\/notas\/wp-json\/wp\/v2\/media?parent=115581"}],"wp:term":[{"taxonomy":"category","embeddable":true,"href":"https:\/\/www.elsindical.com.ar\/notas\/wp-json\/wp\/v2\/categories?post=115581"},{"taxonomy":"post_tag","embeddable":true,"href":"https:\/\/www.elsindical.com.ar\/notas\/wp-json\/wp\/v2\/tags?post=115581"}],"curies":[{"name":"wp","href":"https:\/\/api.w.org\/{rel}","templated":true}]}}