{"id":115578,"date":"2022-08-04T00:45:23","date_gmt":"2022-08-04T03:45:23","guid":{"rendered":"https:\/\/www.elsindical.com.ar\/notas\/?p=115578"},"modified":"2022-08-04T00:45:24","modified_gmt":"2022-08-04T03:45:24","slug":"actividades-de-agosto-en-el-conti","status":"publish","type":"post","link":"https:\/\/www.elsindical.com.ar\/notas\/actividades-de-agosto-en-el-conti\/","title":{"rendered":"Actividades de agosto en El Conti"},"content":{"rendered":"\n<figure class=\"wp-block-image size-full\"><a href=\"http:\/\/conti.derhuman.jus.gov.ar\/index.php?utm_source=Centro+Cultural+de+la+Memoria+Haroldo+Conti&amp;utm_campaign=08d4a82e50-EMAIL_CAMPAIGN_2020_09_11_04_59_COPY_01&amp;utm_medium=email&amp;utm_term=0_07203992fa-08d4a82e50-\"><img loading=\"lazy\" decoding=\"async\" width=\"720\" height=\"300\" src=\"https:\/\/www.elsindical.com.ar\/notas\/var\/www\/html\/notas\/wp-content\/uploads\/2022\/08\/el-Conti-arte-y-memoria.png\" alt=\"\" class=\"wp-image-115579\" srcset=\"https:\/\/www.elsindical.com.ar\/notas\/var\/www\/html\/notas\/wp-content\/uploads\/2022\/08\/el-Conti-arte-y-memoria.png 720w, https:\/\/www.elsindical.com.ar\/notas\/var\/www\/html\/notas\/wp-content\/uploads\/2022\/08\/el-Conti-arte-y-memoria-300x125.png 300w, https:\/\/www.elsindical.com.ar\/notas\/var\/www\/html\/notas\/wp-content\/uploads\/2022\/08\/el-Conti-arte-y-memoria-500x208.png 500w\" sizes=\"auto, (max-width: 720px) 100vw, 720px\" \/><\/a><\/figure>\n\n\n\n<figure class=\"wp-block-table\"><table><tbody><tr><td><\/td><\/tr><tr><td>Agosto en el Conti <strong>Viernes 5 de agosto \/ 17 HS&nbsp;<\/strong> <strong>S\u00e1bado 6 de agosto \/ 17 HS&nbsp;<\/strong> <a rel=\"noreferrer noopener\" target=\"_blank\" href=\"http:\/\/conti.derhuman.jus.gov.ar\/2022\/08\/arqueologias.php?utm_source=Centro+Cultural+de+la+Memoria+Haroldo+Conti&amp;utm_campaign=08d4a82e50-EMAIL_CAMPAIGN_2020_09_11_04_59_COPY_01&amp;utm_medium=email&amp;utm_term=0_07203992fa-08d4a82e50-\"><\/a> <a rel=\"noreferrer noopener\" target=\"_blank\" href=\"http:\/\/conti.derhuman.jus.gov.ar\/2022\/08\/la-opacidad-de-lo-evidente.php?utm_source=Centro+Cultural+de+la+Memoria+Haroldo+Conti&amp;utm_campaign=08d4a82e50-EMAIL_CAMPAIGN_2020_09_11_04_59_COPY_01&amp;utm_medium=email&amp;utm_term=0_07203992fa-08d4a82e50-\"><\/a> Inauguraci\u00f3n de Muestra&nbsp;<br><strong>Arqueolog\u00edas Vivas del Exilio&nbsp; &nbsp;<\/strong><br>Producci\u00f3n general y fotograf\u00edas<br><strong>Jer\u00f3nimo Rivero<\/strong><br>Curador: <strong>Nicol\u00e1s Pousthomis<\/strong><br><br><em><strong>Actividad gratuita<\/strong><\/em> <a rel=\"noreferrer noopener\" target=\"_blank\" href=\"http:\/\/conti.derhuman.jus.gov.ar\/2022\/08\/arqueologias.php?utm_source=Centro+Cultural+de+la+Memoria+Haroldo+Conti&amp;utm_campaign=08d4a82e50-EMAIL_CAMPAIGN_2020_09_11_04_59_COPY_01&amp;utm_medium=email&amp;utm_term=0_07203992fa-08d4a82e50-\">+ info&nbsp;<\/a> Inauguraci\u00f3n de Muestra&nbsp;<br><strong>La opacidad de lo evidente<\/strong><br><strong>Mart\u00edn Di Girolamo<\/strong><br>Curador: Fernando Farina&nbsp;<br><br><em><strong>Actividad gratuita<\/strong><\/em><br><a rel=\"noreferrer noopener\" target=\"_blank\" href=\"http:\/\/conti.derhuman.jus.gov.ar\/2022\/08\/la-opacidad-de-lo-evidente.php?utm_source=Centro+Cultural+de+la+Memoria+Haroldo+Conti&amp;utm_campaign=08d4a82e50-EMAIL_CAMPAIGN_2020_09_11_04_59_COPY_01&amp;utm_medium=email&amp;utm_term=0_07203992fa-08d4a82e50-\">+ info&nbsp;<\/a> <strong>S\u00e1bado 6 de agosto \/ 17 HS&nbsp;<\/strong> <strong>S\u00e1bado 6 de agosto \/ 19 HS&nbsp;<\/strong> <a rel=\"noreferrer noopener\" target=\"_blank\" href=\"http:\/\/conti.derhuman.jus.gov.ar\/2022\/08\/familiarizarse.php?utm_source=Centro+Cultural+de+la+Memoria+Haroldo+Conti&amp;utm_campaign=08d4a82e50-EMAIL_CAMPAIGN_2020_09_11_04_59_COPY_01&amp;utm_medium=email&amp;utm_term=0_07203992fa-08d4a82e50-\"><\/a> <a rel=\"noreferrer noopener\" target=\"_blank\" href=\"http:\/\/conti.derhuman.jus.gov.ar\/2022\/08\/poesia-terraza65.php?utm_source=Centro+Cultural+de+la+Memoria+Haroldo+Conti&amp;utm_campaign=08d4a82e50-EMAIL_CAMPAIGN_2020_09_11_04_59_COPY_01&amp;utm_medium=email&amp;utm_term=0_07203992fa-08d4a82e50-\"><\/a> Inauguraci\u00f3n de Muestra&nbsp;<br><strong>Familiarizarse<\/strong><br>Modos de ser familia<br>Fotograf\u00edas:&nbsp;<strong>Oriana Eli\u00e7abe<\/strong><br>Curadora: Gisela Vol\u00e1<br><br><em><strong>Actividad gratuita<\/strong><\/em><br><a rel=\"noreferrer noopener\" target=\"_blank\" href=\"http:\/\/conti.derhuman.jus.gov.ar\/2022\/08\/familiarizarse.php?utm_source=Centro+Cultural+de+la+Memoria+Haroldo+Conti&amp;utm_campaign=08d4a82e50-EMAIL_CAMPAIGN_2020_09_11_04_59_COPY_01&amp;utm_medium=email&amp;utm_term=0_07203992fa-08d4a82e50-\">+ <\/a><a rel=\"noreferrer noopener\" target=\"_blank\" href=\"http:\/\/conti.derhuman.jus.gov.ar\/2022\/08\/familiarizarse.php?utm_source=Centro+Cultural+de+la+Memoria+Haroldo+Conti&amp;utm_campaign=08d4a82e50-EMAIL_CAMPAIGN_2020_09_11_04_59_COPY_01&amp;utm_medium=email&amp;utm_term=0_07203992fa-08d4a82e50-\">info&nbsp;<\/a> Ciclo de lecturas<br><strong>Poes\u00eda en la terraza #65<\/strong><br>Donde acaba la mente<br>Leen:&nbsp;<strong>Gabriela Yocco, Sabrina Usach, Mario Arteca, Ferm\u00edn Vilela<\/strong> y<strong> Mercedes Roff\u00e9<\/strong><br><em><strong>Actividad gratuita<\/strong><\/em><br><a rel=\"noreferrer noopener\" target=\"_blank\" href=\"http:\/\/conti.derhuman.jus.gov.ar\/2022\/08\/poesia-terraza65.php?utm_source=Centro+Cultural+de+la+Memoria+Haroldo+Conti&amp;utm_campaign=08d4a82e50-EMAIL_CAMPAIGN_2020_09_11_04_59_COPY_01&amp;utm_medium=email&amp;utm_term=0_07203992fa-08d4a82e50-\">+ info&nbsp;<\/a> Ciclo de Cine<br>Familiar fant\u00e1stico <strong>Domingo 7 de agosto \/ 18 HS&nbsp;<\/strong> <strong>Domingo 21 de agosto \/ 18 HS&nbsp;<\/strong> <a rel=\"noreferrer noopener\" target=\"_blank\" href=\"http:\/\/conti.derhuman.jus.gov.ar\/2022\/08\/familiar-fantastico.php?utm_source=Centro+Cultural+de+la+Memoria+Haroldo+Conti&amp;utm_campaign=08d4a82e50-EMAIL_CAMPAIGN_2020_09_11_04_59_COPY_01&amp;utm_medium=email&amp;utm_term=0_07203992fa-08d4a82e50-\"><\/a> <a rel=\"noreferrer noopener\" target=\"_blank\" href=\"http:\/\/conti.derhuman.jus.gov.ar\/2022\/08\/familiar-fantastico.php?utm_source=Centro+Cultural+de+la+Memoria+Haroldo+Conti&amp;utm_campaign=08d4a82e50-EMAIL_CAMPAIGN_2020_09_11_04_59_COPY_01&amp;utm_medium=email&amp;utm_term=0_07203992fa-08d4a82e50-\"><\/a> <strong>Jes\u00fas L\u00f3pez<\/strong><br>Direcci\u00f3n:&nbsp;<strong>Maximiliano Schonfeld<\/strong><br><em>Con la presencia del director<\/em><br>Argentina, 2021, 87&#8242;<br><em><strong>Actividad gratuita<\/strong><\/em><br><a rel=\"noreferrer noopener\" target=\"_blank\" href=\"http:\/\/conti.derhuman.jus.gov.ar\/2022\/08\/familiar-fantastico.php?utm_source=Centro+Cultural+de+la+Memoria+Haroldo+Conti&amp;utm_campaign=08d4a82e50-EMAIL_CAMPAIGN_2020_09_11_04_59_COPY_01&amp;utm_medium=email&amp;utm_term=0_07203992fa-08d4a82e50-#jesus\">+ <\/a><a rel=\"noreferrer noopener\" target=\"_blank\" href=\"http:\/\/conti.derhuman.jus.gov.ar\/2022\/08\/familiar-fantastico.php?utm_source=Centro+Cultural+de+la+Memoria+Haroldo+Conti&amp;utm_campaign=08d4a82e50-EMAIL_CAMPAIGN_2020_09_11_04_59_COPY_01&amp;utm_medium=email&amp;utm_term=0_07203992fa-08d4a82e50-#jesus\">info&nbsp;<\/a> <strong>Nuestros d\u00edas m\u00e1s felices<\/strong><br>Direcci\u00f3n:&nbsp;<strong>Sol Berruezo Pichon-Rivi\u00e8re<\/strong><br><em>Con la presencia de la directora<\/em><br>Argentina, 2021, 100&#8242;<br><em><strong>Actividad gratuita<\/strong><\/em><br><a rel=\"noreferrer noopener\" target=\"_blank\" href=\"http:\/\/conti.derhuman.jus.gov.ar\/2022\/08\/familiar-fantastico.php?utm_source=Centro+Cultural+de+la+Memoria+Haroldo+Conti&amp;utm_campaign=08d4a82e50-EMAIL_CAMPAIGN_2020_09_11_04_59_COPY_01&amp;utm_medium=email&amp;utm_term=0_07203992fa-08d4a82e50-#ndmf\">+ info&nbsp;<\/a> <a rel=\"noreferrer noopener\" target=\"_blank\" href=\"http:\/\/conti.derhuman.jus.gov.ar\/index.php?utm_source=Centro+Cultural+de+la+Memoria+Haroldo+Conti&amp;utm_campaign=08d4a82e50-EMAIL_CAMPAIGN_2020_09_11_04_59_COPY_01&amp;utm_medium=email&amp;utm_term=0_07203992fa-08d4a82e50-\">AGENDA AGOSTO<\/a> <strong>Convocatorias<\/strong> <a rel=\"noreferrer noopener\" target=\"_blank\" href=\"http:\/\/conti.derhuman.jus.gov.ar\/2022\/07\/clinicas-conti.php?utm_source=Centro+Cultural+de+la+Memoria+Haroldo+Conti&amp;utm_campaign=08d4a82e50-EMAIL_CAMPAIGN_2020_09_11_04_59_COPY_01&amp;utm_medium=email&amp;utm_term=0_07203992fa-08d4a82e50-\"><\/a> <a rel=\"noreferrer noopener\" target=\"_blank\" href=\"http:\/\/conti.derhuman.jus.gov.ar\/2022\/07\/clinicas-conti.php?utm_source=Centro+Cultural+de+la+Memoria+Haroldo+Conti&amp;utm_campaign=08d4a82e50-EMAIL_CAMPAIGN_2020_09_11_04_59_COPY_01&amp;utm_medium=email&amp;utm_term=0_07203992fa-08d4a82e50-\">+ info<\/a> <a rel=\"noreferrer noopener\" target=\"_blank\" href=\"http:\/\/conti.derhuman.jus.gov.ar\/2022\/07\/clinicas-conti-artesvisuales.php?utm_source=Centro+Cultural+de+la+Memoria+Haroldo+Conti&amp;utm_campaign=08d4a82e50-EMAIL_CAMPAIGN_2020_09_11_04_59_COPY_01&amp;utm_medium=email&amp;utm_term=0_07203992fa-08d4a82e50-\"><\/a> <a rel=\"noreferrer noopener\" target=\"_blank\" href=\"http:\/\/conti.derhuman.jus.gov.ar\/2022\/07\/clinicas-conti-artesvisuales.php?utm_source=Centro+Cultural+de+la+Memoria+Haroldo+Conti&amp;utm_campaign=08d4a82e50-EMAIL_CAMPAIGN_2020_09_11_04_59_COPY_01&amp;utm_medium=email&amp;utm_term=0_07203992fa-08d4a82e50-\">+ info<\/a> <a rel=\"noreferrer noopener\" target=\"_blank\" href=\"http:\/\/conti.derhuman.jus.gov.ar\/2022\/07\/clinicas-conti-musica.php?utm_source=Centro+Cultural+de+la+Memoria+Haroldo+Conti&amp;utm_campaign=08d4a82e50-EMAIL_CAMPAIGN_2020_09_11_04_59_COPY_01&amp;utm_medium=email&amp;utm_term=0_07203992fa-08d4a82e50-\"><\/a> <a rel=\"noreferrer noopener\" target=\"_blank\" href=\"http:\/\/conti.derhuman.jus.gov.ar\/2022\/07\/clinicas-conti-musica.php?utm_source=Centro+Cultural+de+la+Memoria+Haroldo+Conti&amp;utm_campaign=08d4a82e50-EMAIL_CAMPAIGN_2020_09_11_04_59_COPY_01&amp;utm_medium=email&amp;utm_term=0_07203992fa-08d4a82e50-\">+ info<\/a> <a rel=\"noreferrer noopener\" target=\"_blank\" href=\"http:\/\/conti.derhuman.jus.gov.ar\/2022\/07\/clinicas-conti-literatura.php?utm_source=Centro+Cultural+de+la+Memoria+Haroldo+Conti&amp;utm_campaign=08d4a82e50-EMAIL_CAMPAIGN_2020_09_11_04_59_COPY_01&amp;utm_medium=email&amp;utm_term=0_07203992fa-08d4a82e50-\"><\/a> <a rel=\"noreferrer noopener\" target=\"_blank\" href=\"http:\/\/conti.derhuman.jus.gov.ar\/2022\/07\/clinicas-conti-literatura.php?utm_source=Centro+Cultural+de+la+Memoria+Haroldo+Conti&amp;utm_campaign=08d4a82e50-EMAIL_CAMPAIGN_2020_09_11_04_59_COPY_01&amp;utm_medium=email&amp;utm_term=0_07203992fa-08d4a82e50-\">+ info<\/a> <strong>Actividades para escuelas&nbsp;<\/strong> <a rel=\"noreferrer noopener\" target=\"_blank\" href=\"http:\/\/conti.derhuman.jus.gov.ar\/2022\/04\/espinoffera-general.php?utm_source=Centro+Cultural+de+la+Memoria+Haroldo+Conti&amp;utm_campaign=08d4a82e50-EMAIL_CAMPAIGN_2020_09_11_04_59_COPY_01&amp;utm_medium=email&amp;utm_term=0_07203992fa-08d4a82e50-#agosto\"><\/a> <a rel=\"noreferrer noopener\" target=\"_blank\" href=\"http:\/\/conti.derhuman.jus.gov.ar\/2022\/08\/opacidad-explicito-educacion.php?utm_source=Centro+Cultural+de+la+Memoria+Haroldo+Conti&amp;utm_campaign=08d4a82e50-EMAIL_CAMPAIGN_2020_09_11_04_59_COPY_01&amp;utm_medium=email&amp;utm_term=0_07203992fa-08d4a82e50-\"><\/a> Talleres para escuelas primarias<br>Cap\u00edtulo I: Oesterheld<br>Agosto &#8211; Septiembre<br><a rel=\"noreferrer noopener\" target=\"_blank\" href=\"http:\/\/conti.derhuman.jus.gov.ar\/2022\/04\/espinoffera-general.php?utm_source=Centro+Cultural+de+la+Memoria+Haroldo+Conti&amp;utm_campaign=08d4a82e50-EMAIL_CAMPAIGN_2020_09_11_04_59_COPY_01&amp;utm_medium=email&amp;utm_term=0_07203992fa-08d4a82e50-#agosto\">+ info&nbsp;<\/a> Recorridos para escuelas secundarias<br>La opacidad de lo expl\u00edcito<br>Agosto &#8211; Octubre<br><a rel=\"noreferrer noopener\" target=\"_blank\" href=\"http:\/\/conti.derhuman.jus.gov.ar\/2022\/08\/opacidad-explicito-educacion.php?utm_source=Centro+Cultural+de+la+Memoria+Haroldo+Conti&amp;utm_campaign=08d4a82e50-EMAIL_CAMPAIGN_2020_09_11_04_59_COPY_01&amp;utm_medium=email&amp;utm_term=0_07203992fa-08d4a82e50-\">+ info&nbsp;<\/a> <a rel=\"noreferrer noopener\" target=\"_blank\" href=\"http:\/\/conti.derhuman.jus.gov.ar\/2022\/08\/lado-b-familiarizarse.php?utm_source=Centro+Cultural+de+la+Memoria+Haroldo+Conti&amp;utm_campaign=08d4a82e50-EMAIL_CAMPAIGN_2020_09_11_04_59_COPY_01&amp;utm_medium=email&amp;utm_term=0_07203992fa-08d4a82e50-\"><\/a> <a rel=\"noreferrer noopener\" target=\"_blank\" href=\"http:\/\/conti.derhuman.jus.gov.ar\/2022\/08\/lado-b-digirolamo.php?utm_source=Centro+Cultural+de+la+Memoria+Haroldo+Conti&amp;utm_campaign=08d4a82e50-EMAIL_CAMPAIGN_2020_09_11_04_59_COPY_01&amp;utm_medium=email&amp;utm_term=0_07203992fa-08d4a82e50-\"><\/a> Ciclo para escuelas secundarias<br><strong>Lado B<\/strong><br>Recorrido con la fot\u00f3grafa <strong>Oriana Eli\u00e7abe<\/strong><br>Viernes 12 de agosto \/ 10.30 HS<br><a rel=\"noreferrer noopener\" target=\"_blank\" href=\"http:\/\/conti.derhuman.jus.gov.ar\/2022\/08\/lado-b-familiarizarse.php?utm_source=Centro+Cultural+de+la+Memoria+Haroldo+Conti&amp;utm_campaign=08d4a82e50-EMAIL_CAMPAIGN_2020_09_11_04_59_COPY_01&amp;utm_medium=email&amp;utm_term=0_07203992fa-08d4a82e50-\">+ info&nbsp;<\/a> Ciclo para escuelas secundarias<br><strong>Lado B<\/strong><br>Recorrido con el artista visual <strong>Mart\u00edn Di Girolamo&nbsp;<\/strong><br>Viernes 15 de septiembre \/ 10.30 HS<br><a rel=\"noreferrer noopener\" target=\"_blank\" href=\"http:\/\/conti.derhuman.jus.gov.ar\/2022\/08\/lado-b-digirolamo.php?utm_source=Centro+Cultural+de+la+Memoria+Haroldo+Conti&amp;utm_campaign=08d4a82e50-EMAIL_CAMPAIGN_2020_09_11_04_59_COPY_01&amp;utm_medium=email&amp;utm_term=0_07203992fa-08d4a82e50-\">+ info&nbsp;<\/a> <a rel=\"noreferrer noopener\" target=\"_blank\" href=\"https:\/\/revistaharoldo.com.ar\/?utm_source=Centro+Cultural+de+la+Memoria+Haroldo+Conti&amp;utm_campaign=08d4a82e50-EMAIL_CAMPAIGN_2020_09_11_04_59_COPY_01&amp;utm_medium=email&amp;utm_term=0_07203992fa-08d4a82e50-\"><\/a> <a rel=\"noreferrer noopener\" target=\"_blank\" href=\"https:\/\/revistaharoldo.com.ar\/nota.php?id=752&amp;utm_source=Centro+Cultural+de+la+Memoria+Haroldo+Conti&amp;utm_campaign=08d4a82e50-EMAIL_CAMPAIGN_2020_09_11_04_59_COPY_01&amp;utm_medium=email&amp;utm_term=0_07203992fa-08d4a82e50-\"><\/a> <a rel=\"noreferrer noopener\" target=\"_blank\" href=\"https:\/\/revistaharoldo.com.ar\/nota.php?id=751&amp;utm_source=Centro+Cultural+de+la+Memoria+Haroldo+Conti&amp;utm_campaign=08d4a82e50-EMAIL_CAMPAIGN_2020_09_11_04_59_COPY_01&amp;utm_medium=email&amp;utm_term=0_07203992fa-08d4a82e50-\"><\/a> <a rel=\"noreferrer noopener\" target=\"_blank\" href=\"https:\/\/revistaharoldo.com.ar\/?utm_source=Centro+Cultural+de+la+Memoria+Haroldo+Conti&amp;utm_campaign=08d4a82e50-EMAIL_CAMPAIGN_2020_09_11_04_59_COPY_01&amp;utm_medium=email&amp;utm_term=0_07203992fa-08d4a82e50-\">+ notas<\/a> <a rel=\"noreferrer noopener\" target=\"_blank\" href=\"https:\/\/revistaharoldo.com.ar\/seccion.php?dossier=horacio-gonzalez&amp;utm_source=Centro+Cultural+de+la+Memoria+Haroldo+Conti&amp;utm_campaign=08d4a82e50-EMAIL_CAMPAIGN_2020_09_11_04_59_COPY_01&amp;utm_medium=email&amp;utm_term=0_07203992fa-08d4a82e50-\"><\/a> Dossier<br><a rel=\"noreferrer noopener\" target=\"_blank\" href=\"https:\/\/revistaharoldo.com.ar\/seccion.php?dossier=horacio-gonzalez&amp;utm_source=Centro+Cultural+de+la+Memoria+Haroldo+Conti&amp;utm_campaign=08d4a82e50-EMAIL_CAMPAIGN_2020_09_11_04_59_COPY_01&amp;utm_medium=email&amp;utm_term=0_07203992fa-08d4a82e50-\">Las memorias de G\u00f3nzalez<\/a><br>&nbsp; <a rel=\"noreferrer noopener\" target=\"_blank\" href=\"https:\/\/www.youtube.com\/channel\/UC4_r6Smco6vAekyN6LD7HAQ?sub_confirmation=1&amp;utm_source=Centro+Cultural+de+la+Memoria+Haroldo+Conti&amp;utm_campaign=08d4a82e50-EMAIL_CAMPAIGN_2020_09_11_04_59_COPY_01&amp;utm_medium=email&amp;utm_term=0_07203992fa-08d4a82e50-\"><\/a> <strong>Suscribite a nuestro <a rel=\"noreferrer noopener\" target=\"_blank\" href=\"https:\/\/www.youtube.com\/channel\/UC4_r6Smco6vAekyN6LD7HAQ?sub_confirmation=1&amp;utm_source=Centro+Cultural+de+la+Memoria+Haroldo+Conti&amp;utm_campaign=08d4a82e50-EMAIL_CAMPAIGN_2020_09_11_04_59_COPY_01&amp;utm_medium=email&amp;utm_term=0_07203992fa-08d4a82e50-\">canal de YouTube<\/a> para disfrutar de la programaci\u00f3n del Conti desde casa.<\/strong><\/td><\/tr><tr><td><a rel=\"noreferrer noopener\" target=\"_blank\" href=\"http:\/\/www.youtube.com\/CCMHaroldoConti?utm_source=Centro+Cultural+de+la+Memoria+Haroldo+Conti&amp;utm_campaign=08d4a82e50-EMAIL_CAMPAIGN_2020_09_11_04_59_COPY_01&amp;utm_medium=email&amp;utm_term=0_07203992fa-08d4a82e50-\"><\/a> <a rel=\"noreferrer noopener\" target=\"_blank\" href=\"http:\/\/instagram.com\/centroculturalconti?utm_source=Centro+Cultural+de+la+Memoria+Haroldo+Conti&amp;utm_campaign=08d4a82e50-EMAIL_CAMPAIGN_2020_09_11_04_59_COPY_01&amp;utm_medium=email&amp;utm_term=0_07203992fa-08d4a82e50-\"><\/a> <a rel=\"noreferrer noopener\" target=\"_blank\" href=\"http:\/\/www.facebook.com\/centroculturalconti?utm_source=Centro+Cultural+de+la+Memoria+Haroldo+Conti&amp;utm_campaign=08d4a82e50-EMAIL_CAMPAIGN_2020_09_11_04_59_COPY_01&amp;utm_medium=email&amp;utm_term=0_07203992fa-08d4a82e50-\"><\/a> <a rel=\"noreferrer noopener\" target=\"_blank\" href=\"http:\/\/www.twitter.com\/ccmhconti?utm_source=Centro+Cultural+de+la+Memoria+Haroldo+Conti&amp;utm_campaign=08d4a82e50-EMAIL_CAMPAIGN_2020_09_11_04_59_COPY_01&amp;utm_medium=email&amp;utm_term=0_07203992fa-08d4a82e50-\"><\/a> <strong>#ElConti<\/strong><br><strong>Centro Cultural de la Memoria Haroldo Conti<\/strong><br>Av. Del Libertador 8151 &#8211; Espacio Memoria y Derechos Humanos (ex ESMA)<br><a rel=\"noreferrer noopener\" target=\"_blank\" href=\"http:\/\/www.centroculturalconti.jus.gob.ar?utm_source=Centro+Cultural+de+la+Memoria+Haroldo+Conti&amp;utm_campaign=08d4a82e50-EMAIL_CAMPAIGN_2020_09_11_04_59_COPY_01&amp;utm_medium=email&amp;utm_term=0_07203992fa-08d4a82e50-\">www.centroculturalconti.jus.gob.ar<\/a><br><a rel=\"noreferrer noopener\" target=\"_blank\" href=\"http:\/\/www.centroculturalconti.jus.gob.ar?utm_source=Centro+Cultural+de+la+Memoria+Haroldo+Conti&amp;utm_campaign=08d4a82e50-EMAIL_CAMPAIGN_2020_09_11_04_59_COPY_01&amp;utm_medium=email&amp;utm_term=0_07203992fa-08d4a82e50-\"><\/a> <a rel=\"noreferrer noopener\" target=\"_blank\" href=\"http:\/\/www.centroculturalconti.jus.gob.ar?utm_source=Centro+Cultural+de+la+Memoria+Haroldo+Conti&amp;utm_campaign=08d4a82e50-EMAIL_CAMPAIGN_2020_09_11_04_59_COPY_01&amp;utm_medium=email&amp;utm_term=0_07203992fa-08d4a82e50-\"><\/a><\/td><\/tr><\/tbody><\/table><\/figure>\n","protected":false},"excerpt":{"rendered":"<p>Agosto en el Conti Viernes 5 de agosto \/ 17 HS&nbsp; S\u00e1bado 6 de agosto \/ 17 HS&nbsp; Inauguraci\u00f3n de Muestra&nbsp;Arqueolog\u00edas Vivas del Exilio&nbsp; &nbsp;Producci\u00f3n general y fotograf\u00edasJer\u00f3nimo RiveroCurador: Nicol\u00e1s Pousthomis Actividad gratuita + info&nbsp; Inauguraci\u00f3n de Muestra&nbsp;La opacidad de lo evidenteMart\u00edn Di GirolamoCurador: Fernando Farina&nbsp; Actividad gratuita+ info&nbsp; S\u00e1bado 6 de agosto \/ 17&hellip;<\/p>\n","protected":false},"author":1,"featured_media":115579,"comment_status":"open","ping_status":"open","sticky":false,"template":"","format":"standard","meta":{"footnotes":""},"categories":[8],"tags":[2906,21984,1765,2450,37872],"class_list":["post-115578","post","type-post","status-publish","format-standard","has-post-thumbnail","hentry","category-derechos-humanos","tag-actividades","tag-agosto","tag-ddhh","tag-diario-el-sindical","tag-el-conti"],"_links":{"self":[{"href":"https:\/\/www.elsindical.com.ar\/notas\/wp-json\/wp\/v2\/posts\/115578","targetHints":{"allow":["GET"]}}],"collection":[{"href":"https:\/\/www.elsindical.com.ar\/notas\/wp-json\/wp\/v2\/posts"}],"about":[{"href":"https:\/\/www.elsindical.com.ar\/notas\/wp-json\/wp\/v2\/types\/post"}],"author":[{"embeddable":true,"href":"https:\/\/www.elsindical.com.ar\/notas\/wp-json\/wp\/v2\/users\/1"}],"replies":[{"embeddable":true,"href":"https:\/\/www.elsindical.com.ar\/notas\/wp-json\/wp\/v2\/comments?post=115578"}],"version-history":[{"count":1,"href":"https:\/\/www.elsindical.com.ar\/notas\/wp-json\/wp\/v2\/posts\/115578\/revisions"}],"predecessor-version":[{"id":115580,"href":"https:\/\/www.elsindical.com.ar\/notas\/wp-json\/wp\/v2\/posts\/115578\/revisions\/115580"}],"wp:featuredmedia":[{"embeddable":true,"href":"https:\/\/www.elsindical.com.ar\/notas\/wp-json\/wp\/v2\/media\/115579"}],"wp:attachment":[{"href":"https:\/\/www.elsindical.com.ar\/notas\/wp-json\/wp\/v2\/media?parent=115578"}],"wp:term":[{"taxonomy":"category","embeddable":true,"href":"https:\/\/www.elsindical.com.ar\/notas\/wp-json\/wp\/v2\/categories?post=115578"},{"taxonomy":"post_tag","embeddable":true,"href":"https:\/\/www.elsindical.com.ar\/notas\/wp-json\/wp\/v2\/tags?post=115578"}],"curies":[{"name":"wp","href":"https:\/\/api.w.org\/{rel}","templated":true}]}}