{"id":115537,"date":"2022-08-03T00:26:34","date_gmt":"2022-08-03T03:26:34","guid":{"rendered":"https:\/\/www.elsindical.com.ar\/notas\/?p=115537"},"modified":"2022-08-03T00:26:35","modified_gmt":"2022-08-03T03:26:35","slug":"la-persecucion-judicial-contra-la-vicepresidenta-cristina-fernandez-es-una-muestra-evidente-de-que-el-lawfare-esta-mas-vivo-que-nunca-en-nuestro-pais","status":"publish","type":"post","link":"https:\/\/www.elsindical.com.ar\/notas\/la-persecucion-judicial-contra-la-vicepresidenta-cristina-fernandez-es-una-muestra-evidente-de-que-el-lawfare-esta-mas-vivo-que-nunca-en-nuestro-pais\/","title":{"rendered":"La persecuci\u00f3n judicial contra la vicepresidenta Cristina Fern\u00e1ndez es una  muestra evidente de que el Lawfare est\u00e1 m\u00e1s vivo que nunca en nuestro  pa\u00eds"},"content":{"rendered":"<div class=\"wp-block-image\">\n<figure class=\"aligncenter size-full\"><a href=\"https:\/\/www.elsindical.com.ar\/notas\/var\/www\/html\/notas\/wp-content\/uploads\/2022\/08\/Comodoro-Py-tribunales.jpg\"><img loading=\"lazy\" decoding=\"async\" width=\"680\" height=\"446\" src=\"https:\/\/www.elsindical.com.ar\/notas\/var\/www\/html\/notas\/wp-content\/uploads\/2022\/08\/Comodoro-Py-tribunales.jpg\" alt=\"\" class=\"wp-image-115538\" srcset=\"https:\/\/www.elsindical.com.ar\/notas\/var\/www\/html\/notas\/wp-content\/uploads\/2022\/08\/Comodoro-Py-tribunales.jpg 680w, https:\/\/www.elsindical.com.ar\/notas\/var\/www\/html\/notas\/wp-content\/uploads\/2022\/08\/Comodoro-Py-tribunales-300x197.jpg 300w, https:\/\/www.elsindical.com.ar\/notas\/var\/www\/html\/notas\/wp-content\/uploads\/2022\/08\/Comodoro-Py-tribunales-457x300.jpg 457w\" sizes=\"auto, (max-width: 680px) 100vw, 680px\" \/><\/a><\/figure>\n<\/div>\n\n\n<p><em>La Secretar\u00eda de Derechos Humanos de la Naci\u00f3n ve con suma preocupaci\u00f3n el avance de la persecuci\u00f3n judicial contra la vicepresidenta Cristina Fern\u00e1ndez de Kirchner porque deja en evidencia que el Lawfare en nuestro pa\u00eds est\u00e1 m\u00e1s vivo que nunca.\u00a0<\/em><\/p>\n\n\n\n<p>Desde el inicio de la nueva gesti\u00f3n, en diciembre de 2019, la Secretar\u00eda de Derechos Humanos viene advirtiendo que el lawfare o \u00abguerra jur\u00eddica\u00bb constituye una pr\u00e1ctica violatoria de los derechos humanos que opera como condicionante de los procesos electorales, de la agenda pol\u00edtica y de la opini\u00f3n p\u00fablica. Como organismo p\u00fablico a cargo de la elaboraci\u00f3n, ejecuci\u00f3n y seguimiento de las pol\u00edticas p\u00fablicas de alcance nacional para garantizar la vigencia de los derechos humanos y el cumplimiento de los compromisos internacionales del Estado argentino en la materia, la Secretar\u00eda de Derechos Humanos tiene la responsabilidad de investigar, analizar y dar a conocer los actos en los cuales las autoridades estatales pueden ser responsables de vulnerar derechos. La pr\u00e1ctica del Lawfare, impulsada por sectores del Poder Judicial, la oposici\u00f3n pol\u00edtica y sectores concentrados del poder econ\u00f3mico y medi\u00e1tico es un claro ejemplo en ese sentido.\u00a0<br><br>El Lawfare es una pr\u00e1ctica violatoria de derechos humanos, en primer lugar, en tanto avasalla derechos fundamentales de las v\u00edctimas directas que son objeto de su accionar (dirigentes pol\u00edticos\/as, ex funcionarios\/as p\u00fablicos\/as y referentes de organizaciones sociales y sindicales). En segundo lugar, porque habilita el dise\u00f1o e implementaci\u00f3n de pol\u00edticas p\u00fablicas con un claro sesgo regresivo en materia de derechos humanos (especialmente del conjunto de derechos econ\u00f3micos, sociales y culturales), que tienen profundo impacto en la sociedad como conjunto.<br><br>En este sentido, es claro que en estas causas judiciales, como las que enfrenta la ex presidenta, bajo la excusa de la investigaci\u00f3n y sanci\u00f3n de hechos de corrupci\u00f3n, se violan garant\u00edas fundamentales del Estado de Derecho: se desconocen garant\u00edas b\u00e1sicas del debido proceso como la presunci\u00f3n de inocencia, el derecho de defensa y el principio de objetividad que debe guiar la actuaci\u00f3n del Ministerio P\u00fablico Fiscal, por ejemplo. Adem\u00e1s, es palmario que estas causas penales se impulsan \u00fanicamente en contra de referentes pol\u00edticos que representan a sectores populares, mientras se mantiene en la impunidad a sectores poderosos, que han permitido o avalado el endeudamiento criminal que ha condicionado al pa\u00eds y generado pobreza e indigencia en la poblaci\u00f3n.\u00a0<br><br>El Lawfare es una pr\u00e1ctica antirrepublicana. Por eso, lejos de inmiscuirnos en asuntos del Poder Judicial, como Secretar\u00eda de Derechos Humanos hacemos un llamamiento a favor de la independencia judicial y la democracia. La Secretar\u00eda de Derechos Humanos lamenta profundamente que esta situaci\u00f3n est\u00e9 siendo avalada por la Corte Suprema de Justicia de la Naci\u00f3n que, como m\u00e1xima autoridad de un poder del Estado, deber\u00eda intervenir para restablecer la legitimidad del servicio de Justicia y, en definitiva, el Estado de Derecho en nuestro pa\u00eds.\u00a0<br><br>Por este motivo, seguiremos dialogando con los organismos internacionales de protecci\u00f3n de derechos humanos, mantendremos una invitaci\u00f3n abierta para que realicen un escrutinio exhaustivo sobre estos procesos judiciales irregulares, y continuaremos utilizando todas las instancias disponibles, aportando toda la informaci\u00f3n necesaria.<\/p>\n","protected":false},"excerpt":{"rendered":"<p>La Secretar\u00eda de Derechos Humanos de la Naci\u00f3n ve con suma preocupaci\u00f3n el avance de la persecuci\u00f3n judicial contra la vicepresidenta Cristina Fern\u00e1ndez de Kirchner porque deja en evidencia que el Lawfare en nuestro pa\u00eds est\u00e1 m\u00e1s vivo que nunca.\u00a0 Desde el inicio de la nueva gesti\u00f3n, en diciembre de 2019, la Secretar\u00eda de Derechos&hellip;<\/p>\n","protected":false},"author":1,"featured_media":115538,"comment_status":"open","ping_status":"open","sticky":false,"template":"","format":"standard","meta":{"footnotes":""},"categories":[6,8],"tags":[1205,175,2450,34013,22025,37866],"class_list":["post-115537","post","type-post","status-publish","format-standard","has-post-thumbnail","hentry","category-denuncias","category-derechos-humanos","tag-cristina-fernandez-de-kirchner","tag-denuncia","tag-diario-el-sindical","tag-lawfare","tag-politica","tag-sdhh"],"_links":{"self":[{"href":"https:\/\/www.elsindical.com.ar\/notas\/wp-json\/wp\/v2\/posts\/115537","targetHints":{"allow":["GET"]}}],"collection":[{"href":"https:\/\/www.elsindical.com.ar\/notas\/wp-json\/wp\/v2\/posts"}],"about":[{"href":"https:\/\/www.elsindical.com.ar\/notas\/wp-json\/wp\/v2\/types\/post"}],"author":[{"embeddable":true,"href":"https:\/\/www.elsindical.com.ar\/notas\/wp-json\/wp\/v2\/users\/1"}],"replies":[{"embeddable":true,"href":"https:\/\/www.elsindical.com.ar\/notas\/wp-json\/wp\/v2\/comments?post=115537"}],"version-history":[{"count":1,"href":"https:\/\/www.elsindical.com.ar\/notas\/wp-json\/wp\/v2\/posts\/115537\/revisions"}],"predecessor-version":[{"id":115539,"href":"https:\/\/www.elsindical.com.ar\/notas\/wp-json\/wp\/v2\/posts\/115537\/revisions\/115539"}],"wp:featuredmedia":[{"embeddable":true,"href":"https:\/\/www.elsindical.com.ar\/notas\/wp-json\/wp\/v2\/media\/115538"}],"wp:attachment":[{"href":"https:\/\/www.elsindical.com.ar\/notas\/wp-json\/wp\/v2\/media?parent=115537"}],"wp:term":[{"taxonomy":"category","embeddable":true,"href":"https:\/\/www.elsindical.com.ar\/notas\/wp-json\/wp\/v2\/categories?post=115537"},{"taxonomy":"post_tag","embeddable":true,"href":"https:\/\/www.elsindical.com.ar\/notas\/wp-json\/wp\/v2\/tags?post=115537"}],"curies":[{"name":"wp","href":"https:\/\/api.w.org\/{rel}","templated":true}]}}