{"id":115467,"date":"2022-07-30T16:32:05","date_gmt":"2022-07-30T19:32:05","guid":{"rendered":"https:\/\/www.elsindical.com.ar\/notas\/?p=115467"},"modified":"2022-07-30T16:32:34","modified_gmt":"2022-07-30T19:32:34","slug":"avellaneda-los-concejales-oficialistas-deberian-ser-denunciados-penalmente-por-avalar-el-maltrato-animal-y-el-trabajo-infantil","status":"publish","type":"post","link":"https:\/\/www.elsindical.com.ar\/notas\/avellaneda-los-concejales-oficialistas-deberian-ser-denunciados-penalmente-por-avalar-el-maltrato-animal-y-el-trabajo-infantil\/","title":{"rendered":"Avellaneda: Los concejales oficialistas deber\u00edan ser denunciados penalmente por avalar el maltrato animal y el trabajo infantil"},"content":{"rendered":"<div class=\"wp-block-image\">\n<figure class=\"aligncenter size-full\"><a href=\"https:\/\/www.elsindical.com.ar\/notas\/var\/www\/html\/notas\/wp-content\/uploads\/2022\/07\/HCD-Avellaneda-2022.jpg\"><img loading=\"lazy\" decoding=\"async\" width=\"880\" height=\"512\" src=\"https:\/\/www.elsindical.com.ar\/notas\/var\/www\/html\/notas\/wp-content\/uploads\/2022\/07\/HCD-Avellaneda-2022.jpg\" alt=\"\" class=\"wp-image-115468\" srcset=\"https:\/\/www.elsindical.com.ar\/notas\/var\/www\/html\/notas\/wp-content\/uploads\/2022\/07\/HCD-Avellaneda-2022.jpg 880w, https:\/\/www.elsindical.com.ar\/notas\/var\/www\/html\/notas\/wp-content\/uploads\/2022\/07\/HCD-Avellaneda-2022-300x175.jpg 300w, https:\/\/www.elsindical.com.ar\/notas\/var\/www\/html\/notas\/wp-content\/uploads\/2022\/07\/HCD-Avellaneda-2022-768x447.jpg 768w, https:\/\/www.elsindical.com.ar\/notas\/var\/www\/html\/notas\/wp-content\/uploads\/2022\/07\/HCD-Avellaneda-2022-500x291.jpg 500w\" sizes=\"auto, (max-width: 880px) 100vw, 880px\" \/><\/a><\/figure>\n<\/div>\n\n\n<p>   En la \u00faltima sesi\u00f3n del HCD de Avellaneda, qued\u00f3 en evidencia que los concejales que integran el oficialismo, empezando por el Presidente del HCD Hugo Barrueco, son unos ignorantes y c\u00f3mplices de delitos tipificados en la Ley, pero que para el bloque del oficialismo se justifica en la situaci\u00f3n econ\u00f3mica.<\/p>\n\n\n\n<p>Los medios locales, c\u00f3mplices de los pol\u00edticos de turno en lugar de informar a los vecinos se limitan solo a  contar el relato que los que les pagan la pauta les bajan, as\u00ed tanto de un lado como del otro, falta informaci\u00f3n real.<\/p>\n\n\n\n<p>Que dijeron los medios sobre el NO tratamiento de la prohibici\u00f3n de la tracci\u00f3n a sangre en Avellaneda:<\/p>\n\n\n\n<p><strong><em>La sesi\u00f3n se atras\u00f3 hasta las 12:40 debido a que afuera del recinto se manifestaron integrantes del Movimiento de Trabajadores Excluidos (MTE) para pedir que no se trate el expediente impulsado por Juntos sobre la prohibici\u00f3n de la tracci\u00f3n a sangre en el distrito. Tambi\u00e9n estaban presentes representantes de asociaciones proteccionistas de animales.<br><\/em><\/strong><br><strong><em>En ese marco, concejales del oficialismo y la oposici\u00f3n salieron a dialogar con los referentes del MTE como el presidente del bloque de concejales de Juntos, Maximiliano Gallucci, y la edil del Frente de Todos Mar\u00eda Alba Gonz\u00e1lez. Acordaron postergar el tratamiento del expediente para que vuelva a comisi\u00f3n y que la semana que viene se junten todos en una reuni\u00f3n para conocer la postura del Movimiento de Trabajadores.<br><\/em><\/strong><br><strong><em>De la sesi\u00f3n participaron todos los ediles del Frente de Todos mientras que por Juntos falt\u00f3 Orlando Machado y el representante del bloque de \u201cAvellaneda Puede\u201d, Lucas Yacob, pidi\u00f3 licencia por problemas personales y su lugar lo tom\u00f3 Yesica Arga\u00f1araz.<\/em><\/strong><\/p>\n\n\n\n<p>Bueno la realidad es que no hay inter\u00e9s genuino de parte de los concejales de prohibir la tracci\u00f3n a sangre y llama mucho la atenci\u00f3n de que el bloque que preside Maximiliano Gallucci, que lo integran varios abogados, no hayan recurrido a la justicia para que se cumpla la Ley y se termine con la explotaci\u00f3n de los equinos y los menores que suelen ir en los carros, exponi\u00e9ndose a riesgos por las condiciones de vulnerabilidad en la que se los lleva.<\/p>\n\n\n\n<p>Para comenzar, el MTE y el supuesto gremio de carreros que no es tal, no tienen legitimidad ni legalidad alguna para pretender imponer su voluntad, de hecho en Avellaneda, con la complicidad del municipio se han apropiado de f\u00e1bricas, terrenos y viviendas, junto a supuestas agrupaciones de f\u00e1bricas recuperadas, pero todas con mismos referentes y conductores, en sus marchas y reclamos dicen sostener a los excluidos y bancar \u00abollas populares\u00bb cuando en realidad son parte de unos millonarios negocios inmobiliarios motorizados por pol\u00edticos como el senador provincial Emmanuel Gonz\u00e1lez Santalla, quien tiene un record de proyectos para expropiar inmuebles, la mayor\u00eda de ellos en el partido de Avellaneda, por los cuales el municipio ha gastado millones de d\u00f3lares y han tenido muchos de ellos como destino ser usados por agrupaciones pol\u00edticas y no en beneficio de todos los vecinos.<\/p>\n\n\n\n<p>Incluso, los movilizadores de estas agrupaciones ni siquiera viven en Avellaneda, lo que deja en evidencia que la supuesta lucha no es por sus vecinos, sino por sus socios pol\u00edticos, hay impresentables que han encontrado en la pobreza negocios excelentes.<\/p>\n\n\n\n<p>Pero esto ocurre con la complicidad del cuerpo de delegados completo, porque Juntos por el Cambio deja que hagan un negocio millonario con el reciclado, mientras ellos tienen un negocio superior con el tratamiento de la basura patol\u00f3gica que llega del exterior a la Argentina.<\/p>\n\n\n\n<p>Si supuestamente estas agrupaciones viven de huertas y otras actividades, no se justifica entonces que sigan pidiendo por el trabajo de los carreros, la humanidad evolucion\u00f3 y es necesario terminar con el maltrato animal, existen los carros que pueden empujar una persona, bicicletas y hasta motos para la actividad, bien podr\u00edan compartir una parte de sus millonarias ganancias con los excluidos que dicen defender.<\/p>\n\n\n\n<p><\/p>\n\n\n\n<p>Por Marcelo Ricardo Hawrylciw<\/p>\n","protected":false},"excerpt":{"rendered":"<p>En la \u00faltima sesi\u00f3n del HCD de Avellaneda, qued\u00f3 en evidencia que los concejales que integran el oficialismo, empezando por el Presidente del HCD Hugo Barrueco, son unos ignorantes y c\u00f3mplices de delitos tipificados en la Ley, pero que para el bloque del oficialismo se justifica en la situaci\u00f3n econ\u00f3mica. Los medios locales, c\u00f3mplices de&hellip;<\/p>\n","protected":false},"author":1,"featured_media":115468,"comment_status":"open","ping_status":"open","sticky":false,"template":"","format":"standard","meta":{"footnotes":""},"categories":[10],"tags":[461,11729,2450,19428,17603,5066,33828,1393,37840,6771],"class_list":["post-115467","post","type-post","status-publish","format-standard","has-post-thumbnail","hentry","category-editorial","tag-avellaneda","tag-concejales","tag-diario-el-sindical","tag-hcd-avellaneda","tag-hugo-barrueco","tag-mte","tag-no-mas-tas","tag-prohibicion","tag-sindicato-de-carreros","tag-traccion-a-sangre"],"_links":{"self":[{"href":"https:\/\/www.elsindical.com.ar\/notas\/wp-json\/wp\/v2\/posts\/115467","targetHints":{"allow":["GET"]}}],"collection":[{"href":"https:\/\/www.elsindical.com.ar\/notas\/wp-json\/wp\/v2\/posts"}],"about":[{"href":"https:\/\/www.elsindical.com.ar\/notas\/wp-json\/wp\/v2\/types\/post"}],"author":[{"embeddable":true,"href":"https:\/\/www.elsindical.com.ar\/notas\/wp-json\/wp\/v2\/users\/1"}],"replies":[{"embeddable":true,"href":"https:\/\/www.elsindical.com.ar\/notas\/wp-json\/wp\/v2\/comments?post=115467"}],"version-history":[{"count":1,"href":"https:\/\/www.elsindical.com.ar\/notas\/wp-json\/wp\/v2\/posts\/115467\/revisions"}],"predecessor-version":[{"id":115469,"href":"https:\/\/www.elsindical.com.ar\/notas\/wp-json\/wp\/v2\/posts\/115467\/revisions\/115469"}],"wp:featuredmedia":[{"embeddable":true,"href":"https:\/\/www.elsindical.com.ar\/notas\/wp-json\/wp\/v2\/media\/115468"}],"wp:attachment":[{"href":"https:\/\/www.elsindical.com.ar\/notas\/wp-json\/wp\/v2\/media?parent=115467"}],"wp:term":[{"taxonomy":"category","embeddable":true,"href":"https:\/\/www.elsindical.com.ar\/notas\/wp-json\/wp\/v2\/categories?post=115467"},{"taxonomy":"post_tag","embeddable":true,"href":"https:\/\/www.elsindical.com.ar\/notas\/wp-json\/wp\/v2\/tags?post=115467"}],"curies":[{"name":"wp","href":"https:\/\/api.w.org\/{rel}","templated":true}]}}