{"id":115237,"date":"2022-07-21T22:18:40","date_gmt":"2022-07-22T01:18:40","guid":{"rendered":"https:\/\/www.elsindical.com.ar\/notas\/?p=115237"},"modified":"2022-07-21T22:22:57","modified_gmt":"2022-07-22T01:22:57","slug":"aldo-rico-quiere-volver-a-pintarse-la-cara","status":"publish","type":"post","link":"https:\/\/www.elsindical.com.ar\/notas\/aldo-rico-quiere-volver-a-pintarse-la-cara\/","title":{"rendered":"Aldo Rico quiere volver a pintarse la cara"},"content":{"rendered":"<div class=\"wp-block-image\">\n<figure class=\"aligncenter size-full\"><a href=\"https:\/\/www.elsindical.com.ar\/notas\/var\/www\/html\/notas\/wp-content\/uploads\/2022\/07\/Rico-convocatoria-a-reunion.jpg\"><img loading=\"lazy\" decoding=\"async\" width=\"605\" height=\"945\" src=\"https:\/\/www.elsindical.com.ar\/notas\/var\/www\/html\/notas\/wp-content\/uploads\/2022\/07\/Rico-convocatoria-a-reunion.jpg\" alt=\"\" class=\"wp-image-115238\" srcset=\"https:\/\/www.elsindical.com.ar\/notas\/var\/www\/html\/notas\/wp-content\/uploads\/2022\/07\/Rico-convocatoria-a-reunion.jpg 605w, https:\/\/www.elsindical.com.ar\/notas\/var\/www\/html\/notas\/wp-content\/uploads\/2022\/07\/Rico-convocatoria-a-reunion-192x300.jpg 192w\" sizes=\"auto, (max-width: 605px) 100vw, 605px\" \/><\/a><\/figure>\n<\/div>\n\n\n<p>   Dicen que la gente no cambia y que a la larga terminan mostrando su verdadera esencia, bueno, Aldo Rico aprovechando las desafortunadas e irresponsables palabras de Juan Grabois al criticar las pol\u00edticas del gobierno y decir que quer\u00edan sangre en las calles, redobla la apuesta y en un video llama a una reuni\u00f3n antes del combate.<\/p>\n\n\n\n<p>Bue, el bolu que faltaba, de un lado y del otro calentando el humor social, digo, Aldo Rico, ya no est\u00e1s grande para volver a pintarte la cara?, no te alcanz\u00f3 la verg\u00fcenza de ir a Malvinas y rendirte como hacen los cobardes, volviste y te pintaste la cara para volver a rendirte, te juzgaron y degradaron pero segu\u00eds jugando al militar h\u00e9roe. Fuiste de los peores ministros de seguridad en la provincia de Buenos Aires, renunciaste volviendo a fracazar. Los jefes de tu partido tuvieron causas penales para un C\u00f3digo Penal completo, incluyendo drogas y prostituci\u00f3n. Ra\u00fal Castells un tipo com\u00fan, te durmi\u00f3 de un golpe en la puerta del Congreso de la Naci\u00f3n, a vos, super comando, dejando en evidencia que siempre fuiste una mentira.<\/p>\n\n\n\n<p>Sos muy gracioso como generador de memes, pero de verdad est\u00e1s grande para convocar a una \u00abreuni\u00f3n\u00bb antes del combate, \u00bfno te alcanzaron los fracasos en tu vida?<\/p>\n\n\n\n<p>Argentina va camino a la Anarqu\u00eda por culpa de un presidente que siempre lo dijo y lo afirmo es un tibio y d\u00e9bil.<\/p>\n\n\n\n<p>Ser\u00eda muy sano que un Fiscal vea el video y cite a Aldo Rico para que declare y se evalu\u00e9 la posible comisi\u00f3n de delitos.<\/p>\n\n\n\n<figure class=\"wp-block-embed is-type-video is-provider-youtube wp-block-embed-youtube wp-embed-aspect-16-9 wp-has-aspect-ratio\"><div class=\"wp-block-embed__wrapper\">\n<iframe loading=\"lazy\" title=\"Rico llama a reuni\u00f3n antes del combate\" width=\"700\" height=\"394\" src=\"https:\/\/www.youtube.com\/embed\/LFm7A-9BM7c?feature=oembed\" frameborder=\"0\" allow=\"accelerometer; autoplay; clipboard-write; encrypted-media; gyroscope; picture-in-picture\" allowfullscreen><\/iframe>\n<\/div><\/figure>\n","protected":false},"excerpt":{"rendered":"<p>Dicen que la gente no cambia y que a la larga terminan mostrando su verdadera esencia, bueno, Aldo Rico aprovechando las desafortunadas e irresponsables palabras de Juan Grabois al criticar las pol\u00edticas del gobierno y decir que quer\u00edan sangre en las calles, redobla la apuesta y en un video llama a una reuni\u00f3n antes del&hellip;<\/p>\n","protected":false},"author":1,"featured_media":115238,"comment_status":"open","ping_status":"open","sticky":false,"template":"","format":"standard","meta":{"footnotes":""},"categories":[10],"tags":[5867,29458,2366,892,2450,2871,4336,22025,4043],"class_list":["post-115237","post","type-post","status-publish","format-standard","has-post-thumbnail","hentry","category-editorial","tag-aldo-rico","tag-cara-pintada","tag-combate","tag-delitos","tag-diario-el-sindical","tag-juan-grabois","tag-malvinas-argentinas","tag-politica","tag-reunion"],"_links":{"self":[{"href":"https:\/\/www.elsindical.com.ar\/notas\/wp-json\/wp\/v2\/posts\/115237","targetHints":{"allow":["GET"]}}],"collection":[{"href":"https:\/\/www.elsindical.com.ar\/notas\/wp-json\/wp\/v2\/posts"}],"about":[{"href":"https:\/\/www.elsindical.com.ar\/notas\/wp-json\/wp\/v2\/types\/post"}],"author":[{"embeddable":true,"href":"https:\/\/www.elsindical.com.ar\/notas\/wp-json\/wp\/v2\/users\/1"}],"replies":[{"embeddable":true,"href":"https:\/\/www.elsindical.com.ar\/notas\/wp-json\/wp\/v2\/comments?post=115237"}],"version-history":[{"count":2,"href":"https:\/\/www.elsindical.com.ar\/notas\/wp-json\/wp\/v2\/posts\/115237\/revisions"}],"predecessor-version":[{"id":115240,"href":"https:\/\/www.elsindical.com.ar\/notas\/wp-json\/wp\/v2\/posts\/115237\/revisions\/115240"}],"wp:featuredmedia":[{"embeddable":true,"href":"https:\/\/www.elsindical.com.ar\/notas\/wp-json\/wp\/v2\/media\/115238"}],"wp:attachment":[{"href":"https:\/\/www.elsindical.com.ar\/notas\/wp-json\/wp\/v2\/media?parent=115237"}],"wp:term":[{"taxonomy":"category","embeddable":true,"href":"https:\/\/www.elsindical.com.ar\/notas\/wp-json\/wp\/v2\/categories?post=115237"},{"taxonomy":"post_tag","embeddable":true,"href":"https:\/\/www.elsindical.com.ar\/notas\/wp-json\/wp\/v2\/tags?post=115237"}],"curies":[{"name":"wp","href":"https:\/\/api.w.org\/{rel}","templated":true}]}}