{"id":115234,"date":"2022-07-21T21:34:58","date_gmt":"2022-07-22T00:34:58","guid":{"rendered":"https:\/\/www.elsindical.com.ar\/notas\/?p=115234"},"modified":"2022-07-21T21:35:01","modified_gmt":"2022-07-22T00:35:01","slug":"maxi-gallucci-con-la-mecha-mojada","status":"publish","type":"post","link":"https:\/\/www.elsindical.com.ar\/notas\/maxi-gallucci-con-la-mecha-mojada\/","title":{"rendered":"Maxi Gallucci con la mecha mojada"},"content":{"rendered":"<div class=\"wp-block-image\">\n<figure class=\"aligncenter size-large\"><a href=\"https:\/\/www.elsindical.com.ar\/notas\/var\/www\/html\/notas\/wp-content\/uploads\/2022\/07\/Maxi-Gallucci.jpg\"><img loading=\"lazy\" decoding=\"async\" width=\"1024\" height=\"1024\" src=\"https:\/\/www.elsindical.com.ar\/notas\/var\/www\/html\/notas\/wp-content\/uploads\/2022\/07\/Maxi-Gallucci-1024x1024.jpg\" alt=\"\" class=\"wp-image-115235\" srcset=\"https:\/\/www.elsindical.com.ar\/notas\/var\/www\/html\/notas\/wp-content\/uploads\/2022\/07\/Maxi-Gallucci-1024x1024.jpg 1024w, https:\/\/www.elsindical.com.ar\/notas\/var\/www\/html\/notas\/wp-content\/uploads\/2022\/07\/Maxi-Gallucci-300x300.jpg 300w, https:\/\/www.elsindical.com.ar\/notas\/var\/www\/html\/notas\/wp-content\/uploads\/2022\/07\/Maxi-Gallucci-150x150.jpg 150w, https:\/\/www.elsindical.com.ar\/notas\/var\/www\/html\/notas\/wp-content\/uploads\/2022\/07\/Maxi-Gallucci-768x767.jpg 768w, https:\/\/www.elsindical.com.ar\/notas\/var\/www\/html\/notas\/wp-content\/uploads\/2022\/07\/Maxi-Gallucci-50x50.jpg 50w, https:\/\/www.elsindical.com.ar\/notas\/var\/www\/html\/notas\/wp-content\/uploads\/2022\/07\/Maxi-Gallucci.jpg 1440w\" sizes=\"auto, (max-width: 1024px) 100vw, 1024px\" \/><\/a><\/figure>\n<\/div>\n\n\n<p>   El concejal Maximiliano Gallucci sigue insistiendo con los posteos rid\u00edculos y como es de esperar, los vecinos no dejan pasar la oportunidad de burlarse de sus publicaciones, as\u00ed como recordarle su pasado como miembro de La C\u00e1mpora.<\/p>\n\n\n\n<p>Ya sin argumentos, ahora sus publicaciones no superan los dos p\u00e1rrafos y dice hablar con \u00ablos vecinos\u00bb seg\u00fan su propia foto son 3, pero bueno, algo es algo, eso s\u00ed para las burlas son muchos los que se anotan, si por lo menos fuera gracioso tendr\u00eda m\u00e1s votos.<\/p>\n\n\n\n<p>A esta altura surge una pregunta que deber\u00eda responder alg\u00fan dirigente del PRO, \u00bfes inteligente despilfarrar dinero en campa\u00f1as de personajes como Gallucci que son pianta votos?.<\/p>\n\n\n\n<p>Critica las tasas municipales de Avellaneda, imposta inter\u00e9s en la econom\u00eda de los vecinos, pero como todo en \u00e9l es una mentira, es el mismo personajes que cobraba tres sueldos elevados del Estado, el mismo directivo de la curtiembre de Sarand\u00ed que despidi\u00f3 a los trabajadores y no pagaron las indemnizaciones ni se pusieron al d\u00eda con los pagos.<\/p>\n\n\n\n<p>De yapa esa mirada tiene un no s\u00e9 qu\u00e9 &#8230;<\/p>\n\n\n\n<p>Por Marcelo Ricardo Hawrylciw<\/p>\n","protected":false},"excerpt":{"rendered":"<p>El concejal Maximiliano Gallucci sigue insistiendo con los posteos rid\u00edculos y como es de esperar, los vecinos no dejan pasar la oportunidad de burlarse de sus publicaciones, as\u00ed como recordarle su pasado como miembro de La C\u00e1mpora. Ya sin argumentos, ahora sus publicaciones no superan los dos p\u00e1rrafos y dice hablar con \u00ablos vecinos\u00bb seg\u00fan&hellip;<\/p>\n","protected":false},"author":1,"featured_media":115235,"comment_status":"open","ping_status":"open","sticky":false,"template":"","format":"standard","meta":{"footnotes":""},"categories":[10,13],"tags":[1754,461,53,2450,2520,31166,29304,328,2605,2330],"class_list":["post-115234","post","type-post","status-publish","format-standard","has-post-thumbnail","hentry","category-editorial","category-politica","tag-aumentos","tag-avellaneda","tag-despidos","tag-diario-el-sindical","tag-impuestos","tag-juntos-por-el-cambio","tag-maximiliano-gallucci","tag-pro","tag-redes-sociales","tag-sarandi"],"_links":{"self":[{"href":"https:\/\/www.elsindical.com.ar\/notas\/wp-json\/wp\/v2\/posts\/115234","targetHints":{"allow":["GET"]}}],"collection":[{"href":"https:\/\/www.elsindical.com.ar\/notas\/wp-json\/wp\/v2\/posts"}],"about":[{"href":"https:\/\/www.elsindical.com.ar\/notas\/wp-json\/wp\/v2\/types\/post"}],"author":[{"embeddable":true,"href":"https:\/\/www.elsindical.com.ar\/notas\/wp-json\/wp\/v2\/users\/1"}],"replies":[{"embeddable":true,"href":"https:\/\/www.elsindical.com.ar\/notas\/wp-json\/wp\/v2\/comments?post=115234"}],"version-history":[{"count":1,"href":"https:\/\/www.elsindical.com.ar\/notas\/wp-json\/wp\/v2\/posts\/115234\/revisions"}],"predecessor-version":[{"id":115236,"href":"https:\/\/www.elsindical.com.ar\/notas\/wp-json\/wp\/v2\/posts\/115234\/revisions\/115236"}],"wp:featuredmedia":[{"embeddable":true,"href":"https:\/\/www.elsindical.com.ar\/notas\/wp-json\/wp\/v2\/media\/115235"}],"wp:attachment":[{"href":"https:\/\/www.elsindical.com.ar\/notas\/wp-json\/wp\/v2\/media?parent=115234"}],"wp:term":[{"taxonomy":"category","embeddable":true,"href":"https:\/\/www.elsindical.com.ar\/notas\/wp-json\/wp\/v2\/categories?post=115234"},{"taxonomy":"post_tag","embeddable":true,"href":"https:\/\/www.elsindical.com.ar\/notas\/wp-json\/wp\/v2\/tags?post=115234"}],"curies":[{"name":"wp","href":"https:\/\/api.w.org\/{rel}","templated":true}]}}