{"id":115196,"date":"2022-07-20T01:28:23","date_gmt":"2022-07-20T04:28:23","guid":{"rendered":"https:\/\/www.elsindical.com.ar\/notas\/?p=115196"},"modified":"2022-07-20T01:40:28","modified_gmt":"2022-07-20T04:40:28","slug":"avellaneda-detuvieron-a-peligroso-violador-citaba-menores-por-redes-y-aplicaciones-online","status":"publish","type":"post","link":"https:\/\/www.elsindical.com.ar\/notas\/avellaneda-detuvieron-a-peligroso-violador-citaba-menores-por-redes-y-aplicaciones-online\/","title":{"rendered":"Avellaneda: Detuvieron a peligroso violador, citaba menores por redes y aplicaciones online"},"content":{"rendered":"<div class=\"wp-block-image\">\n<figure class=\"aligncenter size-full is-resized\"><a href=\"https:\/\/www.elsindical.com.ar\/notas\/var\/www\/html\/notas\/wp-content\/uploads\/2022\/07\/abusador-de-menor-en-Avellaneda.jpg\"><img loading=\"lazy\" decoding=\"async\" src=\"https:\/\/www.elsindical.com.ar\/notas\/var\/www\/html\/notas\/wp-content\/uploads\/2022\/07\/abusador-de-menor-en-Avellaneda.jpg\" alt=\"\" class=\"wp-image-115197\" width=\"772\" height=\"440\" srcset=\"https:\/\/www.elsindical.com.ar\/notas\/var\/www\/html\/notas\/wp-content\/uploads\/2022\/07\/abusador-de-menor-en-Avellaneda.jpg 630w, https:\/\/www.elsindical.com.ar\/notas\/var\/www\/html\/notas\/wp-content\/uploads\/2022\/07\/abusador-de-menor-en-Avellaneda-300x171.jpg 300w, https:\/\/www.elsindical.com.ar\/notas\/var\/www\/html\/notas\/wp-content\/uploads\/2022\/07\/abusador-de-menor-en-Avellaneda-500x285.jpg 500w, https:\/\/www.elsindical.com.ar\/notas\/var\/www\/html\/notas\/wp-content\/uploads\/2022\/07\/abusador-de-menor-en-Avellaneda-220x126.jpg 220w\" sizes=\"auto, (max-width: 772px) 100vw, 772px\" \/><\/a><\/figure>\n<\/div>\n\n\n<p class=\"wp-block-paragraph\">   Un peligroso violador fue noticia en los medios luego de ser detenido por personal de la Polic\u00eda Bonaerense, imputado por la violaci\u00f3n reiterada de una menor de 12 a\u00f1os en el partido de Avellaneda, luego de acordar una cita por una aplicaci\u00f3n de encuentros.<\/p>\n\n\n\n<p class=\"wp-block-paragraph\">El lunes el violador identificado como Julio Medina, de 45 a\u00f1os de edad, fue detenido luego de las investigaciones que permitieron llegar hasta su domicilio Ubicado en un predio de la Fuerza A\u00e9rea Argentina en Castelar, el mismo se movilizaba en un Peugeot 307 de color gris que fue el mismo que us\u00f3 para llevar a la menor y violarla.<\/p>\n\n\n\n<p class=\"wp-block-paragraph\">Seg\u00fan se pudo saber por fuentes judiciales, el imputado conoci\u00f3 a la menor Tiziana en una App Lovely para citas de solteros y si bien se aclara que la misma es para mayores de 17 a\u00f1os, se ignoran los motivos por los cuales la menor usaba la aplicaci\u00f3n, lugar donde mantuvo conversaciones como Medina.<\/p>\n\n\n\n<p class=\"wp-block-paragraph\">Que el encuentro entre la menor y el acusado fue a fines del mes de mayo del 2022, cuando en horas de la tarde la menor se encontr\u00f3 con Medina, subi\u00f3 a su auto y este la llev\u00f3 hasta las inmediaciones del Puente de la Boca en Dock Sud donde la viol\u00f3 reiteradas veces, por distintas v\u00edas, para posteriormente dejarla cerca de su domicilio y huir del lugar.<\/p>\n\n\n\n<p class=\"wp-block-paragraph\">Con los datos aportados por la menor y la denuncia de su madre se inici\u00f3 una investigaci\u00f3n que concluyo con la detenci\u00f3n de Medina quien resulta ser militar con el grado de Suboficial Auxiliar en actividad, con destino en el Ministerio de Defensa en la secci\u00f3n Comunicaciones e Inform\u00e1tica.<\/p>\n\n\n\n<p class=\"wp-block-paragraph\">Tras la denuncia, la UFI 2 a cargo de la Dra. Caraballal de Avellaneda avanz\u00f3 con una investigaci\u00f3n que logr\u00f3 identificar al acusado y luego detenerlo.<\/p>\n\n\n\n<p class=\"wp-block-paragraph\">El pervertido usaba en las redes sociales el nombre de <strong>Dar\u00edo<\/strong> y en p\u00e1ginas sexuales, de citas, videos o intercambios swingers usaba el usuario <strong>Darjaz<\/strong>, donde solicitaba mujeres j\u00f3venes para tr\u00edo con su novia, pidiendo que tengan perfil de pendeja.<\/p>\n","protected":false},"excerpt":{"rendered":"<p>Un peligroso violador fue noticia en los medios luego de ser detenido por personal de la Polic\u00eda Bonaerense, imputado por la violaci\u00f3n reiterada de una menor de 12 a\u00f1os en el partido de Avellaneda, luego de acordar una cita por una aplicaci\u00f3n de encuentros. El lunes el violador identificado como Julio Medina, de 45 a\u00f1os&hellip;<\/p>\n","protected":false},"author":1,"featured_media":115197,"comment_status":"open","ping_status":"open","sticky":false,"template":"","format":"standard","meta":{"footnotes":""},"categories":[22],"tags":[461,2450,5615,37758,309,8129,37757,539],"class_list":["post-115196","post","type-post","status-publish","format-standard","has-post-thumbnail","hentry","category-policiales","tag-avellaneda","tag-diario-el-sindical","tag-fuerza-aerea-argentina","tag-julio-medina","tag-militar","tag-ministerio-de-defensa","tag-ufi-2-avellaneda","tag-violador"],"_links":{"self":[{"href":"https:\/\/www.elsindical.com.ar\/notas\/wp-json\/wp\/v2\/posts\/115196","targetHints":{"allow":["GET"]}}],"collection":[{"href":"https:\/\/www.elsindical.com.ar\/notas\/wp-json\/wp\/v2\/posts"}],"about":[{"href":"https:\/\/www.elsindical.com.ar\/notas\/wp-json\/wp\/v2\/types\/post"}],"author":[{"embeddable":true,"href":"https:\/\/www.elsindical.com.ar\/notas\/wp-json\/wp\/v2\/users\/1"}],"replies":[{"embeddable":true,"href":"https:\/\/www.elsindical.com.ar\/notas\/wp-json\/wp\/v2\/comments?post=115196"}],"version-history":[{"count":2,"href":"https:\/\/www.elsindical.com.ar\/notas\/wp-json\/wp\/v2\/posts\/115196\/revisions"}],"predecessor-version":[{"id":115200,"href":"https:\/\/www.elsindical.com.ar\/notas\/wp-json\/wp\/v2\/posts\/115196\/revisions\/115200"}],"wp:featuredmedia":[{"embeddable":true,"href":"https:\/\/www.elsindical.com.ar\/notas\/wp-json\/wp\/v2\/media\/115197"}],"wp:attachment":[{"href":"https:\/\/www.elsindical.com.ar\/notas\/wp-json\/wp\/v2\/media?parent=115196"}],"wp:term":[{"taxonomy":"category","embeddable":true,"href":"https:\/\/www.elsindical.com.ar\/notas\/wp-json\/wp\/v2\/categories?post=115196"},{"taxonomy":"post_tag","embeddable":true,"href":"https:\/\/www.elsindical.com.ar\/notas\/wp-json\/wp\/v2\/tags?post=115196"}],"curies":[{"name":"wp","href":"https:\/\/api.w.org\/{rel}","templated":true}]}}